{"id":29169,"date":"2025-04-14T01:14:40","date_gmt":"2025-04-14T04:14:40","guid":{"rendered":"https:\/\/revistaepocadigital.com.ar\/?p=29169"},"modified":"2025-04-14T01:16:41","modified_gmt":"2025-04-14T04:16:41","slug":"nanni-ante-el-conflicto-por-las-elecciones-internas-en-el-peronismo","status":"publish","type":"post","link":"https:\/\/revistaepocadigital.com.ar\/?p=29169","title":{"rendered":"LA POSICI\u00d3N DE NANNI FRENTE AL CONFLICTO POR LAS ELECCIONES INTERNAS EN EL PERONISMO"},"content":{"rendered":"<p><strong>EL DESDOBLAMIENTO EN LA PROVINCIA.<\/strong><\/p>\n<p><em><strong>&#8220;No hay que mirarse el ombligo, hay pensar en cuestiones que piensa la gente&#8221;, <\/strong><\/em><strong>sostiene el jefe comunal<\/strong><em>.<\/em><!--more--><\/p>\n<p>&#8211;<strong>La crisis desatada en el justicialismo, centrada en la decisi\u00f3n del gobernador Axel Kicillof de desdoblar la fecha de las elecciones, lo que en los hechos ha enfrentado a Kicillof con Cristina Fern\u00e1ndez, \u00bfQu\u00e9 lectura ha hecho?<\/strong><\/p>\n<p>&#8211;<em>La decisi\u00f3n del gobernador de la provincia de Buenos Aires, la ha tomado en el uso de sus potestades como gobernador precisamente, a modo de regular la fecha de las elecciones, como lo han hecho otras provincias tambi\u00e9n y lo fundamenta por una cuesti\u00f3n muy l\u00f3gica que es la implementaci\u00f3n de dos sistemas para expresar el voto el d\u00eda de la elecci\u00f3n, o sea una urna en la cual se vota con una boleta dividida en dos cuerpos, en este caso de las elecciones de medio t\u00e9rmino, uno con candidatos a concejales y la otra con candidatos a legisladores provinciales y, en otra urna en otro lugar con una boleta de papel, votar para los cargos nacionales con una boleta que no conocemos y habr\u00e1 que trabajarlas en el mismo lugar para votar, donde habr\u00e1 que ir marcando cada elector su decisi\u00f3n. En este sentido, hay experiencias que indican en cuatro minutos por persona el tiempo que demanda votar, entonces en mesas por ejemplo con un padr\u00f3n de 350 personas, si votara un 75% bueno, estar\u00edan votando todo un d\u00eda. Ah\u00ed, se presentar\u00eda un escenario con gente cansada, algunos votando en una de las urnas y cansados de esperar se volver\u00edan a sus hogares, o tambi\u00e9n podr\u00eda ocurrir que no se entendiera la boleta de papel y se fastidiara tambi\u00e9n se fueran sin votar malhumorados por votar todo en un mismo d\u00eda<\/em><\/p>\n<p><em>Tampoco estamos sabiendo como armar una elecci\u00f3n as\u00ed si se hac\u00eda en un d\u00eda. Entonces, el gobernador muy acertadamente, entendi\u00f3 con sentido com\u00fan en un escenariodonde lka gente tiene que expresarse democr\u00e1ticamente, tiene que elegir y en esas condiciones, en la primera utilizaci\u00f3n de la boleta \u00fanica de papel, se entorpecer\u00eda todo. Entendemos que iba a ser complejo, en contrate con lo sostenido por el otro sector del peronismo que, en contraposici\u00f3n ha entendido que ese espacio peronista que sostiene que hay que dar una batalla ideol\u00f3gica a nivel pa\u00eds, por eso quieren elecciones el mismo d\u00eda. Pero no tiene nada que ver, ellos sostiene que algunos no podr\u00e1n militar de la misma manera si se vota en dos d\u00edas. Eso ser\u00eda dudar nuestros militantes, de su lealtad, y van detr\u00e1s de proponer y durar con una propuesta que batalla con decisiones que est\u00e1 adoptando el gobierno libertario de Milei y nosotros no lo entendemos de esa manera. Nuestro sector no entendemos a su vez, al Estado de una \u00fanica manera, un Estado bien presente a nivel nacional que ser\u00e1n planteadas en el Congreso partidario. Lo sostenido por el otro sector no se condice con el Congreso del partido, entonces el gobernador en forma acertada, sabiendo los dos modelos que se van a votar, uno apunta a estar presente en cuestiones fundamentales como la salud p\u00fablica, seguridad, obra p\u00fablica, y que si se extienden a todo el pa\u00eds y no se especula con lo que diga el mercado, trabajando codo el 7 de septiembre y en l\u00ednea con el modelo que quieren los argentinos, el gobernador da a la gente la posibilidad de expresarse con un sistema utilizado desde hace muchos a\u00f1os y siempre se ha votado bien, sin fraudes ni dudas. Por eso entiende que ir hacia otro sistema electoral, deparar\u00e1 muchos inconvenientes. Y reitero, el modelo nuestro es con el Estado presente y con el mercado privado, eso significa entre otras cosas adem\u00e1s, de atender y dar valor a cuestiones esenciales como las jubilaciones.<\/em><\/p>\n<p><strong>-Como intendente su posici\u00f3n es clara en apoyo a la decisi\u00f3n de Kicillof.<\/strong><\/p>\n<p>&#8211;<em>S\u00ed si, totalmente de acuerdo como acabo de mencionar, siempre defendiendo a un Estado que se ocupe de la salud, educaci\u00f3n, seguridad, atenci\u00f3n en hospitales municipales, provisi\u00f3n de remedios, que las tarifas p\u00fablicas que paguemos sean razones, que la importancia de obra p\u00fablica como es tan necesaria en Exaltaci\u00f3n de la Cruz, no se desatienda. Y en este sentido en el presente estamos muy preocupado por lo que podr\u00eda ocurrir en octubre o noviembre pr\u00f3ximos ante el fen\u00f3meno del Ni\u00f1o, con lluvias muy abundantes, y bueno para evitar consecuencias, desde el municipio venimos trabajando en el Arroyo de la Cruz, con un dragado y un canal aliviador que reduzca la posibilidad de inundaciones en Capilla del Se\u00f1or, del mismo modo trabajamos con sentido com\u00fan y sabiendo las necesidades de la gente para contar con redes de agua corriente, cloacas, rutas, un programa nacional para contar con rutas nacionales en buen estado, lo mismo caminos, accesos con luz. Por eso es importante que se vote como ha propuesto el gobernador, y as\u00ed atender tantas cosas de la interna y otras que el sector privado no atiende; no hay que mirarse el ombligo, y pensar en cuestiones que piensa la gente.<\/em><\/p>\n<p><strong>-\u00bfQue consecuencias pueden derivarse en el corto y mediano plazo, la fuerte pulseada entre Kicillof y Cristina Fern\u00e1ndez y sectores internos como La C\u00e1mpora, si hablamos del panorama pol\u00edtico en Exaltaci\u00f3n de la Cruz?<\/strong><\/p>\n<p><em>-Creo que hay que desdramatizar la pelea entre sectores peronistas; obviamente tiene que haber en el justicialismo, una mirada com\u00fan respecto a la pol\u00edtica que est\u00e1 llevando a cabo el actual presidente. No debe haber peleas por meros intereses de protagonismo, en lo que hay que batallar que es el bienestar de nuestra gente y que un conflicto no se de entre aquellos que piensan en que beneficiar a la gente es lo realmente importante, en vez de pensar cual ser\u00e1 el candidato o quien es el que mas conviene o que lista es la conveniente para &#8220;acomodarse&#8221; o bien en que lista conviene m\u00e1s candidatearse. Bueno, esas situaciones son las que a la gente no le interesa para nada y que nosotros vamos a desestimar, por nuestra parte, estamos preocupados por tarifazos, la falta de trabajo, jubilados muy mal remunerados, remedios que no son otorgados a quienes los necesitan, la salud p\u00fablica nos preocupa mucho porque est\u00e1 cada vez peor, insumos, salarios que no alcanzan para una vida con c<\/em>ierta comodidad como los argentinos merecen, y nos alarman los problemas estructurales.<\/p>\n<p><em>Yo respecto a las diferencias planteadas en el peronismo entre militantes, tiene que ver con el agite que militantes le den. Ac\u00e1 en Exaltaci\u00f3n de la Cruz, nosotros hemos invitado a todos los militantes y abriremos el espectro para militantes de otros partidos pol\u00edticos, para que se sumen los que tengan ideas similares a la nuestra, y vamos a esquivar las peleas partidarias que no llevan a nada. As\u00ed luego se ver\u00e1 quienes viven mir\u00e1ndose el ombligo y pensando en cosas que no tiene que ver con la gente y no miran las necesidades que pasan tantos argentinos<\/em>.<\/p>\n","protected":false},"excerpt":{"rendered":"<p>EL DESDOBLAMIENTO EN LA PROVINCIA. &#8220;No hay que mirarse el ombligo, hay pensar en cuestiones que piensa la gente&#8221;, sostiene el jefe comunal.<\/p>\n","protected":false},"author":4,"featured_media":29171,"comment_status":"open","ping_status":"open","sticky":false,"template":"","format":"standard","meta":{"footnotes":"","jetpack_publicize_message":"","jetpack_publicize_feature_enabled":true,"jetpack_social_post_already_shared":true,"jetpack_social_options":{"image_generator_settings":{"template":"highway","default_image_id":0,"font":"","enabled":false},"version":2}},"categories":[17],"tags":[2996,3135,66],"class_list":["post-29169","post","type-post","status-publish","format-standard","has-post-thumbnail","hentry","category-politica","tag-2996","tag-desdoblamiento-elecciones-justicialismo","tag-nanni"],"jetpack_publicize_connections":[],"jetpack_featured_media_url":"https:\/\/revistaepocadigital.com.ar\/wp-content\/uploads\/2025\/04\/NANNI-DIEG.jpg","jetpack_likes_enabled":true,"_links":{"self":[{"href":"https:\/\/revistaepocadigital.com.ar\/index.php?rest_route=\/wp\/v2\/posts\/29169","targetHints":{"allow":["GET"]}}],"collection":[{"href":"https:\/\/revistaepocadigital.com.ar\/index.php?rest_route=\/wp\/v2\/posts"}],"about":[{"href":"https:\/\/revistaepocadigital.com.ar\/index.php?rest_route=\/wp\/v2\/types\/post"}],"author":[{"embeddable":true,"href":"https:\/\/revistaepocadigital.com.ar\/index.php?rest_route=\/wp\/v2\/users\/4"}],"replies":[{"embeddable":true,"href":"https:\/\/revistaepocadigital.com.ar\/index.php?rest_route=%2Fwp%2Fv2%2Fcomments&post=29169"}],"version-history":[{"count":0,"href":"https:\/\/revistaepocadigital.com.ar\/index.php?rest_route=\/wp\/v2\/posts\/29169\/revisions"}],"wp:featuredmedia":[{"embeddable":true,"href":"https:\/\/revistaepocadigital.com.ar\/index.php?rest_route=\/wp\/v2\/media\/29171"}],"wp:attachment":[{"href":"https:\/\/revistaepocadigital.com.ar\/index.php?rest_route=%2Fwp%2Fv2%2Fmedia&parent=29169"}],"wp:term":[{"taxonomy":"category","embeddable":true,"href":"https:\/\/revistaepocadigital.com.ar\/index.php?rest_route=%2Fwp%2Fv2%2Fcategories&post=29169"},{"taxonomy":"post_tag","embeddable":true,"href":"https:\/\/revistaepocadigital.com.ar\/index.php?rest_route=%2Fwp%2Fv2%2Ftags&post=29169"}],"curies":[{"name":"wp","href":"https:\/\/api.w.org\/{rel}","templated":true}]}}