{"id":29183,"date":"2025-04-17T02:00:12","date_gmt":"2025-04-17T05:00:12","guid":{"rendered":"https:\/\/revistaepocadigital.com.ar\/?p=29183"},"modified":"2025-04-22T11:48:16","modified_gmt":"2025-04-22T14:48:16","slug":"cepral-fibra-optica-en-pavon-y-mantenimiento-redes-de-energia-de-media-y-baja-tension","status":"publish","type":"post","link":"https:\/\/revistaepocadigital.com.ar\/?p=29183","title":{"rendered":"CEPRAL. Fibra \u00d3ptica en Pav\u00f3n, y mantenimiento redes de energ\u00eda de Media y Baja Tensi\u00f3n.  Corte de luz"},"content":{"rendered":"<p>CORTE PROGRAMADO DE ENERG\u00cdA PARA EL MARTES 22 DE ABRIL DE 2025<\/p>\n<p>Estimados Usuarios<\/p>\n<p>Comunicamos que ma\u00f1ana MARTES 22\/04\/25, se realiza un corte de energ\u00eda, por tareas de mantenimiento sobre la Red de Media Tensi\u00f3n, en el tramos de la ruta N\u00b0 192 hacia Capilla del Se\u00f1or.<\/p>\n<p>El mismo afecta a 400 usuarios de los barrios: Arroyo de la Cruz, Altos de Ca\u00f1ad\u00f3n, Capilla Polo, Chacras de Robles y todos los callejones aleda\u00f1os, como as\u00ed tambi\u00e9n a establecimientos agr\u00edcolas, entre otros.<\/p>\n<p>Martes (22\/04\/25) corte programado de 08:30 hs. a 11:30hs. (Aproximadamente).<\/p>\n<p>Si el tiempo se torna inestable, se re-programar\u00e1n las tareas para otro d\u00eda.<\/p>\n<p>\u00a1Muchas Gracias!<\/p>\n<p>Consejo de Administraci\u00f3n<\/p>\n<p>CEPRAL<\/p>\n<hr \/>\n<table class=\"yiv7942031112r3-o\" role=\"presentation\" border=\"0\" width=\"100%\" cellspacing=\"0\" cellpadding=\"0\" align=\"center\">\n<tbody>\n<tr>\n<td class=\"yiv7942031112r4-i\">\n<table role=\"presentation\" border=\"0\" width=\"100%\" cellspacing=\"0\" cellpadding=\"0\">\n<tbody>\n<tr>\n<th class=\"yiv7942031112r5-c\" valign=\"top\" width=\"100%\">\n<table class=\"yiv7942031112r9-o\" role=\"presentation\" border=\"0\" width=\"100%\" cellspacing=\"0\" cellpadding=\"0\" align=\"left\">\n<tbody>\n<tr>\n<td class=\"yiv7942031112r10-i yiv7942031112nl2go-default-textstyle\" valign=\"top\">\n<div>\n<p>EL INFORME DEL CONSEJO DE ADMINISTRACI\u00d3N.<!--more--><\/p>\n<p><strong>En las \u00faltimas semanas hemos comenzado con las tareas de tendido del trazado de la red de Fibra \u00d3ptica en el barrio de Pav\u00f3n, y estar\u00e1 disponible a partir de la <\/strong><strong>PRIMERA SEMANA DE MAYO<\/strong><strong>\u00a0(consulte planes y precios)<\/strong><\/p>\n<p>Continuamos con las tareas de mantenimiento de las redes de Media y Baja Tensi\u00f3n en diversas zonas de nuestra \u00e1rea de concesi\u00f3n, mientras avanzamos en la instalaci\u00f3n de\u00a0<strong>dispositivos de telemedici\u00f3n para monitorear de manera remota y en tiempo real el estado del Servicio El\u00e9ctrico<\/strong>\u00a0en cada uno de nuestros barrios.<\/p>\n<p>Comunicamos que\u00a0<strong>con motivo de las celebraciones de Semana Santa \u00a0el jueves 17 y \u00a0viernes 18 de abril la Cooperativa permanec\u00eda cerrada, con guardias m\u00ednimas de cada servicio.<\/strong><\/p>\n<\/div>\n<\/td>\n<\/tr>\n<\/tbody>\n<\/table>\n<table class=\"yiv7942031112r3-o\" role=\"presentation\" border=\"0\" width=\"550\" cellspacing=\"0\" cellpadding=\"0\" align=\"center\">\n<tbody>\n<tr>\n<td class=\"yiv7942031112r11-i\">\n<table role=\"presentation\" border=\"0\" width=\"100%\" cellspacing=\"0\" cellpadding=\"0\">\n<tbody>\n<tr>\n<td>\n<table class=\"yiv7942031112r11-i\" role=\"presentation\" border=\"0\" width=\"100%\" cellspacing=\"0\" cellpadding=\"0\">\n<tbody>\n<tr>\n<td height=\"0\">\u00ad<\/td>\n<\/tr>\n<\/tbody>\n<\/table>\n<\/td>\n<\/tr>\n<\/tbody>\n<\/table>\n<\/td>\n<\/tr>\n<\/tbody>\n<\/table>\n<table class=\"yiv7942031112r12-o\" role=\"presentation\" border=\"0\" width=\"550\" cellspacing=\"0\" cellpadding=\"0\" align=\"center\">\n<tbody>\n<tr>\n<td class=\"yiv7942031112r13-i\"><img decoding=\"async\" src=\"https:\/\/ecp.yusercontent.com\/mail?url=https%3A%2F%2F41sau.img.sp1-brevo.net%2Fim%2Fsh%2FjNfjsyfXaSi8.jpg%3Fu%3DWtVElij8PJZGdKGqfz9i99ZhF2tgHvTG&amp;t=1744865201&amp;ymreqid=a1e28384-e738-286e-1c4f-8f004601c500&amp;sig=X5z9mPUadA1HHKPssZATxg--~D\" width=\"550\" border=\"0\" \/><\/td>\n<\/tr>\n<\/tbody>\n<\/table>\n<table class=\"yiv7942031112r9-o\" role=\"presentation\" border=\"0\" width=\"100%\" cellspacing=\"0\" cellpadding=\"0\" align=\"left\">\n<tbody>\n<tr>\n<td class=\"yiv7942031112r14-i yiv7942031112nl2go-default-textstyle\" align=\"left\" valign=\"top\">\n<div>\n<p><strong>SERVICIO EL\u00c9CTRICO:<\/strong><\/p>\n<p><strong>\u00a0<\/strong>En el marco de nuestro plan de renovaci\u00f3n y mejoras, estuvimos realizando tareas de mantenimiento \u00a0correctivo en las redes de Media y Baja Tensi\u00f3n.<\/p>\n<p><strong>Red de Media Tensi\u00f3n\u00a0<\/strong><\/p>\n<p>\u2022 Se reemplazaron postes de madera por columnas nuevas de hormig\u00f3n en camino rural denominado Camino Ancho. \u00a0Esta red abastece el barrio Altos de Robles.<\/p>\n<p>Por otro lado, tambi\u00e9n se reemplazaron postes por columnas de hormig\u00f3n y seccionadores de la red de Media Tensi\u00f3n en un tramo de Jular\u00f3.<\/p>\n<\/div>\n<\/td>\n<\/tr>\n<\/tbody>\n<\/table>\n<table class=\"yiv7942031112r12-o\" role=\"presentation\" border=\"0\" width=\"550\" cellspacing=\"0\" cellpadding=\"0\" align=\"center\">\n<tbody>\n<tr>\n<td class=\"yiv7942031112r13-i\"><img decoding=\"async\" src=\"https:\/\/ecp.yusercontent.com\/mail?url=https%3A%2F%2F41sau.img.sp1-brevo.net%2Fim%2Fsh%2FgKJe255bG3Sz.jpg%3Fu%3DWtVElij8PJZGdmbYsPY4F4jxIsHVGfBK&amp;t=1744865201&amp;ymreqid=a1e28384-e738-286e-1c4f-8f004601c500&amp;sig=UIkncYOwR6O_JRM9Bta8HA--~D\" width=\"550\" border=\"0\" \/><\/td>\n<\/tr>\n<\/tbody>\n<\/table>\n<table class=\"yiv7942031112r9-o\" role=\"presentation\" border=\"0\" width=\"100%\" cellspacing=\"0\" cellpadding=\"0\" align=\"left\">\n<tbody>\n<tr>\n<td class=\"yiv7942031112r14-i yiv7942031112nl2go-default-textstyle\" align=\"left\" valign=\"top\">\n<div>\n<p><strong>Red en Baja Tensi\u00f3n\u00a0<\/strong><\/p>\n<p>\u2022 Continuamos con los<strong>\u00a0reemplazos de conductores a red nueva con cable preensamblado<\/strong>\u00a0en los barrios:\u00a0<strong>Parque Exaltaci\u00f3n, El Zorzal, Pav\u00f3n Sapra y La Verdad.\u00a0<\/strong><\/p>\n<p>Estas tareas se ir\u00e1n realizando, en lo posible, de manera continua\u00a0<strong>con el fin de ir renovando la red existente<\/strong>. \u00a0En muchos de los casos \u00a0han sido reparaciones provisorias debido a da\u00f1os ocasionados por \u00a0las \u00faltimas tormentas.<br \/>\nAl mismo tiempo,\u00a0<strong>continuamos instalando dispositivos de telemedici\u00f3n.<\/strong>\u00a0Esto nos permite\u00a0<strong>monitorear en tiempo real el Estado del Servicio en los domicilios<\/strong>, mientras que\u00a0<strong>a los usuarios los habilita tambi\u00e9n para chequear sus consumos y la tensi\u00f3n<\/strong>, ayud\u00e1ndonos a\u00a0<strong>detectar antes cualquier desperfecto\u00a0<\/strong>\u00a0que pudiera surgir.<\/p>\n<\/div>\n<\/td>\n<\/tr>\n<\/tbody>\n<\/table>\n<table class=\"yiv7942031112r3-o\" role=\"presentation\" border=\"0\" width=\"550\" cellspacing=\"0\" cellpadding=\"0\" align=\"center\">\n<tbody>\n<tr>\n<td class=\"yiv7942031112r11-i\">\n<table role=\"presentation\" border=\"0\" width=\"100%\" cellspacing=\"0\" cellpadding=\"0\">\n<tbody>\n<tr>\n<td>\n<table class=\"yiv7942031112r11-i\" role=\"presentation\" border=\"0\" width=\"100%\" cellspacing=\"0\" cellpadding=\"0\">\n<tbody>\n<tr>\n<td height=\"0\">\u00ad<\/td>\n<\/tr>\n<\/tbody>\n<\/table>\n<\/td>\n<\/tr>\n<\/tbody>\n<\/table>\n<\/td>\n<\/tr>\n<\/tbody>\n<\/table>\n<table class=\"yiv7942031112r12-o\" role=\"presentation\" border=\"0\" width=\"550\" cellspacing=\"0\" cellpadding=\"0\" align=\"center\">\n<tbody>\n<tr>\n<td class=\"yiv7942031112r13-i\"><img decoding=\"async\" src=\"https:\/\/ecp.yusercontent.com\/mail?url=https%3A%2F%2F41sau.img.sp1-brevo.net%2Fim%2Fsh%2Fjfjd0qL3qKpo.jpeg%3Fu%3DWtVElij8PJZGeEwH4pwQKzuDMhfKFOtO&amp;t=1744865201&amp;ymreqid=a1e28384-e738-286e-1c4f-8f004601c500&amp;sig=7rFHLyHCyY46zIfeJa2XhQ--~D\" width=\"550\" border=\"0\" \/><\/td>\n<\/tr>\n<\/tbody>\n<\/table>\n<table class=\"yiv7942031112r9-o\" role=\"presentation\" border=\"0\" width=\"100%\" cellspacing=\"0\" cellpadding=\"0\" align=\"left\">\n<tbody>\n<tr>\n<td class=\"yiv7942031112r15-i yiv7942031112nl2go-default-textstyle\" align=\"left\" valign=\"top\">\n<div>\n<p><strong>TELECOMUNICACIONES:<\/strong><\/p>\n<p>Contin\u00faan las tareas de tendido del cableado de la red de<strong>\u00a0Fibra \u00d3ptica en tu Hogar para brindar este Servicio en el barrio Pav\u00f3n.<\/strong><\/p>\n<p>Seguimos trabajando<strong>\u00a0<\/strong>para tener a<strong>\u00a0todos nuestros barrios conectados con Servicios de Telecomunicaciones con tecnolog\u00eda de avanzada<\/strong>\u00a0para<strong>\u00a0facilitarle su trabajo, estudios y posibilidades de esparcimiento<\/strong>.<\/p>\n<h1 class=\"yiv7942031112default-heading1\">Beneficios de la Fibra \u00d3ptica<\/h1>\n<p>La fibra \u00f3ptica ofrece m\u00faltiples ventajas frente a las conexiones tradicionales, como el ADSL o el cable coaxial. Entre estas ventajas se destacan:<\/p>\n<ul>\n<li>Velocidad de conexi\u00f3n: La fibra \u00f3ptica permite velocidades de descarga y subida significativamente superiores, garantizando una experiencia de navegaci\u00f3n fluida y sin interrupciones.<\/li>\n<li>Estabilidad: A diferencia de otras tecnolog\u00edas, la fibra \u00f3ptica es menos susceptible a interferencias externas, lo que resulta en una conexi\u00f3n m\u00e1s estable y confiable.<\/li>\n<li>Capacidad: Permite la conexi\u00f3n simult\u00e1nea de m\u00faltiples dispositivos sin p\u00e9rdida de calidad, ideal para hogares y empresas con alto consumo de datos.<\/li>\n<li>Futuro: La fibra \u00f3ptica es una tecnolog\u00eda preparada para soportar las demandas del futuro, siendo adaptable a nuevas mejoras y avances tecnol\u00f3gicos.<\/li>\n<\/ul>\n<\/div>\n<\/td>\n<\/tr>\n<\/tbody>\n<\/table>\n<table class=\"yiv7942031112r3-o\" role=\"presentation\" border=\"0\" width=\"550\" cellspacing=\"0\" cellpadding=\"0\" align=\"center\">\n<tbody>\n<tr>\n<td class=\"yiv7942031112r11-i\">\n<table role=\"presentation\" border=\"0\" width=\"100%\" cellspacing=\"0\" cellpadding=\"0\">\n<tbody>\n<tr>\n<td>\n<table class=\"yiv7942031112r11-i\" role=\"presentation\" border=\"0\" width=\"100%\" cellspacing=\"0\" cellpadding=\"0\">\n<tbody>\n<tr>\n<td height=\"0\">\u00ad<\/td>\n<\/tr>\n<\/tbody>\n<\/table>\n<\/td>\n<\/tr>\n<\/tbody>\n<\/table>\n<\/td>\n<\/tr>\n<\/tbody>\n<\/table>\n<table class=\"yiv7942031112r12-o\" role=\"presentation\" border=\"0\" width=\"550\" cellspacing=\"0\" cellpadding=\"0\" align=\"center\">\n<tbody>\n<tr>\n<td class=\"yiv7942031112r13-i\"><img decoding=\"async\" src=\"https:\/\/ecp.yusercontent.com\/mail?url=https%3A%2F%2F41sau.img.sp1-brevo.net%2Fim%2Fsh%2FBI5LdMLdbYfD.jpeg%3Fu%3DWtVElij8PJZGehGzHGKmQv4TQX39E8bS&amp;t=1744865201&amp;ymreqid=a1e28384-e738-286e-1c4f-8f004601c500&amp;sig=67ZNo.qKGQsdE0U0gSP2qA--~D\" width=\"550\" border=\"0\" \/><\/td>\n<\/tr>\n<\/tbody>\n<\/table>\n<table class=\"yiv7942031112r9-o\" role=\"presentation\" border=\"0\" width=\"100%\" cellspacing=\"0\" cellpadding=\"0\" align=\"left\">\n<tbody>\n<tr>\n<td class=\"yiv7942031112r16-i yiv7942031112nl2go-default-textstyle\" align=\"left\" valign=\"top\">\n<div>\n<p><strong>CAMPA\u00d1A DE PODA 2025<\/strong><\/p>\n<p>A partir de mayo y hasta finales de agosto se llevar\u00e1 a cabo la temporada de poda de este a\u00f1o.<\/p>\n<p>Una vez m\u00e1s, recordamos que\u00a0<strong>es responsabilidad de los vecinos frentistas \u00a0tomar los recaudos necesarios para evitar que las ramas de sus \u00e1rboles interfieran en la l\u00ednea de cableado<\/strong>.<\/p>\n<p>Recomendamos\u00a0<strong>realizar dichas tareas con personal id\u00f3neo y en caso de \u00e1rboles de gran tama\u00f1o, por favor \u00a0comunicarse previamente con nuestra Cooperativa para coordinar la bajada de los cables de la v\u00eda p\u00fablica<\/strong>.<\/p>\n<p><strong>De esta manera, evitaremos dejar a miles de hogares sin los Servicios de Electricidad y Telecomunicaciones<\/strong>, ante una posible ca\u00edda de \u00e1rboles o ramas.<\/p>\n<p><i><strong>\u00a1Si lo podemos evitar, no es accidente!<\/strong><\/i><\/p>\n<\/div>\n<\/td>\n<\/tr>\n<\/tbody>\n<\/table>\n<table class=\"yiv7942031112r3-o\" role=\"presentation\" border=\"0\" width=\"550\" cellspacing=\"0\" cellpadding=\"0\" align=\"center\">\n<tbody>\n<tr>\n<td class=\"yiv7942031112r11-i\">\n<table role=\"presentation\" border=\"0\" width=\"100%\" cellspacing=\"0\" cellpadding=\"0\">\n<tbody>\n<tr>\n<td>\n<table class=\"yiv7942031112r11-i\" role=\"presentation\" border=\"0\" width=\"100%\" cellspacing=\"0\" cellpadding=\"0\">\n<tbody>\n<tr>\n<td height=\"0\">\u00ad<\/td>\n<\/tr>\n<\/tbody>\n<\/table>\n<\/td>\n<\/tr>\n<\/tbody>\n<\/table>\n<\/td>\n<\/tr>\n<\/tbody>\n<\/table>\n<table class=\"yiv7942031112r12-o\" role=\"presentation\" border=\"0\" width=\"550\" cellspacing=\"0\" cellpadding=\"0\" align=\"center\">\n<tbody>\n<tr>\n<td class=\"yiv7942031112r13-i\"><img decoding=\"async\" src=\"https:\/\/ecp.yusercontent.com\/mail?url=https%3A%2F%2F41sau.img.sp1-brevo.net%2Fim%2Fsh%2FUR0ARVpNWw8j.png%3Fu%3DWtVElij8PJZGf9bhTgj8WqEjUMQyCsJW&amp;t=1744865201&amp;ymreqid=a1e28384-e738-286e-1c4f-8f004601c500&amp;sig=jRIj5D.sB9bc5aHytFoiaw--~D\" width=\"550\" border=\"0\" \/><\/td>\n<\/tr>\n<\/tbody>\n<\/table>\n<table class=\"yiv7942031112r9-o\" role=\"presentation\" border=\"0\" width=\"100%\" cellspacing=\"0\" cellpadding=\"0\" align=\"left\">\n<tbody>\n<tr>\n<td class=\"yiv7942031112r15-i yiv7942031112nl2go-default-textstyle\" align=\"left\" valign=\"top\">\n<div>\n<p><strong>Consult\u00e1 en nuestra Administraci\u00f3n si quer\u00e9s disfrutar ya del Servicio\u00a0<\/strong><\/p>\n<p><strong>CEPRAL + DGO.<\/strong><\/p>\n<\/div>\n<\/td>\n<\/tr>\n<\/tbody>\n<\/table>\n<\/th>\n<\/tr>\n<\/tbody>\n<\/table>\n<\/td>\n<\/tr>\n<\/tbody>\n<\/table>\n<p><!--more--><\/p>\n<table class=\"yiv7942031112r3-o\" role=\"presentation\" border=\"0\" width=\"100%\" cellspacing=\"0\" cellpadding=\"0\" align=\"center\">\n<tbody>\n<tr>\n<td class=\"yiv7942031112r4-i\">\n<table role=\"presentation\" border=\"0\" width=\"100%\" cellspacing=\"0\" cellpadding=\"0\">\n<tbody>\n<tr>\n<th class=\"yiv7942031112r5-c\" valign=\"top\" width=\"100%\">\n<table class=\"yiv7942031112r3-o\" role=\"presentation\" border=\"0\" width=\"550\" cellspacing=\"0\" cellpadding=\"0\" align=\"center\">\n<tbody>\n<tr>\n<td class=\"yiv7942031112r11-i\">\n<table role=\"presentation\" border=\"0\" width=\"100%\" cellspacing=\"0\" cellpadding=\"0\">\n<tbody>\n<tr>\n<td>\n<table class=\"yiv7942031112r11-i\" role=\"presentation\" border=\"0\" width=\"100%\" cellspacing=\"0\" cellpadding=\"0\">\n<tbody>\n<tr>\n<td height=\"0\">\u00ad<\/td>\n<\/tr>\n<\/tbody>\n<\/table>\n<\/td>\n<\/tr>\n<\/tbody>\n<\/table>\n<\/td>\n<\/tr>\n<\/tbody>\n<\/table>\n<\/th>\n<\/tr>\n<\/tbody>\n<\/table>\n<\/td>\n<\/tr>\n<\/tbody>\n<\/table>\n<table class=\"yiv7942031112r3-o\" role=\"presentation\" border=\"0\" width=\"100%\" cellspacing=\"0\" cellpadding=\"0\" align=\"center\">\n<tbody>\n<tr>\n<td class=\"yiv7942031112r17-i\">\n<table role=\"presentation\" border=\"0\" width=\"100%\" cellspacing=\"0\" cellpadding=\"0\">\n<tbody>\n<tr>\n<th class=\"yiv7942031112r5-c\" valign=\"top\" width=\"100%\">\n<table class=\"yiv7942031112r9-o\" role=\"presentation\" border=\"0\" width=\"100%\" cellspacing=\"0\" cellpadding=\"0\" align=\"left\">\n<tbody>\n<tr>\n<td class=\"yiv7942031112r10-i yiv7942031112nl2go-default-textstyle\" valign=\"top\">\n<div>\n<p>El Uso Racional de la Energ\u00eda El\u00e9ctrica nos beneficia a todos.<\/p>\n<\/div>\n<\/td>\n<\/tr>\n<\/tbody>\n<\/table>\n<\/th>\n<\/tr>\n<\/tbody>\n<\/table>\n<\/td>\n<\/tr>\n<\/tbody>\n<\/table>\n<table class=\"yiv7942031112r3-o\" role=\"presentation\" border=\"0\" width=\"100%\" cellspacing=\"0\" cellpadding=\"0\" align=\"center\">\n<tbody>\n<tr>\n<td class=\"yiv7942031112r18-i\">\n<table role=\"presentation\" border=\"0\" width=\"100%\" cellspacing=\"0\" cellpadding=\"0\">\n<tbody>\n<tr>\n<th class=\"yiv7942031112r5-c\" valign=\"top\" width=\"100%\">\n<table class=\"yiv7942031112r6-o\" role=\"presentation\" border=\"0\" width=\"100%\" cellspacing=\"0\" cellpadding=\"0\">\n<tbody>\n<tr>\n<td class=\"yiv7942031112r7-i\" valign=\"top\">\n<table role=\"presentation\" border=\"0\" width=\"100%\" cellspacing=\"0\" cellpadding=\"0\">\n<tbody>\n<tr>\n<td class=\"yiv7942031112r19-c\" align=\"left\"><\/td>\n<\/tr>\n<\/tbody>\n<\/table>\n<\/td>\n<\/tr>\n<\/tbody>\n<\/table>\n<\/th>\n<\/tr>\n<\/tbody>\n<\/table>\n<\/td>\n<\/tr>\n<\/tbody>\n<\/table>\n","protected":false},"excerpt":{"rendered":"<p>CORTE PROGRAMADO DE ENERG\u00cdA PARA EL MARTES 22 DE ABRIL DE 2025 Estimados Usuarios Comunicamos que ma\u00f1ana MARTES 22\/04\/25, se realiza un corte de energ\u00eda, por tareas de mantenimiento sobre la Red de Media Tensi\u00f3n, en el tramos de la ruta N\u00b0 192 hacia Capilla del Se\u00f1or. El mismo afecta a 400 usuarios de los [&hellip;]<\/p>\n","protected":false},"author":3,"featured_media":29184,"comment_status":"open","ping_status":"open","sticky":false,"template":"","format":"standard","meta":{"footnotes":"","jetpack_publicize_message":"","jetpack_publicize_feature_enabled":true,"jetpack_social_post_already_shared":true,"jetpack_social_options":{"image_generator_settings":{"template":"highway","default_image_id":0,"font":"","enabled":false},"version":2}},"categories":[5],"tags":[2086],"class_list":["post-29183","post","type-post","status-publish","format-standard","has-post-thumbnail","hentry","category-aqui-parada-robles","tag-cepral-informe"],"jetpack_publicize_connections":[],"jetpack_featured_media_url":"https:\/\/revistaepocadigital.com.ar\/wp-content\/uploads\/2025\/04\/mail.jpg","jetpack_likes_enabled":true,"_links":{"self":[{"href":"https:\/\/revistaepocadigital.com.ar\/index.php?rest_route=\/wp\/v2\/posts\/29183","targetHints":{"allow":["GET"]}}],"collection":[{"href":"https:\/\/revistaepocadigital.com.ar\/index.php?rest_route=\/wp\/v2\/posts"}],"about":[{"href":"https:\/\/revistaepocadigital.com.ar\/index.php?rest_route=\/wp\/v2\/types\/post"}],"author":[{"embeddable":true,"href":"https:\/\/revistaepocadigital.com.ar\/index.php?rest_route=\/wp\/v2\/users\/3"}],"replies":[{"embeddable":true,"href":"https:\/\/revistaepocadigital.com.ar\/index.php?rest_route=%2Fwp%2Fv2%2Fcomments&post=29183"}],"version-history":[{"count":0,"href":"https:\/\/revistaepocadigital.com.ar\/index.php?rest_route=\/wp\/v2\/posts\/29183\/revisions"}],"wp:featuredmedia":[{"embeddable":true,"href":"https:\/\/revistaepocadigital.com.ar\/index.php?rest_route=\/wp\/v2\/media\/29184"}],"wp:attachment":[{"href":"https:\/\/revistaepocadigital.com.ar\/index.php?rest_route=%2Fwp%2Fv2%2Fmedia&parent=29183"}],"wp:term":[{"taxonomy":"category","embeddable":true,"href":"https:\/\/revistaepocadigital.com.ar\/index.php?rest_route=%2Fwp%2Fv2%2Fcategories&post=29183"},{"taxonomy":"post_tag","embeddable":true,"href":"https:\/\/revistaepocadigital.com.ar\/index.php?rest_route=%2Fwp%2Fv2%2Ftags&post=29183"}],"curies":[{"name":"wp","href":"https:\/\/api.w.org\/{rel}","templated":true}]}}