{"id":29189,"date":"2025-04-17T18:31:17","date_gmt":"2025-04-17T21:31:17","guid":{"rendered":"https:\/\/revistaepocadigital.com.ar\/?p=29189"},"modified":"2025-04-22T21:24:58","modified_gmt":"2025-04-23T00:24:58","slug":"hay-que-abordar-el-deficit-habitacional-y-mejorar-viviendas-en-el-partido","status":"publish","type":"post","link":"https:\/\/revistaepocadigital.com.ar\/?p=29189","title":{"rendered":"Hay que abordar el d\u00e9ficit habitacional y mejorar viviendas en el partido"},"content":{"rendered":"<div class=\"html-div xdj266r x11i5rnm xat24cr x1mh8g0r xexx8yu x4uap5 x18d9i69 xkhd6sd\">\n<div class=\"html-div xdj266r x11i5rnm x1mh8g0r x18d9i69 x1cy8zhl x78zum5 x1q0g3np xod5an3 xz9dl7a x1ye3gou xn6708d\">\n<div class=\"html-div xdj266r x11i5rnm xat24cr x1mh8g0r xexx8yu x4uap5 x18d9i69 xkhd6sd x1iyjqo2 xeuugli\">\n<div class=\"x78zum5 xdt5ytf xz62fqu x16ldp7u\">\n<div class=\"xu06os2 x1ok221b\">\n<div class=\"html-div xdj266r x11i5rnm xat24cr x1mh8g0r xexx8yu x4uap5 x18d9i69 xkhd6sd\" data-ad-rendering-role=\"profile_name\"><\/div>\n<\/div>\n<div class=\"xu06os2 x1ok221b\">\n<div id=\"\u00abr4s\u00bb\" class=\"html-div xdj266r x11i5rnm xat24cr x1mh8g0r xexx8yu x4uap5 x18d9i69 xkhd6sd x1q0g3np\"><strong><span class=\"html-span xdj266r x11i5rnm xat24cr x1mh8g0r xexx8yu x4uap5 x18d9i69 xkhd6sd x1hl2dhg x16tdsg8 x1vvkbs\"><span class=\"xzpqnlu xjm9jq1 x6ikm8r x10wlt62 x10l6tqk x1i1rx1s\">\u00a0<\/span><span aria-hidden=\"true\"> \u00b7 OBJETIVOS PRINCIPALES.<\/span><\/span><\/strong><\/div>\n<\/div>\n<\/div>\n<\/div>\n<\/div>\n<\/div>\n<p><!--more--><\/p>\n<div class=\"html-div xdj266r x11i5rnm xat24cr x1mh8g0r xexx8yu x4uap5 x18d9i69 xkhd6sd\">\n<div class=\"html-div xdj266r x11i5rnm xat24cr x1mh8g0r xexx8yu x4uap5 x18d9i69 xkhd6sd\" dir=\"auto\">\n<div class=\"html-div xdj266r x11i5rnm xat24cr x1mh8g0r xexx8yu x4uap5 x18d9i69 xkhd6sd\" data-ad-rendering-role=\"story_message\">\n<div id=\"\u00abr4t\u00bb\" class=\"x1l90r2v x1iorvi4 x1ye3gou xn6708d\" data-ad-comet-preview=\"message\" data-ad-preview=\"message\">\n<div class=\"x78zum5 xdt5ytf xz62fqu x16ldp7u\">\n<div class=\"xu06os2 x1ok221b\">\n<div class=\"xdj266r x11i5rnm xat24cr x1mh8g0r x1vvkbs x126k92a\">\n<div dir=\"auto\">La Municipalidad de Exaltaci\u00f3n de la Cruz firm\u00f3 un convenio de colaboraci\u00f3n con las organizaciones FOVISEE y Weatherizers Without Borders. Dicho convenio fue elaborado con el objetivo de abordar el d\u00e9ficit habitacional cualitativo, y acompa\u00f1ar a las familias del distrito en el mejoramiento de sus viviendas, carencias de las m\u00e1s importantes padecidas en el partido y en todo el pa\u00eds.<\/div>\n<div dir=\"auto\"><\/div>\n<\/div>\n<div class=\"x11i5rnm xat24cr x1mh8g0r x1vvkbs xtlvy1s x126k92a\">\n<div dir=\"auto\">El convenio detall\u00f3 que se brindar\u00e1 asistencia t\u00e9cnica, diagn\u00f3sticos y capacitaciones sobre sustentabilidad habitacional, eficiencia energ\u00e9tica y condiciones de vivienda saludable, identificando problem\u00e1ticas como humedad, filtraciones, p\u00e9rdidas de energ\u00eda y otros factores que afectan la calidad de vida.<\/div>\n<\/div>\n<div dir=\"auto\"><img loading=\"lazy\" decoding=\"async\" class=\"aligncenter size-full wp-image-29193\" src=\"https:\/\/revistaepocadigital.com.ar\/wp-content\/uploads\/2025\/04\/nanni-sena-l.jpg\" alt=\"\" width=\"528\" height=\"396\" srcset=\"https:\/\/revistaepocadigital.com.ar\/wp-content\/uploads\/2025\/04\/nanni-sena-l.jpg 528w, https:\/\/revistaepocadigital.com.ar\/wp-content\/uploads\/2025\/04\/nanni-sena-l-300x225.jpg 300w, https:\/\/revistaepocadigital.com.ar\/wp-content\/uploads\/2025\/04\/nanni-sena-l-80x60.jpg 80w, https:\/\/revistaepocadigital.com.ar\/wp-content\/uploads\/2025\/04\/nanni-sena-l-160x120.jpg 160w, https:\/\/revistaepocadigital.com.ar\/wp-content\/uploads\/2025\/04\/nanni-sena-l-265x198.jpg 265w\" sizes=\"auto, (max-width: 528px) 100vw, 528px\" \/><\/div>\n<div class=\"x11i5rnm xat24cr x1mh8g0r x1vvkbs xtlvy1s x126k92a\">\n<div dir=\"auto\">El convenio fue acercado por el Lic. Nicol\u00e1s Maggio, Presidente y CEO de FOVISEE y WWB, presente en el anuncio, y compartiendo su experiencia en el desarrollo de viviendas m\u00e1s eficientes y seguras junto a Paula Florencia Milione, integrante de FOVISEE, quien aport\u00f3 su visi\u00f3n y compromiso que implica el importante acuerdo. A su vez, asisti\u00f3 el intendente Diego Nanni y tambi\u00e9n Karina Lencina, autora del proyecto, junto a Rosario Monz\u00f3n de la Direcci\u00f3n de Tierras, y Luc\u00eda Sena, Directora de Acci\u00f3n Social, dependiente de la Secretar\u00eda de Acci\u00f3n Social a cargo de Mariela Nanni. &#8220;El trabajo conjunto refuerza nuestro compromiso con una gesti\u00f3n, que pone en el centro a la calidad de vida de nuestros vecinos y vecinas, integrando salud, vivienda e inclusi\u00f3n energ\u00e9tica&#8221;, sostuvieron voceros del municipio.<\/div>\n<\/div>\n<\/div>\n<\/div>\n<\/div>\n<\/div>\n<\/div>\n<\/div>\n","protected":false},"excerpt":{"rendered":"<p>\u00a0 \u00b7 OBJETIVOS PRINCIPALES.<\/p>\n","protected":false},"author":3,"featured_media":29191,"comment_status":"open","ping_status":"open","sticky":false,"template":"","format":"standard","meta":{"footnotes":"","jetpack_publicize_message":"","jetpack_publicize_feature_enabled":true,"jetpack_social_post_already_shared":true,"jetpack_social_options":{"image_generator_settings":{"template":"highway","default_image_id":0,"font":"","enabled":false},"version":2}},"categories":[13],"tags":[726,3136],"class_list":["post-29189","post","type-post","status-publish","format-standard","has-post-thumbnail","hentry","category-interes-general","tag-convenio","tag-deficit-habitdacional"],"jetpack_publicize_connections":[],"jetpack_featured_media_url":"https:\/\/revistaepocadigital.com.ar\/wp-content\/uploads\/2025\/04\/8888.jpg","jetpack_likes_enabled":true,"_links":{"self":[{"href":"https:\/\/revistaepocadigital.com.ar\/index.php?rest_route=\/wp\/v2\/posts\/29189","targetHints":{"allow":["GET"]}}],"collection":[{"href":"https:\/\/revistaepocadigital.com.ar\/index.php?rest_route=\/wp\/v2\/posts"}],"about":[{"href":"https:\/\/revistaepocadigital.com.ar\/index.php?rest_route=\/wp\/v2\/types\/post"}],"author":[{"embeddable":true,"href":"https:\/\/revistaepocadigital.com.ar\/index.php?rest_route=\/wp\/v2\/users\/3"}],"replies":[{"embeddable":true,"href":"https:\/\/revistaepocadigital.com.ar\/index.php?rest_route=%2Fwp%2Fv2%2Fcomments&post=29189"}],"version-history":[{"count":0,"href":"https:\/\/revistaepocadigital.com.ar\/index.php?rest_route=\/wp\/v2\/posts\/29189\/revisions"}],"wp:featuredmedia":[{"embeddable":true,"href":"https:\/\/revistaepocadigital.com.ar\/index.php?rest_route=\/wp\/v2\/media\/29191"}],"wp:attachment":[{"href":"https:\/\/revistaepocadigital.com.ar\/index.php?rest_route=%2Fwp%2Fv2%2Fmedia&parent=29189"}],"wp:term":[{"taxonomy":"category","embeddable":true,"href":"https:\/\/revistaepocadigital.com.ar\/index.php?rest_route=%2Fwp%2Fv2%2Fcategories&post=29189"},{"taxonomy":"post_tag","embeddable":true,"href":"https:\/\/revistaepocadigital.com.ar\/index.php?rest_route=%2Fwp%2Fv2%2Ftags&post=29189"}],"curies":[{"name":"wp","href":"https:\/\/api.w.org\/{rel}","templated":true}]}}