{"id":29217,"date":"2025-04-21T11:06:01","date_gmt":"2025-04-21T14:06:01","guid":{"rendered":"https:\/\/revistaepocadigital.com.ar\/?p=29217"},"modified":"2025-04-21T11:07:11","modified_gmt":"2025-04-21T14:07:11","slug":"cinco-hitos-de-francisco-como-papa-que-logro-cambiar-en-la-iglesia-catolica-y-que-no-consiguio","status":"publish","type":"post","link":"https:\/\/revistaepocadigital.com.ar\/?p=29217","title":{"rendered":"Cinco hitos de Francisco como Papa, qu\u00e9 logr\u00f3 cambiar en la Iglesia Cat\u00f3lica y qu\u00e9 no consigui\u00f3"},"content":{"rendered":"<p>&nbsp;<\/p>\n<div class=\"bbc-1151pbn ebmt73l0\" dir=\"ltr\">\n<h4 id=\"content\" class=\"article-heading bbc-14gqcmb e1p3vdyi0\" tabindex=\"-1\"><strong>LA MUERTE DE FRANCISCO, EL PRIMER PAPA ARGENTINO Y LATINOAMERICANO DE LA HISTORIA.<\/strong><\/h4>\n<\/div>\n<p><!--more--><\/p>\n<p>&nbsp;<\/p>\n<figure class=\"bbc-1qn0xuy\">\n<div class=\"bbc-j1srjl\">\n<p>&nbsp;<\/p>\n<p class=\"bbc-by8ykd\" role=\"text\">\n<\/div>\n<\/figure>\n<section class=\"bbc-1vjaf6b\" role=\"region\" aria-labelledby=\"article-byline\">\n<pre>Informaci\u00f3n del art\u00edculo<\/pre>\n<ul class=\"bbc-1rvtlej\" role=\"list\">\n<li>\n<pre><span role=\"text\"><span class=\"bbc-m04vo2\">Autor,<\/span><span class=\"bbc-1ypcc2\">Veronica Smink y Ana Pais<\/span><\/span><\/pre>\n<\/li>\n<li>\n<pre><span role=\"text\"><span class=\"bbc-m04vo2\">T\u00edtulo del autor,<\/span><span class=\"bbc-1y5sx98\">BBC News Mundo, Cono Sur<\/span><\/span><\/pre>\n<\/li>\n<li><\/li>\n<\/ul>\n<\/section>\n<div class=\"bbc-19j92fr ebmt73l0\" dir=\"ltr\">\n<p class=\"bbc-hhl7in e17g058b0\" dir=\"ltr\"><b>Cuando el 13 de marzo de 2013 el argentino Jorge Bergoglio fue electo sucesor del papa Benedicto XVI, la imagen de la Iglesia se encontraba da\u00f1ada tras una sucesi\u00f3n de esc\u00e1ndalos de corrupci\u00f3n, abusos y conflictos internos.<\/b><\/p>\n<\/div>\n<div class=\"bbc-19j92fr ebmt73l0\" dir=\"ltr\">\n<p class=\"bbc-hhl7in e17g058b0\" dir=\"ltr\">Mucho se esperaba del nuevo Papa.<\/p>\n<\/div>\n<div class=\"bbc-19j92fr ebmt73l0\" dir=\"ltr\">\n<p class=\"bbc-hhl7in e17g058b0\" dir=\"ltr\">Pero hab\u00eda un problema: Bergoglio fue elegido con 76 a\u00f1os, uno m\u00e1s de lo que suelen tener los obispos cuando se retiran. Muchos, incluido \u00e9l mismo, cre\u00edan que el suyo ser\u00eda un papado corto.<\/p>\n<\/div>\n<div class=\"bbc-19j92fr ebmt73l0\" dir=\"ltr\">\n<p class=\"bbc-hhl7in e17g058b0\" dir=\"ltr\">El anuncio de su muerte este lunes 21 de abril, a los 88 a\u00f1os, puso fin a lo que terminaron siendo 12 a\u00f1os liderando desde el Vaticano.<\/p>\n<\/div>\n<div class=\"bbc-19j92fr ebmt73l0\" dir=\"ltr\">\n<p class=\"bbc-hhl7in e17g058b0\" dir=\"ltr\">&#8220;A las 7:35 de esta ma\u00f1ana (hora local), el Obispo de Roma, Francisco, regres\u00f3 a la casa del Padre. Dedic\u00f3 toda su vida al servicio del Se\u00f1or y de su Iglesia&#8221;, anunci\u00f3 m\u00e1s temprano la Santa Sede.<\/p>\n<\/div>\n<section class=\"bbc-1o3v5ug\" role=\"region\" data-e2e=\"recommendations-heading\" aria-labelledby=\"recommendations-heading\">\n<div class=\"bbc-bjn8wh eveec6k2\">\n<ul class=\"bbc-14m29r0\" role=\"list\">\n<li role=\"listitem\">\n<div class=\"bbc-qj66n0\" data-e2e=\"recommendations-wrapper\">\n<div class=\"bbc-i87o2a\">\n<div class=\"bbc-j1srjl\"><img decoding=\"async\" class=\"bbc-139onq\" src=\"https:\/\/ichef.bbci.co.uk\/ace\/ws\/660\/cpsprodpb\/13b6\/live\/9f0016c0-1e9c-11f0-b265-abe347419ae3.jpg.webp\" srcset=\"https:\/\/ichef.bbci.co.uk\/ace\/ws\/70\/cpsprodpb\/13b6\/live\/9f0016c0-1e9c-11f0-b265-abe347419ae3.jpg.webp 70w, https:\/\/ichef.bbci.co.uk\/ace\/ws\/95\/cpsprodpb\/13b6\/live\/9f0016c0-1e9c-11f0-b265-abe347419ae3.jpg.webp 95w, https:\/\/ichef.bbci.co.uk\/ace\/ws\/144\/cpsprodpb\/13b6\/live\/9f0016c0-1e9c-11f0-b265-abe347419ae3.jpg.webp 144w, https:\/\/ichef.bbci.co.uk\/ace\/ws\/183\/cpsprodpb\/13b6\/live\/9f0016c0-1e9c-11f0-b265-abe347419ae3.jpg.webp 183w, https:\/\/ichef.bbci.co.uk\/ace\/ws\/240\/cpsprodpb\/13b6\/live\/9f0016c0-1e9c-11f0-b265-abe347419ae3.jpg.webp 240w, https:\/\/ichef.bbci.co.uk\/ace\/ws\/320\/cpsprodpb\/13b6\/live\/9f0016c0-1e9c-11f0-b265-abe347419ae3.jpg.webp 320w, https:\/\/ichef.bbci.co.uk\/ace\/ws\/660\/cpsprodpb\/13b6\/live\/9f0016c0-1e9c-11f0-b265-abe347419ae3.jpg.webp 660w\" alt=\"Papa Francisco\" \/><\/div>\n<\/div>\n<div class=\"bbc-6cb6xm\">\n<div class=\"bbc-168bqjo\"><a class=\"bbc-7tw9s9\" href=\"https:\/\/www.bbc.com\/mundo\/articles\/cx2x3l4zm3yo\">Muere el papa Francisco, el primer latinoamericano en liderar la Iglesia cat\u00f3lica<\/a><\/div>\n<\/div>\n<\/div>\n<\/li>\n<li role=\"listitem\">\n<div class=\"bbc-qj66n0\" data-e2e=\"recommendations-wrapper\">\n<div class=\"bbc-i87o2a\">\n<div class=\"bbc-j1srjl\"><img decoding=\"async\" class=\"bbc-139onq\" src=\"https:\/\/ichef.bbci.co.uk\/ace\/ws\/660\/cpsprodpb\/8ca4\/live\/daf16200-1e98-11f0-80b3-83959215671c.jpg.webp\" srcset=\"https:\/\/ichef.bbci.co.uk\/ace\/ws\/70\/cpsprodpb\/8ca4\/live\/daf16200-1e98-11f0-80b3-83959215671c.jpg.webp 70w, https:\/\/ichef.bbci.co.uk\/ace\/ws\/95\/cpsprodpb\/8ca4\/live\/daf16200-1e98-11f0-80b3-83959215671c.jpg.webp 95w, https:\/\/ichef.bbci.co.uk\/ace\/ws\/144\/cpsprodpb\/8ca4\/live\/daf16200-1e98-11f0-80b3-83959215671c.jpg.webp 144w, https:\/\/ichef.bbci.co.uk\/ace\/ws\/183\/cpsprodpb\/8ca4\/live\/daf16200-1e98-11f0-80b3-83959215671c.jpg.webp 183w, https:\/\/ichef.bbci.co.uk\/ace\/ws\/240\/cpsprodpb\/8ca4\/live\/daf16200-1e98-11f0-80b3-83959215671c.jpg.webp 240w, https:\/\/ichef.bbci.co.uk\/ace\/ws\/320\/cpsprodpb\/8ca4\/live\/daf16200-1e98-11f0-80b3-83959215671c.jpg.webp 320w, https:\/\/ichef.bbci.co.uk\/ace\/ws\/660\/cpsprodpb\/8ca4\/live\/daf16200-1e98-11f0-80b3-83959215671c.jpg.webp 660w\" alt=\"Papa Francisco\" \/><\/div>\n<\/div>\n<div class=\"bbc-6cb6xm\">\n<div class=\"bbc-168bqjo\"><a class=\"bbc-7tw9s9\" href=\"https:\/\/www.bbc.com\/mundo\/articles\/cv2205e5jvvo\">La extraordinaria vida de Francisco, el Papa &#8220;ambivalente&#8221; que rechaz\u00f3 los lujos del Vaticano<\/a><\/div>\n<\/div>\n<\/div>\n<\/li>\n<li role=\"listitem\">\n<div class=\"bbc-qj66n0\" data-e2e=\"recommendations-wrapper\">\n<div class=\"bbc-i87o2a\">\n<div class=\"bbc-j1srjl\"><img decoding=\"async\" class=\"bbc-139onq\" src=\"https:\/\/ichef.bbci.co.uk\/ace\/ws\/660\/cpsprodpb\/dd47\/live\/12774d30-f4ae-11ef-a9ff-d3328815f4f5.jpg.webp\" srcset=\"https:\/\/ichef.bbci.co.uk\/ace\/ws\/70\/cpsprodpb\/dd47\/live\/12774d30-f4ae-11ef-a9ff-d3328815f4f5.jpg.webp 70w, https:\/\/ichef.bbci.co.uk\/ace\/ws\/95\/cpsprodpb\/dd47\/live\/12774d30-f4ae-11ef-a9ff-d3328815f4f5.jpg.webp 95w, https:\/\/ichef.bbci.co.uk\/ace\/ws\/144\/cpsprodpb\/dd47\/live\/12774d30-f4ae-11ef-a9ff-d3328815f4f5.jpg.webp 144w, https:\/\/ichef.bbci.co.uk\/ace\/ws\/183\/cpsprodpb\/dd47\/live\/12774d30-f4ae-11ef-a9ff-d3328815f4f5.jpg.webp 183w, https:\/\/ichef.bbci.co.uk\/ace\/ws\/240\/cpsprodpb\/dd47\/live\/12774d30-f4ae-11ef-a9ff-d3328815f4f5.jpg.webp 240w, https:\/\/ichef.bbci.co.uk\/ace\/ws\/320\/cpsprodpb\/dd47\/live\/12774d30-f4ae-11ef-a9ff-d3328815f4f5.jpg.webp 320w, https:\/\/ichef.bbci.co.uk\/ace\/ws\/660\/cpsprodpb\/dd47\/live\/12774d30-f4ae-11ef-a9ff-d3328815f4f5.jpg.webp 660w\" alt=\"El papa Francisco con una bandera argentina \" \/><\/div>\n<\/div>\n<div class=\"bbc-6cb6xm\">\n<div class=\"bbc-168bqjo\"><a class=\"bbc-7tw9s9\" href=\"https:\/\/www.bbc.com\/mundo\/articles\/c14jn4lynl6o\">Por qu\u00e9 el papa Francisco nunca viaj\u00f3 a Argentina en sus 12 a\u00f1os de papado (y qu\u00e9 dice esto de su compleja relaci\u00f3n con su pa\u00eds)<\/a><\/div>\n<\/div>\n<\/div>\n<\/li>\n<li role=\"listitem\">\n<div class=\"bbc-qj66n0\" data-e2e=\"recommendations-wrapper\">\n<div class=\"bbc-i87o2a\">\n<div class=\"bbc-j1srjl\"><\/div>\n<\/div>\n<div class=\"bbc-6cb6xm\">\n<div class=\"bbc-168bqjo\">A pesar de su edad, trabaj\u00f3 de forma incansable para difundir el mensaje de la Iglesia, recibiendo a l\u00edderes pol\u00edticos, religiosos y sociales en el Vaticano y viajando a m\u00e1s de 60 pa\u00edses.<\/div>\n<\/div>\n<\/div>\n<\/li>\n<\/ul>\n<\/div>\n<\/section>\n<div class=\"bbc-19j92fr ebmt73l0\" dir=\"ltr\">\n<p class=\"bbc-hhl7in e17g058b0\" dir=\"ltr\">Por su estilo novedoso, su car\u00e1cter c\u00e1lido y humilde, as\u00ed como sus planes de reforma, la revista\u00a0<i class=\"bbc-h1y5j7 eih42320\">Time<\/i>\u00a0lo eligi\u00f3 &#8220;persona del a\u00f1o&#8221; en 2013.<\/p>\n<\/div>\n<p dir=\"ltr\"><img decoding=\"async\" src=\"https:\/\/ichef.bbci.co.uk\/ace\/ws\/640\/cpsprodpb\/c631\/live\/fd54d9d0-f2ba-11ef-896e-d7e7fb1719a4.jpg.webp\" alt=\"El Papa Francisco liberando una paloma blanca\" \/><\/p>\n<div class=\"bbc-19j92fr ebmt73l0\" dir=\"ltr\">\n<p class=\"bbc-hhl7in e17g058b0\" dir=\"ltr\">Sin embargo, durante su papado tambi\u00e9n recibi\u00f3 fuertes cr\u00edticas tanto de los sectores conservadores, con los que se enfrent\u00f3, como de los m\u00e1s reformistas, que no quedaron satisfechos con sus cambios.<\/p>\n<\/div>\n<div class=\"bbc-19j92fr ebmt73l0\" dir=\"ltr\">\n<p class=\"bbc-hhl7in e17g058b0\" dir=\"ltr\">Aqu\u00ed te contamos los cinco mayores hitos del papado de Francisco y qu\u00e9 logr\u00f3 cambiar (y qu\u00e9 no) de la Iglesia cat\u00f3lica.<\/p>\n<\/div>\n<div class=\"bbc-19j92fr ebmt73l0\" dir=\"ltr\">\n<h2 id=\"1-El-primer-Papa-latinoamericano\" class=\"bbc-1lgzob2 eglt09e0\" tabindex=\"-1\">1. El primer Papa latinoamericano<\/h2>\n<\/div>\n<figure class=\"bbc-1qn0xuy\">\n<div class=\"bbc-18ywsw9\">\n<p><img loading=\"lazy\" decoding=\"async\" class=\"bbc-139onq\" src=\"https:\/\/ichef.bbci.co.uk\/ace\/ws\/640\/cpsprodpb\/ad39\/live\/534f7c60-f2e7-11ef-b42e-2dade53dd109.jpg.webp\" sizes=\"auto, (min-width: 1008px) 760px, 100vw\" srcset=\"https:\/\/ichef.bbci.co.uk\/ace\/ws\/240\/cpsprodpb\/ad39\/live\/534f7c60-f2e7-11ef-b42e-2dade53dd109.jpg.webp 240w, https:\/\/ichef.bbci.co.uk\/ace\/ws\/320\/cpsprodpb\/ad39\/live\/534f7c60-f2e7-11ef-b42e-2dade53dd109.jpg.webp 320w, https:\/\/ichef.bbci.co.uk\/ace\/ws\/480\/cpsprodpb\/ad39\/live\/534f7c60-f2e7-11ef-b42e-2dade53dd109.jpg.webp 480w, https:\/\/ichef.bbci.co.uk\/ace\/ws\/624\/cpsprodpb\/ad39\/live\/534f7c60-f2e7-11ef-b42e-2dade53dd109.jpg.webp 624w, https:\/\/ichef.bbci.co.uk\/ace\/ws\/800\/cpsprodpb\/ad39\/live\/534f7c60-f2e7-11ef-b42e-2dade53dd109.jpg.webp 800w\" alt=\"Bergoglio con la remera de San Lorenzo\" width=\"850\" height=\"850\" \/><\/p>\n<p class=\"bbc-by8ykd\" role=\"text\"><span class=\"bbc-m04vo2\">Fuente de la imagen,<\/span><span lang=\"en-GB\">Getty Images<\/span><\/p>\n<\/div><figcaption class=\"bbc-15f1ujd\" dir=\"ltr\"><span role=\"text\"><span class=\"bbc-m04vo2\">Pie de foto,<\/span><span data-testid=\"caption-paragraph\">Como buen argentino, nunca abandon\u00f3 su pasi\u00f3n por el f\u00fatbol y, en particular, por su equipo, San Lorenzo.<\/span><\/span><\/figcaption><\/figure>\n<div class=\"bbc-19j92fr ebmt73l0\" dir=\"ltr\">\n<p class=\"bbc-hhl7in e17g058b0\" dir=\"ltr\">Francisco fue el primer l\u00edder de la Iglesia cat\u00f3lica proveniente de un pa\u00eds latinoamericano.<\/p>\n<\/div>\n<div class=\"bbc-19j92fr ebmt73l0\" dir=\"ltr\">\n<p class=\"bbc-hhl7in e17g058b0\" dir=\"ltr\">Y no solo eso: tambi\u00e9n fue el primero de todo el continente americano y del hemisferio sur.<\/p>\n<\/div>\n<div class=\"bbc-19j92fr ebmt73l0\" dir=\"ltr\">\n<p class=\"bbc-hhl7in e17g058b0\" dir=\"ltr\">Su elecci\u00f3n cristaliz\u00f3 el gran cambio demogr\u00e1fico que atraves\u00f3 el catolicismo en el \u00faltimo siglo.<\/p>\n<\/div>\n<div class=\"bbc-19j92fr ebmt73l0\" dir=\"ltr\">\n<p class=\"bbc-hhl7in e17g058b0\" dir=\"ltr\">Mientras que en 1910 Europa albergaba a cerca de dos tercios de todos los cat\u00f3licos del mundo, hoy casi la mitad (48%) est\u00e1 en Am\u00e9rica, seg\u00fan datos de la Oficina Central de Estad\u00edstica de la Iglesia de 2022. De ellos, 28% est\u00e1n en Sudam\u00e9rica.<\/p>\n<\/div>\n<div class=\"bbc-19j92fr ebmt73l0\" dir=\"ltr\">\n<p class=\"bbc-hhl7in e17g058b0\" dir=\"ltr\">La nacionalidad de Francisco explica en parte su estilo cercano y su sentido del humor, dos caracter\u00edsticas personales que permearon a nivel estructural.<\/p>\n<\/div>\n<div class=\"bbc-19j92fr ebmt73l0\" dir=\"ltr\">\n<p class=\"bbc-hhl7in e17g058b0\" dir=\"ltr\">Francisco &#8220;cambi\u00f3 la forma en que se comunica el mensaje de la Iglesia cat\u00f3lica&#8221;, escribi\u00f3 Stan Chu Ilo, profesor especializado en cristianismo y estudios africanos de la Universidad DePaul (EE.UU.), en febrero en el portal acad\u00e9mico The Conversation.<\/p>\n<\/div>\n<div class=\"bbc-19j92fr ebmt73l0\" dir=\"ltr\">\n<p class=\"bbc-hhl7in e17g058b0\" dir=\"ltr\">Su estilo tambi\u00e9n fue clave para algunos de los hitos en pol\u00edtica internacional que protagoniz\u00f3, como su mediaci\u00f3n en el deshielo de relaciones entre Estados Unidos y Cuba. Eso lo llev\u00f3 a la isla en 2015 donde se reuni\u00f3 con Fidel Castro.<\/p>\n<\/div>\n<div class=\"bbc-19j92fr ebmt73l0\" dir=\"ltr\">\n<p class=\"bbc-hhl7in e17g058b0\" dir=\"ltr\">Pero este no fue su \u00fanico pasaje por Am\u00e9rica Latina.<\/p>\n<\/div>\n<figure class=\"bbc-1qn0xuy\">\n<div class=\"bbc-18ywsw9\">\n<p><img loading=\"lazy\" decoding=\"async\" class=\"bbc-139onq\" src=\"https:\/\/ichef.bbci.co.uk\/ace\/ws\/640\/cpsprodpb\/33b7\/live\/3ee71b90-f2f4-11ef-9e61-71ee71f26eb1.jpg.webp\" sizes=\"auto, (min-width: 1008px) 760px, 100vw\" srcset=\"https:\/\/ichef.bbci.co.uk\/ace\/ws\/240\/cpsprodpb\/33b7\/live\/3ee71b90-f2f4-11ef-9e61-71ee71f26eb1.jpg.webp 240w, https:\/\/ichef.bbci.co.uk\/ace\/ws\/320\/cpsprodpb\/33b7\/live\/3ee71b90-f2f4-11ef-9e61-71ee71f26eb1.jpg.webp 320w, https:\/\/ichef.bbci.co.uk\/ace\/ws\/480\/cpsprodpb\/33b7\/live\/3ee71b90-f2f4-11ef-9e61-71ee71f26eb1.jpg.webp 480w, https:\/\/ichef.bbci.co.uk\/ace\/ws\/624\/cpsprodpb\/33b7\/live\/3ee71b90-f2f4-11ef-9e61-71ee71f26eb1.jpg.webp 624w, https:\/\/ichef.bbci.co.uk\/ace\/ws\/800\/cpsprodpb\/33b7\/live\/3ee71b90-f2f4-11ef-9e61-71ee71f26eb1.jpg.webp 800w\" alt=\"El papa Francisco junto a una ni\u00f1a en Per\u00fa\" width=\"1024\" height=\"705\" \/><\/p>\n<p class=\"bbc-by8ykd\" role=\"text\"><span class=\"bbc-m04vo2\">Fuente de la imagen,<\/span><span lang=\"en-GB\">Getty Images<\/span><\/p>\n<\/div><figcaption class=\"bbc-15f1ujd\" dir=\"ltr\"><span role=\"text\"><span class=\"bbc-m04vo2\">Pie de foto,<\/span><span data-testid=\"caption-paragraph\">Durante su papado, Francisco visit\u00f3 varios pa\u00edses de Am\u00e9rica Latina. En esta imagen se lo ve en Per\u00fa.<\/span><\/span><\/figcaption><\/figure>\n<div class=\"bbc-19j92fr ebmt73l0\" dir=\"ltr\">\n<p class=\"bbc-hhl7in e17g058b0\" dir=\"ltr\">Su primer viaje al exterior como Papa fue a Brasil, considerado el pa\u00eds con el mayor n\u00famero de cat\u00f3licos del mundo. A lo largo de los a\u00f1os tambi\u00e9n visit\u00f3 Bolivia, Chile, Ecuador, M\u00e9xico, Paraguay y Per\u00fa.<\/p>\n<\/div>\n<div class=\"bbc-19j92fr ebmt73l0\" dir=\"ltr\">\n<p class=\"bbc-hhl7in e17g058b0\" dir=\"ltr\">Donde nunca fue en sus 12 a\u00f1os de papado fue a su pa\u00eds de origen, Argentina.<\/p>\n<\/div>\n<div class=\"bbc-19j92fr ebmt73l0\" dir=\"ltr\">\n<p class=\"bbc-hhl7in e17g058b0\" dir=\"ltr\">Esto es algo que muchos le reprochan en ese pa\u00eds, que en la \u00faltima d\u00e9cada atraves\u00f3 una de sus peores crisis econ\u00f3micas, con un fuerte aumento de la pobreza, en especial la infantil.<\/p>\n<\/div>\n<div class=\"bbc-19j92fr ebmt73l0\" dir=\"ltr\">\n<p class=\"bbc-hhl7in e17g058b0\" dir=\"ltr\">Seg\u00fan cont\u00f3 a BBC Mundo Gustavo Vera, un activista contra el trabajo esclavo y la trata de personas que era muy amigo de Bergoglio, el Papa quer\u00eda evitar quedar atrapado en la &#8220;grieta&#8221; pol\u00edtica que divide a los argentinos.<\/p>\n<\/div>\n<div class=\"bbc-19j92fr ebmt73l0\" dir=\"ltr\">\n<p class=\"bbc-hhl7in e17g058b0\" dir=\"ltr\">En todo caso, su mirada como primer Papa del sur global ya de por s\u00ed imprimi\u00f3 a la Iglesia &#8220;una forma totalmente diferente de reflexi\u00f3n y pensamiento&#8221;, asegur\u00f3 Gerard O&#8217;Connell, periodista irland\u00e9s que cubre el Vaticano, entrevistado en 2023 por un programa especial de la BBC por los 10 a\u00f1os del papado de Francisco.<\/p>\n<\/div>\n<div class=\"bbc-19j92fr ebmt73l0\" dir=\"ltr\">\n<p class=\"bbc-hhl7in e17g058b0\" dir=\"ltr\">&#8220;Trajo esa riqueza que es una forma diferente de abordar las cuestiones tanto en la esfera moral como en toda la Iglesia. Y creo que \u00e9l es el primero en una nueva ola que va a dinamizar la Iglesia desde el lugar donde est\u00e1n la mayor\u00eda de los cat\u00f3licos&#8221;, opin\u00f3.<\/p>\n<\/div>\n<figure class=\"bbc-1qn0xuy\">\n<div class=\"bbc-18ywsw9\">\n<p><img loading=\"lazy\" decoding=\"async\" class=\"bbc-139onq\" src=\"https:\/\/ichef.bbci.co.uk\/ace\/ws\/640\/cpsprodpb\/8404\/live\/a55b1260-f37f-11ef-9e61-71ee71f26eb1.jpg.webp\" sizes=\"auto, (min-width: 1008px) 760px, 100vw\" srcset=\"https:\/\/ichef.bbci.co.uk\/ace\/ws\/240\/cpsprodpb\/8404\/live\/a55b1260-f37f-11ef-9e61-71ee71f26eb1.jpg.webp 240w, https:\/\/ichef.bbci.co.uk\/ace\/ws\/320\/cpsprodpb\/8404\/live\/a55b1260-f37f-11ef-9e61-71ee71f26eb1.jpg.webp 320w, https:\/\/ichef.bbci.co.uk\/ace\/ws\/480\/cpsprodpb\/8404\/live\/a55b1260-f37f-11ef-9e61-71ee71f26eb1.jpg.webp 480w, https:\/\/ichef.bbci.co.uk\/ace\/ws\/597\/cpsprodpb\/8404\/live\/a55b1260-f37f-11ef-9e61-71ee71f26eb1.jpg.webp 597w\" alt=\"Jorge Bergoglio\" width=\"597\" height=\"1024\" \/><\/p>\n<p class=\"bbc-by8ykd\" role=\"text\"><span class=\"bbc-m04vo2\">Fuente de la imagen,<\/span><span lang=\"en-GB\">Getty Images<\/span><\/p>\n<\/div><figcaption class=\"bbc-15f1ujd\" dir=\"ltr\"><span role=\"text\"><span class=\"bbc-m04vo2\">Pie de foto,<\/span><span data-testid=\"caption-paragraph\">Como jesuita apel\u00f3 a la austeridad y la humildad incluso cuando lleg\u00f3 a lo m\u00e1s alto de la Iglesia cat\u00f3lica.<\/span><\/span><\/figcaption><\/figure>\n<div class=\"bbc-19j92fr ebmt73l0\" dir=\"ltr\">\n<h2 id=\"2-El-primer-Papa-jesuita\" class=\"bbc-1lgzob2 eglt09e0\" tabindex=\"-1\">2. El primer Papa jesuita<\/h2>\n<\/div>\n<div class=\"bbc-19j92fr ebmt73l0\" dir=\"ltr\">\n<p class=\"bbc-hhl7in e17g058b0\" dir=\"ltr\">Bergoglio fue el primer miembro de la Compa\u00f1\u00eda de Jes\u00fas en dirigir la Iglesia cat\u00f3lica.<\/p>\n<\/div>\n<div class=\"bbc-19j92fr ebmt73l0\" dir=\"ltr\">\n<p class=\"bbc-hhl7in e17g058b0\" dir=\"ltr\">La orden jesuita se caracteriza por su espiritualidad, su misi\u00f3n de reconciliaci\u00f3n y, sobre todo, su compromiso con la justicia social, algo que a\u00fan es visto con recelo desde los sectores m\u00e1s conservadores del Vaticano.<\/p>\n<\/div>\n<div class=\"bbc-19j92fr ebmt73l0\" dir=\"ltr\">\n<p class=\"bbc-hhl7in e17g058b0\" dir=\"ltr\">Desde el primer d\u00eda, el nuevo Papa mostr\u00f3 sus or\u00edgenes religiosos, apelando a la austeridad y la humildad.<\/p>\n<\/div>\n<div class=\"bbc-19j92fr ebmt73l0\" dir=\"ltr\">\n<p class=\"bbc-hhl7in e17g058b0\" dir=\"ltr\">Incluso el nombre que eligi\u00f3, Francisco, apelaba a su esp\u00edritu sencillo, haciendo honor a Francisco de As\u00eds, en sinton\u00eda con el objetivo del argentino de tener &#8220;una Iglesia pobre y para los pobres&#8221;.<\/p>\n<\/div>\n<div class=\"bbc-19j92fr ebmt73l0\" dir=\"ltr\">\n<p class=\"bbc-hhl7in e17g058b0\" dir=\"ltr\">Lejos de la pompa habitual de las ceremonias para ungir a un nuevo l\u00edder cat\u00f3lico, Francisco rechaz\u00f3 usar la limusina papal e insisti\u00f3 en compartir el autob\u00fas que llev\u00f3 a los otros cardenales de regreso a casa.<\/p>\n<\/div>\n<div class=\"bbc-19j92fr ebmt73l0\" dir=\"ltr\">\n<p class=\"bbc-hhl7in e17g058b0\" dir=\"ltr\">Tampoco quiso vivir en el Palacio Apost\u00f3lico, sino que se mud\u00f3 a la vecina residencia de Santa Marta, donde habitaba un departamento de 40 metros cuadrados, seg\u00fan revel\u00f3 el sacerdote de la arquidi\u00f3cesis de Buenos Aires, Guillermo Marc\u00f3.<\/p>\n<\/div>\n<div class=\"bbc-19j92fr ebmt73l0\" dir=\"ltr\">\n<p class=\"bbc-hhl7in e17g058b0\" dir=\"ltr\">Siguiendo con esta l\u00ednea, su primera visita oficial como Papa fue a la isla italiana de Lampedusa, donde cada a\u00f1o llegan miles de migrantes desde las costas africanas.<\/p>\n<\/div>\n<div class=\"bbc-19j92fr ebmt73l0\" dir=\"ltr\">\n<p class=\"bbc-hhl7in e17g058b0\" dir=\"ltr\">Estableci\u00f3 iniciativas para brindar alojamiento, servicio m\u00e9dico y alimentaci\u00f3n para los sectores m\u00e1s pobres de Roma. Incluso se lo lleg\u00f3 a ver de noche recorriendo las calles de la ciudad para llevar comida.<\/p>\n<\/div>\n<figure class=\"bbc-1qn0xuy\">\n<div class=\"bbc-18ywsw9\">\n<p><img loading=\"lazy\" decoding=\"async\" class=\"bbc-139onq\" src=\"https:\/\/ichef.bbci.co.uk\/ace\/ws\/640\/cpsprodpb\/0c85\/live\/0e7b9130-f37f-11ef-8c03-7dfdbeeb2526.jpg.webp\" sizes=\"auto, (min-width: 1008px) 760px, 100vw\" srcset=\"https:\/\/ichef.bbci.co.uk\/ace\/ws\/240\/cpsprodpb\/0c85\/live\/0e7b9130-f37f-11ef-8c03-7dfdbeeb2526.jpg.webp 240w, https:\/\/ichef.bbci.co.uk\/ace\/ws\/320\/cpsprodpb\/0c85\/live\/0e7b9130-f37f-11ef-8c03-7dfdbeeb2526.jpg.webp 320w, https:\/\/ichef.bbci.co.uk\/ace\/ws\/480\/cpsprodpb\/0c85\/live\/0e7b9130-f37f-11ef-8c03-7dfdbeeb2526.jpg.webp 480w, https:\/\/ichef.bbci.co.uk\/ace\/ws\/624\/cpsprodpb\/0c85\/live\/0e7b9130-f37f-11ef-8c03-7dfdbeeb2526.jpg.webp 624w, https:\/\/ichef.bbci.co.uk\/ace\/ws\/800\/cpsprodpb\/0c85\/live\/0e7b9130-f37f-11ef-8c03-7dfdbeeb2526.jpg.webp 800w\" alt=\"El papa lavando los pies de personas\" width=\"1024\" height=\"683\" \/><\/p>\n<p class=\"bbc-by8ykd\" role=\"text\"><span class=\"bbc-m04vo2\">Fuente de la imagen,<\/span><span lang=\"en-GB\">Getty Images<\/span><\/p>\n<\/div><figcaption class=\"bbc-15f1ujd\" dir=\"ltr\"><span role=\"text\"><span class=\"bbc-m04vo2\">Pie de foto,<\/span><span data-testid=\"caption-paragraph\">Francisco sigui\u00f3 con la tradici\u00f3n de lavar los pies de creyentes, pero tambi\u00e9n lo hizo con no cat\u00f3licos, algo in\u00e9dito para un Papa.<\/span><\/span><\/figcaption><\/figure>\n<div class=\"bbc-19j92fr ebmt73l0\" dir=\"ltr\">\n<p class=\"bbc-hhl7in e17g058b0\" dir=\"ltr\">En l\u00ednea con esta austeridad tambi\u00e9n busc\u00f3 transparentar las cuentas hist\u00f3ricamente opacas de la Iglesia.<\/p>\n<\/div>\n<div class=\"bbc-19j92fr ebmt73l0\" dir=\"ltr\">\n<p class=\"bbc-hhl7in e17g058b0\" dir=\"ltr\">Por ejemplo, en febrero de 2014 estableci\u00f3 la Secretar\u00eda de Econom\u00eda para supervisar las finanzas de la Santa Sede. Tan solo un mes antes un cl\u00e9rigo italiano de alto rango hab\u00eda sido acusado de lavar millones a trav\u00e9s del Banco del Vaticano.<\/p>\n<\/div>\n<div class=\"bbc-19j92fr ebmt73l0\" dir=\"ltr\">\n<p class=\"bbc-hhl7in e17g058b0\" dir=\"ltr\">Pero no todo fue positivo para los jesuitas durante el papado de Francisco.<\/p>\n<\/div>\n<div class=\"bbc-19j92fr ebmt73l0\" dir=\"ltr\">\n<p class=\"bbc-hhl7in e17g058b0\" dir=\"ltr\">En Chile, pa\u00eds donde los jesuitas han tenido una gran influencia a trav\u00e9s de sus instituciones educativas, fundaciones y adeptos con altos cargos pol\u00edticos, la congregaci\u00f3n ha estado en el centro de numerosos esc\u00e1ndalos en los \u00faltimos a\u00f1os vinculados sobre todo a abusos sexuales.<\/p>\n<\/div>\n<div class=\"bbc-19j92fr ebmt73l0\" dir=\"ltr\">\n<h2 id=\"3-El-di\u00e1logo-interreligioso\" class=\"bbc-1lgzob2 eglt09e0\" tabindex=\"-1\">3. El di\u00e1logo interreligioso<\/h2>\n<\/div>\n<div class=\"bbc-19j92fr ebmt73l0\" dir=\"ltr\">\n<p class=\"bbc-hhl7in e17g058b0\" dir=\"ltr\">Francisco &#8220;abri\u00f3 la Iglesia al mundo exterior de maneras que ninguno de sus predecesores hab\u00eda hecho antes&#8221;, escribi\u00f3 Mathew Schmalz, profesor de estudios religiosos del College of the Holy Cross (EE.UU.), en otro an\u00e1lisis publicado en The Conversation en febrero.<\/p>\n<\/div>\n<div class=\"bbc-19j92fr ebmt73l0\" dir=\"ltr\">\n<p class=\"bbc-hhl7in e17g058b0\" dir=\"ltr\">El Papa tuvo constantes acercamientos a otras religiones, incluyendo encuentros hist\u00f3ricos con l\u00edderes del Islam y del juda\u00edsmo.<\/p>\n<\/div>\n<div class=\"bbc-19j92fr ebmt73l0\" dir=\"ltr\">\n<p class=\"bbc-hhl7in e17g058b0\" dir=\"ltr\">Por ejemplo, firm\u00f3 un documento sobre la fraternidad humana con el Gran Im\u00e1n de Al-Azhar, Ahmed al-Tayeb, promoviendo la paz y la convivencia entre personas de diferentes credos.<\/p>\n<\/div>\n<div class=\"bbc-19j92fr ebmt73l0\" dir=\"ltr\">\n<p class=\"bbc-hhl7in e17g058b0\" dir=\"ltr\">Tuvo un encuentro hist\u00f3rico con el principal l\u00edder religioso chiita en Irak, el ayatol\u00e1 Ali Al Sistani. All\u00ed Francisco subray\u00f3 &#8220;la importancia de la colaboraci\u00f3n y amistad entre las comunidades religiosas para que, cultivando con respeto rec\u00edproco el di\u00e1logo, se pueda contribuir al bien de Irak, de la regi\u00f3n y de la comunidad entera&#8221;.<\/p>\n<\/div>\n<div class=\"bbc-19j92fr ebmt73l0\" dir=\"ltr\">\n<p class=\"bbc-hhl7in e17g058b0\" dir=\"ltr\">Despu\u00e9s de ataques terroristas cometidos por musulmanes dijo que no era correcto asociar al Islam con la violencia: &#8220;Si hablo de violencia isl\u00e1mica, tambi\u00e9n tengo que hablar de violencia cat\u00f3lica&#8221;, se\u00f1al\u00f3.<\/p>\n<\/div>\n<div class=\"bbc-19j92fr ebmt73l0\" dir=\"ltr\">\n<p class=\"bbc-hhl7in e17g058b0\" dir=\"ltr\">De igual forma, durante su papado conden\u00f3 ataques antisemitas, afirmado que el odio hacia los jud\u00edos es un &#8220;pecado contra Dios&#8221;, y se reuni\u00f3 con l\u00edderes de comunidades jud\u00edas en decenas de pa\u00edses.<\/p>\n<\/div>\n<figure class=\"bbc-1qn0xuy\">\n<div class=\"bbc-18ywsw9\">\n<p><img loading=\"lazy\" decoding=\"async\" class=\"bbc-139onq\" src=\"https:\/\/ichef.bbci.co.uk\/ace\/ws\/640\/cpsprodpb\/1a26\/live\/e4337e60-f383-11ef-9e61-71ee71f26eb1.jpg.webp\" sizes=\"auto, (min-width: 1008px) 760px, 100vw\" srcset=\"https:\/\/ichef.bbci.co.uk\/ace\/ws\/240\/cpsprodpb\/1a26\/live\/e4337e60-f383-11ef-9e61-71ee71f26eb1.jpg.webp 240w, https:\/\/ichef.bbci.co.uk\/ace\/ws\/320\/cpsprodpb\/1a26\/live\/e4337e60-f383-11ef-9e61-71ee71f26eb1.jpg.webp 320w, https:\/\/ichef.bbci.co.uk\/ace\/ws\/480\/cpsprodpb\/1a26\/live\/e4337e60-f383-11ef-9e61-71ee71f26eb1.jpg.webp 480w, https:\/\/ichef.bbci.co.uk\/ace\/ws\/624\/cpsprodpb\/1a26\/live\/e4337e60-f383-11ef-9e61-71ee71f26eb1.jpg.webp 624w, https:\/\/ichef.bbci.co.uk\/ace\/ws\/800\/cpsprodpb\/1a26\/live\/e4337e60-f383-11ef-9e61-71ee71f26eb1.jpg.webp 800w\" alt=\"Francisco junto a Ahmed al-Tayeb en 2022.\" width=\"1024\" height=\"682\" \/><\/p>\n<p class=\"bbc-by8ykd\" role=\"text\"><span class=\"bbc-m04vo2\">Fuente de la imagen,<\/span><span lang=\"en-GB\">Getty Images<\/span><\/p>\n<\/div><figcaption class=\"bbc-15f1ujd\" dir=\"ltr\"><span role=\"text\"><span class=\"bbc-m04vo2\">Pie de foto,<\/span><span data-testid=\"caption-paragraph\">Francisco junto a Ahmed al-Tayeb en 2022.<\/span><\/span><\/figcaption><\/figure>\n<div class=\"bbc-19j92fr ebmt73l0\" dir=\"ltr\">\n<p class=\"bbc-hhl7in e17g058b0\" dir=\"ltr\">&#8220;Tanto para el jud\u00edo como para el cristiano, no hay duda de que el amor a Dios y al pr\u00f3jimo resume todos los mandamientos. Por lo tanto, jud\u00edos y cristianos deben sentirse hermanos y hermanas, unidos por el mismo Dios&#8221;, escribi\u00f3 en el prefacio del libro &#8220;La Biblia de la Amistad. Pasajes de la Tor\u00e1 \/ Pentateuco comentadas por jud\u00edos y cristianos&#8221;.<\/p>\n<\/div>\n<div class=\"bbc-19j92fr ebmt73l0\" dir=\"ltr\">\n<p class=\"bbc-hhl7in e17g058b0\" dir=\"ltr\">Por su parte, la postura del Papa ante la reciente campa\u00f1a militar de Israel en Gaza fue volvi\u00e9ndose cada vez m\u00e1s cr\u00edtica. Este enero calific\u00f3 la situaci\u00f3n humanitaria en la Franja como &#8220;muy grave y vergonzosa&#8221;.<\/p>\n<\/div>\n<div class=\"bbc-19j92fr ebmt73l0\" dir=\"ltr\">\n<p class=\"bbc-hhl7in e17g058b0\" dir=\"ltr\">En lo que respecta a los distintos cultos cristianos, Francisco hizo grandes esfuerzos para sanar las brechas. Logr\u00f3 un acercamiento hist\u00f3rico con la Iglesia Ortodoxa Oriental y trabaj\u00f3 con anglicanos, luteranos y metodistas.<\/p>\n<\/div>\n<div class=\"bbc-19j92fr ebmt73l0\" dir=\"ltr\">\n<p class=\"bbc-hhl7in e17g058b0\" dir=\"ltr\">Adem\u00e1s, durante sus 40 viajes oficiales tambi\u00e9n visit\u00f3 a algunos pa\u00edses budistas.<\/p>\n<\/div>\n<div class=\"bbc-19j92fr ebmt73l0\" dir=\"ltr\">\n<p class=\"bbc-hhl7in e17g058b0\" dir=\"ltr\">Chu Ilo escribi\u00f3 que el Papa &#8220;socav\u00f3 los cimientos&#8221; de las posturas m\u00e1s conservadoras del Vaticano a trav\u00e9s de &#8220;la apertura a escuchar las voces de todos, incluidos los que no est\u00e1n de acuerdo con la posici\u00f3n de la Iglesia&#8221;.<\/p>\n<\/div>\n<div class=\"bbc-19j92fr ebmt73l0\" dir=\"ltr\">\n<p class=\"bbc-hhl7in e17g058b0\" dir=\"ltr\">Seg\u00fan el acad\u00e9mico, &#8220;al hacer esto, ha cambiado las prioridades y las pr\u00e1cticas de la Iglesia cat\u00f3lica con respecto a cuestiones fundamentales como el poder y la autoridad&#8221;.<\/p>\n<\/div>\n<div class=\"bbc-19j92fr ebmt73l0\" dir=\"ltr\">\n<h2 id=\"4-A-favor-de-la-inclusi\u00f3n\" class=\"bbc-1lgzob2 eglt09e0\" tabindex=\"-1\">4. A favor de la inclusi\u00f3n<\/h2>\n<\/div>\n<div class=\"bbc-19j92fr ebmt73l0\" dir=\"ltr\">\n<p class=\"bbc-hhl7in e17g058b0\" dir=\"ltr\">Seg\u00fan Francisco, &#8220;la Iglesia no tiene las puertas cerradas a nadie&#8221;, y no debe cometer una &#8220;injerencia espiritual&#8221; en la vida personal, porque &#8220;Dios en la creaci\u00f3n nos ha hecho libres&#8221;.<\/p>\n<\/div>\n<div class=\"bbc-19j92fr ebmt73l0\" dir=\"ltr\">\n<p class=\"bbc-hhl7in e17g058b0\" dir=\"ltr\">En este sentido, fue el primer Papa que acept\u00f3 que tomen la comuni\u00f3n los cat\u00f3licos divorciados.<\/p>\n<\/div>\n<div class=\"bbc-19j92fr ebmt73l0\" dir=\"ltr\">\n<p class=\"bbc-hhl7in e17g058b0\" dir=\"ltr\">Y quiz\u00e1s la frase m\u00e1s famosas de su papado fue: &#8220;Si una persona es gay, busca al Se\u00f1or y tiene buena voluntad, \u00bfqui\u00e9n soy yo para juzgarla?&#8221;, refiri\u00e9ndose en concreto a los sacerdotes homosexuales, pero tambi\u00e9n a todas las personas de la comunidad LGBT en general.<\/p>\n<\/div>\n<div class=\"bbc-19j92fr ebmt73l0\" dir=\"ltr\">\n<p class=\"bbc-hhl7in e17g058b0\" dir=\"ltr\">Francisco incluso se mostr\u00f3 abierto con las uniones civiles entre personas del mismo sexo, autorizando a los sacerdotes a bendecir a las parejas homosexuales y afirmando que estas tienen derecho a formar una familia.<\/p>\n<\/div>\n<div class=\"bbc-19j92fr ebmt73l0\" dir=\"ltr\">\n<p class=\"bbc-hhl7in e17g058b0\" dir=\"ltr\">Todo esto signific\u00f3 un quiebre grande si se tiene en cuenta que su antecesor, el papa Benedicto XVI, consideraba que hab\u00eda un &#8220;mal moral intr\u00ednseco&#8221; en las personas homosexuales.<\/p>\n<\/div>\n<figure class=\"bbc-1qn0xuy\">\n<div class=\"bbc-18ywsw9\">\n<p><img loading=\"lazy\" decoding=\"async\" class=\"bbc-139onq\" src=\"https:\/\/ichef.bbci.co.uk\/ace\/ws\/640\/cpsprodpb\/fd53\/live\/32b62d40-f383-11ef-9e61-71ee71f26eb1.jpg.webp\" sizes=\"auto, (min-width: 1008px) 760px, 100vw\" srcset=\"https:\/\/ichef.bbci.co.uk\/ace\/ws\/240\/cpsprodpb\/fd53\/live\/32b62d40-f383-11ef-9e61-71ee71f26eb1.jpg.webp 240w, https:\/\/ichef.bbci.co.uk\/ace\/ws\/320\/cpsprodpb\/fd53\/live\/32b62d40-f383-11ef-9e61-71ee71f26eb1.jpg.webp 320w, https:\/\/ichef.bbci.co.uk\/ace\/ws\/480\/cpsprodpb\/fd53\/live\/32b62d40-f383-11ef-9e61-71ee71f26eb1.jpg.webp 480w, https:\/\/ichef.bbci.co.uk\/ace\/ws\/624\/cpsprodpb\/fd53\/live\/32b62d40-f383-11ef-9e61-71ee71f26eb1.jpg.webp 624w, https:\/\/ichef.bbci.co.uk\/ace\/ws\/800\/cpsprodpb\/fd53\/live\/32b62d40-f383-11ef-9e61-71ee71f26eb1.jpg.webp 800w\" alt=\"Sacerdotes de espaldas\" width=\"1024\" height=\"683\" \/><\/p>\n<p class=\"bbc-by8ykd\" role=\"text\"><span class=\"bbc-m04vo2\">Fuente de la imagen,<\/span><span lang=\"en-GB\">Getty Images<\/span><\/p>\n<\/div><figcaption class=\"bbc-15f1ujd\" dir=\"ltr\"><span role=\"text\"><span class=\"bbc-m04vo2\">Pie de foto,<\/span><span data-testid=\"caption-paragraph\">&#8220;Si una persona es gay y busca a Dios y tiene buena voluntad, \u00bfqui\u00e9n soy yo para juzgarlo?&#8221;, dijo Francisco en 2013.<\/span><\/span><\/figcaption><\/figure>\n<div class=\"bbc-19j92fr ebmt73l0\" dir=\"ltr\">\n<p class=\"bbc-hhl7in e17g058b0\" dir=\"ltr\">Sin embargo, Francisco tambi\u00e9n sostuvo que las uniones entre personas del mismo sexo no deb\u00edan considerarse matrimonios. Eso, dijo, ser\u00eda &#8220;un intento de destruir el plan de Dios&#8221;.<\/p>\n<\/div>\n<div class=\"bbc-19j92fr ebmt73l0\" dir=\"ltr\">\n<p class=\"bbc-hhl7in e17g058b0\" dir=\"ltr\">&#8220;La Iglesia est\u00e1 dividida desde hace d\u00e9cadas en un sector tradicionalista, conservador, que no quiere ning\u00fan tipo de cambio, y un sector que est\u00e1 pidiendo a gritos que se hagan reformas, sobre todo en las comunidades de base&#8221;, explica a BBC Mundo Vicens Lozano, autor y periodista que ha cubierto el Vaticano durante m\u00e1s de cuatro d\u00e9cadas.<\/p>\n<\/div>\n<div class=\"bbc-19j92fr ebmt73l0\" dir=\"ltr\">\n<p class=\"bbc-hhl7in e17g058b0\" dir=\"ltr\">&#8220;El Papa intent\u00f3 no ahondar en estas divisiones para que no se produzca un cisma, pero hizo cambios importantes: fue el primer Papa ecologista de la historia y el primero en acoger a los homosexuales&#8221;, se\u00f1ala Lozano, autor de &#8220;Vaticangate&#8221; e &#8220;Intrigas y poder en el Vaticano&#8221;.<\/p>\n<\/div>\n<div class=\"bbc-19j92fr ebmt73l0\" dir=\"ltr\">\n<p class=\"bbc-hhl7in e17g058b0\" dir=\"ltr\">En asuntos sexuales, Francisco mantuvo la doctrina cat\u00f3lica que \u00fanicamente admite el uso de m\u00e9todos anticonceptivos naturales, como son el celibato y la abstinencia.<\/p>\n<\/div>\n<div class=\"bbc-19j92fr ebmt73l0\" dir=\"ltr\">\n<p class=\"bbc-hhl7in e17g058b0\" dir=\"ltr\">Pero respald\u00f3 que se debata el tema, admitiendo que el preservativo es un m\u00e9todo eficaz para prevenir virus como el del sida y zika.<\/p>\n<\/div>\n<div class=\"bbc-19j92fr ebmt73l0\" dir=\"ltr\">\n<p class=\"bbc-hhl7in e17g058b0\" dir=\"ltr\">Fue intransigente en cuanto al aborto y el celibato sacerdotal.<\/p>\n<\/div>\n<div class=\"bbc-19j92fr ebmt73l0\" dir=\"ltr\">\n<p class=\"bbc-hhl7in e17g058b0\" dir=\"ltr\">Una de las \u00e1reas donde recibi\u00f3 m\u00e1s cr\u00edticas fue respecto a sus acciones con el mayor problema que debi\u00f3 enfrentar durante su papado: las acusaciones de abusos sexuales por parte de miembros de la Iglesia.<\/p>\n<\/div>\n<div class=\"bbc-19j92fr ebmt73l0\" dir=\"ltr\">\n<p class=\"bbc-hhl7in e17g058b0\" dir=\"ltr\">Prometi\u00f3 &#8220;no escatimar esfuerzos&#8221; para llevar ante la justicia a los sacerdotes abusadores y a los obispos que encubrieron sus cr\u00edmenes. No obstante, los grupos de sobrevivientes lo acusaron de seguir respaldando y acogiendo a cl\u00e9rigos denunciados.<\/p>\n<\/div>\n<div class=\"bbc-19j92fr ebmt73l0\" dir=\"ltr\">\n<p class=\"bbc-hhl7in e17g058b0\" dir=\"ltr\">&#8220;Francisco luch\u00f3 contra &#8216;la cultura de la impunidad&#8217; dentro de la iglesia, como le dec\u00eda \u00e9l. Hizo mucho: puso a todo un grupo de investigadores a trabajar en el Vaticano en el tema de los abusos sexuales y expuls\u00f3 a muchos sacerdotes por este tema&#8221;, dice Lozano.<\/p>\n<\/div>\n<div class=\"bbc-19j92fr ebmt73l0\" dir=\"ltr\">\n<p class=\"bbc-hhl7in e17g058b0\" dir=\"ltr\">El periodista considera que las cr\u00edticas que recib\u00eda el Papa se deb\u00edan a las expectativas irrealistas que ten\u00edan muchos.<\/p>\n<\/div>\n<div class=\"bbc-19j92fr ebmt73l0\" dir=\"ltr\">\n<p class=\"bbc-hhl7in e17g058b0\" dir=\"ltr\">&#8220;La percepci\u00f3n de la gente es que no se hac\u00eda nada y todo iba lento\u2026 pero as\u00ed son los tiempos del Vaticano&#8221;, asegura.<\/p>\n<\/div>\n<figure class=\"bbc-1qn0xuy\">\n<div class=\"bbc-18ywsw9\">\n<p><img loading=\"lazy\" decoding=\"async\" class=\"bbc-139onq\" src=\"https:\/\/ichef.bbci.co.uk\/ace\/ws\/640\/cpsprodpb\/faf7\/live\/06d6ab30-f380-11ef-8c03-7dfdbeeb2526.jpg.webp\" sizes=\"auto, (min-width: 1008px) 760px, 100vw\" srcset=\"https:\/\/ichef.bbci.co.uk\/ace\/ws\/240\/cpsprodpb\/faf7\/live\/06d6ab30-f380-11ef-8c03-7dfdbeeb2526.jpg.webp 240w, https:\/\/ichef.bbci.co.uk\/ace\/ws\/320\/cpsprodpb\/faf7\/live\/06d6ab30-f380-11ef-8c03-7dfdbeeb2526.jpg.webp 320w, https:\/\/ichef.bbci.co.uk\/ace\/ws\/480\/cpsprodpb\/faf7\/live\/06d6ab30-f380-11ef-8c03-7dfdbeeb2526.jpg.webp 480w, https:\/\/ichef.bbci.co.uk\/ace\/ws\/624\/cpsprodpb\/faf7\/live\/06d6ab30-f380-11ef-8c03-7dfdbeeb2526.jpg.webp 624w, https:\/\/ichef.bbci.co.uk\/ace\/ws\/800\/cpsprodpb\/faf7\/live\/06d6ab30-f380-11ef-8c03-7dfdbeeb2526.jpg.webp 800w\" alt=\"El Papa rodeado de monjas.\" width=\"1024\" height=\"683\" \/><\/p>\n<p class=\"bbc-by8ykd\" role=\"text\"><span class=\"bbc-m04vo2\">Fuente de la imagen,<\/span><span lang=\"en-GB\">Getty Images<\/span><\/p>\n<\/div><figcaption class=\"bbc-15f1ujd\" dir=\"ltr\"><span role=\"text\"><span class=\"bbc-m04vo2\">Pie de foto,<\/span><span data-testid=\"caption-paragraph\">Francisco design\u00f3 mujeres en lugares de liderazgo, pero se opuso a su ordenamiento como sacerdotes.<\/span><\/span><\/figcaption><\/figure>\n<div class=\"bbc-19j92fr ebmt73l0\" dir=\"ltr\">\n<h2 id=\"5-El-rol-de-la-mujer\" class=\"bbc-1lgzob2 eglt09e0\" tabindex=\"-1\">5. El rol de la mujer<\/h2>\n<\/div>\n<div class=\"bbc-19j92fr ebmt73l0\" dir=\"ltr\">\n<p class=\"bbc-hhl7in e17g058b0\" dir=\"ltr\">Desde el juda\u00edsmo reformado a las ramas m\u00e1s progresistas del protestantismo, otras religiones han habilitado la llegada de las mujeres a los altares.<\/p>\n<\/div>\n<div class=\"bbc-19j92fr ebmt73l0\" dir=\"ltr\">\n<p class=\"bbc-hhl7in e17g058b0\" dir=\"ltr\">Sin embargo, Francisco mantuvo la tradici\u00f3n cat\u00f3lica y se opuso al ordenamiento de mujeres como sacerdotes diciendo que es &#8220;un problema teol\u00f3gico&#8221;.<\/p>\n<\/div>\n<div class=\"bbc-19j92fr ebmt73l0\" dir=\"ltr\">\n<p class=\"bbc-hhl7in e17g058b0\" dir=\"ltr\">Anne Tropeano, una de m\u00e1s de 200 mujeres ordenadas en todo el mundo en rebeld\u00eda contra el Vaticano, dijo a la BBC en 2022: &#8220;La Iglesia ense\u00f1a mediante sus acciones que est\u00e1 bien excluir a las mujeres. Las mujeres aprenden esto, los ni\u00f1os y ni\u00f1as aprenden esto, los hombres lo aprenden\u2026 y luego todos van al mundo y viven de acuerdo a esta regla&#8221;.<\/p>\n<\/div>\n<div class=\"bbc-19j92fr ebmt73l0\" dir=\"ltr\">\n<p class=\"bbc-hhl7in e17g058b0\" dir=\"ltr\">No obstante, seg\u00fan Schmalz, el Papa &#8220;realiz\u00f3 cambios de gran alcance que abrieron varios roles de liderazgo a las mujeres&#8221;.<\/p>\n<\/div>\n<div class=\"bbc-19j92fr ebmt73l0\" dir=\"ltr\">\n<p class=\"bbc-hhl7in e17g058b0\" dir=\"ltr\">&#8220;Francisco fue el primer Papa que nombr\u00f3 a una mujer para dirigir una oficina administrativa en el Vaticano. Tambi\u00e9n por primera vez, se incluyeron mujeres en el organismo de 70 miembros que selecciona a los obispos y en el consejo de 15 miembros que supervisa las finanzas del Vaticano. Nombr\u00f3 a una monja italiana, la hermana Raffaella Petrini, como presidenta de la Ciudad del Vaticano&#8221;, argument\u00f3.<\/p>\n<\/div>\n<div class=\"bbc-19j92fr ebmt73l0\" dir=\"ltr\">\n<p class=\"bbc-hhl7in e17g058b0\" dir=\"ltr\">Adem\u00e1s, en enero nombr\u00f3 a Simona Brambilla como prefecta del Vaticano, convirti\u00e9ndose en la primera de la historia.<\/p>\n<\/div>\n<div class=\"bbc-19j92fr ebmt73l0\" dir=\"ltr\">\n<p class=\"bbc-hhl7in e17g058b0\" dir=\"ltr\">&#8220;Tener a una mujer en un lugar donde antes hab\u00eda un cardenal es una revoluci\u00f3n (&#8230;). El lugar de donde vienen los cardenales es una revoluci\u00f3n. Un Papa que habla contra el sistema y dice que esta econom\u00eda mata es una revoluci\u00f3n&#8221;, afirm\u00f3 la te\u00f3loga argentina Emilce Cuda a la BBC en 2023, en el mencionado programa especial por el aniversario de Francisco como Papa.<\/p>\n<\/div>\n<div class=\"bbc-19j92fr ebmt73l0\" dir=\"ltr\">\n<p class=\"bbc-hhl7in e17g058b0\" dir=\"ltr\">Para Schmalz, &#8220;el papado de Francisco ha sido hist\u00f3rico&#8221;: &#8220;No solo profundiz\u00f3 el compromiso de la Iglesia Cat\u00f3lica con los pobres, sino que tambi\u00e9n ampli\u00f3 qui\u00e9nes son incluidos en la toma de decisiones&#8221;.<\/p>\n<\/div>\n<div class=\"bbc-19j92fr ebmt73l0\" dir=\"ltr\">\n<p class=\"bbc-hhl7in e17g058b0\" dir=\"ltr\">Lozano coincide: &#8220;Francisco fue revolucionario porque le dio un aire distinto al pontificado, que dej\u00f3 de ser una monarqu\u00eda y se convirti\u00f3 en el l\u00edder \u00e9tico y moral del siglo XXI, un siglo en el que estamos muy faltos de este tipo de l\u00edderes en el mundo&#8221;.<\/p>\n<\/div>\n<div class=\"bbc-19j92fr ebmt73l0\" dir=\"ltr\">\n<p class=\"bbc-hhl7in e17g058b0\" dir=\"ltr\">Y agrega: &#8220;Es un Papa que ha escuchado a las comunidades de base y sembr\u00f3 las semillas para una reforma m\u00e1s profunda de la Iglesia en un futuro&#8221;.<\/p>\n<\/div>\n<pre>Informaci\u00f3n del art\u00edculo<\/pre>\n<ul class=\"bbc-1rvtlej\" role=\"list\">\n<li>\n<pre><span role=\"text\"><span class=\"bbc-m04vo2\">Autor,<\/span><span class=\"bbc-1ypcc2\">Veronica Smink y Ana Pais<\/span><\/span><\/pre>\n<\/li>\n<li>\n<pre><span role=\"text\"><span class=\"bbc-m04vo2\">T\u00edtulo del autor,<\/span><span class=\"bbc-1y5sx98\">BBC News Mundo, Cono Sur<\/span><\/span><\/pre>\n<\/li>\n<li><\/li>\n<\/ul>\n","protected":false},"excerpt":{"rendered":"<p>&nbsp; LA MUERTE DE FRANCISCO, EL PRIMER PAPA ARGENTINO Y LATINOAMERICANO DE LA HISTORIA.<\/p>\n","protected":false},"author":3,"featured_media":29219,"comment_status":"open","ping_status":"open","sticky":false,"template":"","format":"standard","meta":{"footnotes":"","jetpack_publicize_message":"","jetpack_publicize_feature_enabled":true,"jetpack_social_post_already_shared":true,"jetpack_social_options":{"image_generator_settings":{"template":"highway","default_image_id":0,"font":"","enabled":false},"version":2}},"categories":[13],"tags":[3141],"class_list":["post-29217","post","type-post","status-publish","format-standard","has-post-thumbnail","hentry","category-interes-general","tag-papa-francisco-fallecio"],"jetpack_publicize_connections":[],"jetpack_featured_media_url":"https:\/\/revistaepocadigital.com.ar\/wp-content\/uploads\/2025\/04\/fd54d9d0-f2ba-11ef-896e-d7e7fb1719a4.jpg","jetpack_likes_enabled":true,"_links":{"self":[{"href":"https:\/\/revistaepocadigital.com.ar\/index.php?rest_route=\/wp\/v2\/posts\/29217","targetHints":{"allow":["GET"]}}],"collection":[{"href":"https:\/\/revistaepocadigital.com.ar\/index.php?rest_route=\/wp\/v2\/posts"}],"about":[{"href":"https:\/\/revistaepocadigital.com.ar\/index.php?rest_route=\/wp\/v2\/types\/post"}],"author":[{"embeddable":true,"href":"https:\/\/revistaepocadigital.com.ar\/index.php?rest_route=\/wp\/v2\/users\/3"}],"replies":[{"embeddable":true,"href":"https:\/\/revistaepocadigital.com.ar\/index.php?rest_route=%2Fwp%2Fv2%2Fcomments&post=29217"}],"version-history":[{"count":0,"href":"https:\/\/revistaepocadigital.com.ar\/index.php?rest_route=\/wp\/v2\/posts\/29217\/revisions"}],"wp:featuredmedia":[{"embeddable":true,"href":"https:\/\/revistaepocadigital.com.ar\/index.php?rest_route=\/wp\/v2\/media\/29219"}],"wp:attachment":[{"href":"https:\/\/revistaepocadigital.com.ar\/index.php?rest_route=%2Fwp%2Fv2%2Fmedia&parent=29217"}],"wp:term":[{"taxonomy":"category","embeddable":true,"href":"https:\/\/revistaepocadigital.com.ar\/index.php?rest_route=%2Fwp%2Fv2%2Fcategories&post=29217"},{"taxonomy":"post_tag","embeddable":true,"href":"https:\/\/revistaepocadigital.com.ar\/index.php?rest_route=%2Fwp%2Fv2%2Ftags&post=29217"}],"curies":[{"name":"wp","href":"https:\/\/api.w.org\/{rel}","templated":true}]}}