{"id":29224,"date":"2025-04-21T11:29:44","date_gmt":"2025-04-21T14:29:44","guid":{"rendered":"https:\/\/revistaepocadigital.com.ar\/?p=29224"},"modified":"2025-04-21T11:29:44","modified_gmt":"2025-04-21T14:29:44","slug":"el-papa-francisco-el-que-rechazo-los-lujos-del-vaticano","status":"publish","type":"post","link":"https:\/\/revistaepocadigital.com.ar\/?p=29224","title":{"rendered":"EL PAPA FRANCISCO, EL QUE RECHAZ\u00d3 LOS LUJOS DEL VATICANO"},"content":{"rendered":"<p><strong>La extraordinaria vida de Francisco, el Papa &#8220;ambivalente&#8221; que rechaz\u00f3 los lujos.<\/strong><!--more--><\/p>\n<p>Cuando fue elegido Papa en marzo de 2013, el argentino Jorge Bergoglio marc\u00f3 importantes hitos en la historia de la Iglesia cat\u00f3lica.<\/p>\n<p>Fue el primer pont\u00edfice latinoamericano, del continente americano y de todo el hemisferio sur.<\/p>\n<p>De hecho, el papa Francisco -cuya muerte anunci\u00f3 el Vaticano- fue el primer no europeo en convertirse en obispo de Roma desde la muerte de Gregorio III en el a\u00f1o 741.<\/p>\n<p>Tambi\u00e9n fue el primer pont\u00edfice jesuita, y como tal intent\u00f3 desde el momento de su elecci\u00f3n privilegiar la sencillez que se le atribuye a la hist\u00f3rica orden fundada por San Ignacio de Loyola en 1534 por sobre la pompa vaticana.<\/p>\n<p>Al asumir su mandato, decidi\u00f3 recibir a sus cardenales de manera informal y de pie, en lugar de sentarse en el trono, rechaz\u00f3 la limusina papal e insisti\u00f3 en compartir el autob\u00fas que llev\u00f3 a otros cardenales de regreso a casa.<\/p>\n<p>Un a\u00f1o m\u00e1s tarde, Francisco, que con su nuevo nombre rindi\u00f3 homenaje a San Francisco de As\u00eds, el predicador del siglo XIII famoso por su austeridad, era escogido por la revista Time como &#8220;la persona del a\u00f1o&#8221;.<\/p>\n<p>El mundo ten\u00eda los ojos puestos en \u00e9l.<\/p>\n<p>&nbsp;<\/p>\n<p><img loading=\"lazy\" decoding=\"async\" class=\"aligncenter size-full wp-image-29228\" src=\"https:\/\/revistaepocadigital.com.ar\/wp-content\/uploads\/2025\/04\/papa-I-fran.webp\" alt=\"\" width=\"800\" height=\"450\" srcset=\"https:\/\/revistaepocadigital.com.ar\/wp-content\/uploads\/2025\/04\/papa-I-fran.webp 800w, https:\/\/revistaepocadigital.com.ar\/wp-content\/uploads\/2025\/04\/papa-I-fran-300x169.webp 300w, https:\/\/revistaepocadigital.com.ar\/wp-content\/uploads\/2025\/04\/papa-I-fran-768x432.webp 768w\" sizes=\"auto, (max-width: 800px) 100vw, 800px\" \/><\/p>\n<p>&nbsp;<\/p>\n<p>No hab\u00eda sido el favorito para suceder a Benedicto XVI, el primer pont\u00edfice en retirarse voluntariamente en vida en 600 a\u00f1os.<\/p>\n<p>Sin embargo, Bergoglio, de 76 a\u00f1os, fue escogido tras presentarse como un candidato conciliador, que apel\u00f3 a los conservadores con puntos de vista tradicionales sobre asuntos sexuales y atrajo a los reformistas con su postura liberal sobre la justicia social.<\/p>\n<p>El c\u00f3nclave apost\u00f3 a que pese a su edad su figura poco ortodoxa podr\u00eda ayudar a rejuvenecer al Vaticano y revitalizar su misi\u00f3n.<\/p>\n<p><strong>Sus or\u00edgenes en Argentina<\/strong><\/p>\n<p>Jorge Mario Bergoglio naci\u00f3 en Buenos Aires el 17 de diciembre de 1936 y fue el mayor de cinco hermanos.\u00a0Sus padres hab\u00edan huido de su Italia natal escapando del fascismo.<\/p>\n<p>Le gustaba bailar tango y, como buen argentino, amaba el f\u00fatbol. Era hincha del club San Lorenzo, una pasi\u00f3n que mantuvo toda su vida.<\/p>\n<p>&#8220;Tengo cartas de \u00e9l describiendo la formaci\u00f3n del equipo de San Lorenzo del a\u00f1o 46, recuerdos de su infancia&#8221;, le cuenta a BBC Mundo Gustavo Vera, un activista contra el trabajo esclavo y la trata de personas que era muy amigo de Bergoglio y mantuvo correspondencia asidua con el pont\u00edfice durante los 12 a\u00f1os que dur\u00f3 su papado.<\/p>\n<p>A los 21 a\u00f1os Bergoglio estuvo cerca de la muerte. Tuvo una infecci\u00f3n respiratoria grave por la que debieron extirparle parte del pulm\u00f3n derecho. Esto lo dej\u00f3 vulnerable por el resto de su vida a las infecciones respiratorias.<\/p>\n<p>Se gradu\u00f3 como t\u00e9cnico qu\u00edmico en la escuela secundaria, y trabaj\u00f3 como portero de un club nocturno y barrendero.<\/p>\n<p>Luego consigui\u00f3 empleo en una f\u00e1brica local, donde trabaj\u00f3 bajo las \u00f3rdenes de la bioqu\u00edmica y activista social paraguaya Esther Ballestrino, con quien inici\u00f3 una amistad que durar\u00eda a\u00f1os.<\/p>\n<p>&#8220;Francisco le ten\u00eda un afecto enorme. Me cont\u00f3 que ella le ense\u00f1\u00f3 mucho de historia y sobre el mundo de la izquierda y el marxismo. \u00c9l no ten\u00eda ideolog\u00eda, pero siempre trat\u00f3 de entender poli\u00e9dricamente el mundo, siempre tuvo esa apertura&#8221;, relata Vera.<\/p>\n<p>Tras el golpe de Estado de 1976, la hija de Ballestrino fue secuestrada y desaparecida por militares. Al a\u00f1o siguiente, Esther se convirti\u00f3 en una de las fundadoras de las Madres de Plaza de Mayo.\u00a0Muy pronto ella misma fue secuestrada y torturada. Su cuerpo nunca fue hallado y se convirti\u00f3 en una de los miles de desaparecidos que dej\u00f3 el r\u00e9gimen militar.<\/p>\n<p>&#8220;Lo que m\u00e1s aprendi\u00f3 de ella es que, m\u00e1s all\u00e1 de que uno sea de palabra cristiano, lo importante es lo que hace. Y \u00e9l ve\u00eda a Esther como una persona totalmente volcada a servir al pr\u00f3jimo, inclusive arriesgando su propia vida&#8221;, agrega Vera.<\/p>\n<p><strong>Los a\u00f1os de plomo<\/strong><br \/>\nEn los a\u00f1os 60, Jorge Bergloglio hab\u00eda dejado su trabajo como t\u00e9cnico qu\u00edmico para entrar en el seminario en la Compa\u00f1\u00eda de Jes\u00fas.\u00a0Tras ser ordenado sacerdote en 1969, estudi\u00f3 humanidades y filosof\u00eda en Argentina, vivi\u00f3 en Chile y un breve tiempo en Alemania. Ense\u00f1\u00f3 literatura y psicolog\u00eda en colegios jesuitas.<\/p>\n<p>Ascendi\u00f3 r\u00e1pidamente y en 1973 se convirti\u00f3 en superior provincial de la orden que hab\u00eda elegido.<\/p>\n<p>Jorge Bergoglio de joven dando misaFuente de la imagen,Getty Images<br \/>\nPie de foto,Jorge Bergoglio de joven dando misa en su Argentina natal.<br \/>\nEran tiempos convulsos en Argentina, y tras el golpe militar fue se\u00f1alado de no haber protegido a dos sacerdotes que fueron secuestrados por los militares mientras trabajaban en algunos de los barrios m\u00e1s pobres del pa\u00eds.<\/p>\n<p>Fue una acusaci\u00f3n que \u00e9l neg\u00f3 rotundamente, insistiendo en que trabaj\u00f3 tras bastidores para liberarlos.\u00a0Los sacerdotes fueron torturados, pero finalmente se los encontr\u00f3 con vida. A\u00f1os m\u00e1s tarde, Bergoglio fue investigado por este caso y exonerado.<\/p>\n<p>Tambi\u00e9n hay quienes sintieron que no hizo lo suficiente para oponerse o denunciar al brutal r\u00e9gimen militar que dej\u00f3 decenas de miles de v\u00edctimas.<\/p>\n<p>&#8220;Hice lo que pude con la edad que ten\u00eda y las pocas relaciones con las que contaba, para abogar por personas secuestradas&#8221;, asegur\u00f3 \u00e9l mismo sobre esa controversia en la biograf\u00eda &#8220;El Jesuita&#8221;, publicada en 2010.<\/p>\n<p>Tras su elecci\u00f3n como Papa en 2013, varias personas confirmaron que trat\u00f3 de ayudar a quienes buscaron huir del pa\u00eds. Incluso se public\u00f3 un libro con testimonios titulado &#8220;Salvados por Francisco&#8221;.<\/p>\n<p>&#8220;Nos llevaste en tu auto (&#8230;). Me pediste que tratara de ocultarme y que no mirara el camino que \u00edbamos a hacer. Pens\u00e9: &#8216;\u00bfSe habr\u00e1 dado cuenta este curita del riesgo al que se est\u00e1 exponiendo?&#8217;. Entonces no sab\u00eda que eras el Provincial de los jesuitas&#8221;, cuenta el uruguayo Gonzalo Mosca, quien fue perseguido por los militares de ambos pa\u00edses, en una carta que se recoge en el libro.<\/p>\n<p><strong>Defensor del di\u00e1logo<\/strong><br \/>\nBergoglio tambi\u00e9n mantuvo diferencias con jesuitas que lo criticaban por su falta de inter\u00e9s en la teolog\u00eda de la liberaci\u00f3n, esa s\u00edntesis del pensamiento cristiano y la sociolog\u00eda marxista que buscaba derrocar la injusticia.<\/p>\n<p>\u00c9l, por el contrario, prefer\u00eda una forma m\u00e1s suave de apoyo pastoral. A veces, la relaci\u00f3n incluso rayaba en el distanciamiento.\u00a0No obstante, sigui\u00f3 escalando en la jerarqu\u00eda eclesi\u00e1stica. Fue nombrado obispo auxiliar de Buenos Aires en 1992 y seis a\u00f1os m\u00e1s tarde se convirti\u00f3 en arzobispo.<\/p>\n<p>El papa Juan Pablo II lo nombr\u00f3 cardenal en 2001 y asumi\u00f3 cargos en la Curia, el organismo que supervisa el funcionamiento de la Iglesia cat\u00f3lica.\u00a0En todas esas instancias cultiv\u00f3 la reputaci\u00f3n de hombre de gustos sencillos, que luego mostr\u00f3 como pont\u00edfice.<\/p>\n<p>&#8220;Cuando lo conoc\u00ed, me llam\u00f3 la atenci\u00f3n porque viajaba siempre en subte y colectivo (autob\u00fas), viv\u00eda en un cuartito en el segundo piso del arzobispado sin servicio dom\u00e9stico, nada. Se hac\u00eda todas las cosas \u00e9l&#8221;, recuerda Vera, quien se acerc\u00f3 por primera vez al entonces arzobispo para pedirle protecci\u00f3n para su organizaci\u00f3n, la Fundaci\u00f3n La Alameda, que estaba amenazada por su lucha contra la explotaci\u00f3n y la trata de personas.<\/p>\n<p>Bergoglio tambi\u00e9n sol\u00eda volar en clase econ\u00f3mica y siempre que pod\u00eda prefer\u00eda usar la t\u00fanica negra de sacerdote a otros trajes.<\/p>\n<p>Como arzobispo de Buenos Aires, Bergoglio defendi\u00f3 el reclamo argentino de soberan\u00eda sobre la islas Malvinas. En sus sermones, llamaba a la inclusi\u00f3n social y criticaba a los gobiernos que no prestaban atenci\u00f3n a los m\u00e1s pobres de la sociedad.<\/p>\n<p>&#8220;Vivimos en la parte m\u00e1s desigual del mundo, que ha crecido m\u00e1s, pero que ha reducido menos la miseria&#8221;, denunci\u00f3 en m\u00e1s de una oportunidad.\u00a0A Francisco se le reconoce tambi\u00e9n por incentivar y privilegiar el di\u00e1logo.<\/p>\n<p>Trabaj\u00f3 intensamente con miembros de otras iglesias, hizo grandes esfuerzos para sanar la brecha milenaria con la Iglesia Ortodoxa Oriental y convenci\u00f3 a los l\u00edderes israel\u00edes y palestinos de que se unieran a \u00e9l para orar por la paz.<\/p>\n<p>Durante su papado, llam\u00f3 la atenci\u00f3n sobre los migrantes que llegaban en botes a Europa y compar\u00f3 los centros de detenci\u00f3n de inmigrantes en ese continente con campos de concentraci\u00f3n.<\/p>\n<p>De hecho, su primera visita oficial como Papa fue a la isla italiana de Lampedusa, donde cada a\u00f1o llegan miles de personas desde las costas africanas.<\/p>\n<p>Y, como latinoamericano de habla hispana, brind\u00f3 un servicio crucial como mediador cuando el gobierno de Estados Unidos avanz\u00f3 hacia un acercamiento hist\u00f3rico con Cuba, bajo el gobierno de Barack Obama (2009-2017).<\/p>\n<p>Tradiciones y abuso<br \/>\nPero as\u00ed como pontificado tuvo muchos elementos pioneros, su papado ha sido se\u00f1alado por muchos como ambivalente.\u00a0Es que en muchos aspectos, el papa Francisco era un tradicionalista.<\/p>\n<p>Fue &#8220;tan intransigente como el papa Juan Pablo II&#8230; sobre la eutanasia, la pena de muerte, el aborto, el derecho a la vida, los derechos humanos y el celibato de los sacerdotes&#8221;, afirma monse\u00f1or Osvaldo Musto, quien estaba con \u00e9l en el seminario.<\/p>\n<p>Bergoglio dijo que la Iglesia deber\u00eda dar la bienvenida a las personas independientemente de su orientaci\u00f3n sexual, pero insisti\u00f3 en que la adopci\u00f3n gay era una discriminaci\u00f3n contra los ni\u00f1os.<\/p>\n<p>Pronunci\u00f3 palabras c\u00e1lidas a favor de las uniones de personas del mismo sexo, pero se neg\u00f3 a llamarlo matrimonio. Eso, para \u00e9l, ser\u00eda &#8220;un intento de destruir el plan de Dios&#8221;.<\/p>\n<p>En 2013, ya siendo Papa, particip\u00f3 en una marcha pro vida en Roma, pidiendo por los derechos de los no nacidos &#8220;desde el momento de la concepci\u00f3n&#8221;.<\/p>\n<p>Y aunque en enero de 2025 nombr\u00f3, por primera vez en la historia, a una mujer (Simona Brambilla) como prefecta en el Vaticano, se resisti\u00f3 a la ordenaci\u00f3n de mujeres, declarando que el papa Juan Pablo II hab\u00eda descartado de una vez por todas la posibilidad.<\/p>\n<p>&#8220;Yo creo que es el Papa m\u00e1s importante en cuanto a reformas de la Iglesia desde Juan XXIII&#8221;, le dijo a BBC Mundo el periodista Vicens Lozano, autor de &#8220;Vaticangate&#8221;, quien lleva m\u00e1s de cuatro d\u00e9cadas cubriendo la Santa Sede.<\/p>\n<p>&#8220;Es cierto que cuando asumi\u00f3 gener\u00f3 grandes esperanzas de reformas y decepcion\u00f3 a mucha gente que pensaba que el proceso ser\u00eda muy r\u00e1pido, pero el tiempo de la Iglesia es muy distinto al que se vive fuera de los muros del Vaticano\u2026 siempre digo que cuando uno entra all\u00ed debe sacarse el reloj&#8221;, se\u00f1ala.<\/p>\n<p>&#8220;En los \u00faltimos a\u00f1os de su papado Francisco aceler\u00f3 el proceso de reformas, pero no quer\u00eda ahondar las divisiones entre los reformistas y los tradicionalistas para evitar que se produzca un cisma&#8221;, afirm\u00f3 Lozano.<\/p>\n<p>El mayor desaf\u00edo de su papado vino de dos frentes: de aquellos que lo acusaron de no abordar el tema del abuso clerical y de los cr\u00edticos conservadores que sent\u00edan que estaba diluyendo la fe.<\/p>\n<p>Estos \u00faltimos ten\u00edan en mente sus acciones para permitir que los cat\u00f3licos divorciados y vueltos a casar tomaran la comuni\u00f3n.<\/p>\n<p>A veces, los dos ataques convergieron en uno: los conservadores adoptaron el tema del abuso infantil como un arma en su campa\u00f1a de desprestigio.<\/p>\n<p>Uno de los m\u00e1s famosos lo inici\u00f3 en agosto de 2018, el arzobispo Carlo Maria Vigan\u00f2, exnuncio apost\u00f3lico en EE.UU., que public\u00f3 una declaraci\u00f3n de guerra de 11 p\u00e1ginas.<\/p>\n<p>En su carta, describi\u00f3 una serie de advertencias hechas al Vaticano sobre el comportamiento del excardenal Thomas McCarrick, a quien describi\u00f3 como un abusador en serie que ten\u00eda v\u00edctimas adultas y menores.<\/p>\n<p>El Papa, alegaba Vigan\u00f2, lo hab\u00eda convertido en un &#8220;consejero de confianza&#8221; a pesar de saber que estaba profundamente corrompido.\u00a0La soluci\u00f3n era clara, dec\u00eda: Francisco deb\u00eda dimitir.<\/p>\n<p>&#8220;Estas redes homosexuales&#8221;, afirmaba Vigan\u00f2, &#8220;act\u00faan bajo el manto del secreto y de la mentira, con el poder de los tent\u00e1culos de un pulpo (&#8230;) y est\u00e1n estrangulando a toda la Iglesia&#8221;.\u00a0La disputa termin\u00f3 con la destituci\u00f3n de McCarrick, luego de una investigaci\u00f3n del Vaticano.<\/p>\n<p>Durante su papado, Francisco tom\u00f3 algunas medidas concretas para frenar los abusos dentro de la Iglesia.<\/p>\n<p>&#8220;Una de las m\u00e1s fundamentales fue el cambio del c\u00f3digo can\u00f3nico, que no solo castiga hasta la expulsi\u00f3n a los sacerdotes criminales, sino que tambi\u00e9n castiga con el mismo rigor a los que encubren estos abusos&#8221;, dice Lozano.<\/p>\n<p>En 2019 el Papa removi\u00f3 a toda la c\u00fapula de la Iglesia en Chile por no haber actuado para frenar los abusos sexuales infantiles que cometieron durante d\u00e9cadas miembros del clero en ese pa\u00eds.<\/p>\n<p>&nbsp;<\/p>\n<p><img loading=\"lazy\" decoding=\"async\" class=\"aligncenter size-full wp-image-29229\" src=\"https:\/\/revistaepocadigital.com.ar\/wp-content\/uploads\/2025\/04\/papa-fran-fidel.webp\" alt=\"\" width=\"800\" height=\"450\" srcset=\"https:\/\/revistaepocadigital.com.ar\/wp-content\/uploads\/2025\/04\/papa-fran-fidel.webp 800w, https:\/\/revistaepocadigital.com.ar\/wp-content\/uploads\/2025\/04\/papa-fran-fidel-300x169.webp 300w, https:\/\/revistaepocadigital.com.ar\/wp-content\/uploads\/2025\/04\/papa-fran-fidel-768x432.webp 768w\" sizes=\"auto, (max-width: 800px) 100vw, 800px\" \/><\/p>\n<p>El Papa se saluda con Fidel Castro, durante su viaje a Cuba en 2015 (foto genileza Reuters)<\/p>\n<p>&nbsp;<\/p>\n<p>Tambi\u00e9n pidi\u00f3 disculpas por haber cometido &#8220;graves equivocaciones de valoraci\u00f3n&#8221; durante su visita a Chile, el a\u00f1o anterior, cuando defendi\u00f3 la inocencia de un obispo que encubri\u00f3 abusos.<\/p>\n<p>En enero de 2025 disolvi\u00f3 el Sodalicio de Vida Cristiana, la comunidad religiosa cat\u00f3lica con sede en Per\u00fa investigada durante a\u00f1os por denuncias de presuntos abusos sexuales y psicol\u00f3gicos.<\/p>\n<p>Tambi\u00e9n luch\u00f3 contra el abuso de poder: en 2022 le quit\u00f3 privilegios al Opus Dei, una de las instituciones m\u00e1s conservadoras de la Iglesia, que qued\u00f3 relegado a la categor\u00eda de asociaci\u00f3n clerical p\u00fablica.<\/p>\n<p>Ocurri\u00f3 meses despu\u00e9s de que 43 exempleadas dom\u00e9sticas de Argentina, Paraguay y Bolivia denunciaran al Opus Dei ante el Vaticano por servidumbre y explotaci\u00f3n laboral.\u00a0Para Lozano, las acusaciones de que no hizo suficiente son injustas.<\/p>\n<p>&#8220;Francisco luch\u00f3 contra lo que \u00e9l mismo llamaba la &#8216;cultura de la impunidad en la Iglesia&#8217; y cre\u00f3 varias comisiones en el Vaticano para investigar los casos de abusos sexuales&#8221;, cuenta.<\/p>\n<p>&#8220;Hubo muchas expulsiones de sacerdotes de la Iglesia, lo que pasa es que eso aparece poco en los medios de comunicaci\u00f3n&#8221;, asegura.<\/p>\n<p><strong>Legado<\/strong><br \/>\nJorge Mario Bergoglio subi\u00f3 al trono de San Pedro decidido a cambiarlo.<\/p>\n<p>Para dar ejemplo, fue un Papa sin lujos que eligi\u00f3 no vivir en el Palacio Apost\u00f3lico del Vaticano -que incluye a la Capilla Sixtina-, sino en la residencia de Santa Marta, al lado, donde viv\u00eda en un peque\u00f1o departamento de tres ambientes.<\/p>\n<p>Cre\u00eda que cualquier otra cosa ser\u00eda vanidad.<\/p>\n<p>&#8220;Mira el pavo real&#8221;, dijo, &#8220;es hermoso si lo miras de frente. Pero si lo miras desde atr\u00e1s, descubres la verdad&#8221;.<\/p>\n<p>&#8220;\u00c9l sab\u00eda que la base del poder era predicar con el ejemplo&#8221;, dice Vera.<\/p>\n<p>&#8220;Pocos saben que los mi\u00e9rcoles, cuando ten\u00eda la audiencia general, y los domingos, cuando rezaba el \u00c1ngelus, \u00e9l almorzaba en el comedor de Santa Marta.<\/p>\n<p>&#8220;Pero no iba a la misma hora que almorzaban todos los prelados, sino una hora antes, con los mozos y los cocineros, y \u00e9l mismo se serv\u00eda su comida, como si fueran una familia&#8221;, revela.<\/p>\n<p>Tambi\u00e9n esperaba poder reorganizar la instituci\u00f3n desde adentro, mejorando su misi\u00f3n hist\u00f3rica al eliminar las luchas internas, centr\u00e1ndose en los pobres y devolviendo la Iglesia a la gente.<\/p>\n<p>&#8220;Necesitamos evitar la enfermedad espiritual de una Iglesia que est\u00e1 envuelta en su propio mundo&#8221;, dijo poco despu\u00e9s de su elecci\u00f3n.<\/p>\n<p>&#8220;Si tuviera que elegir entre una Iglesia herida que sale a la calle y una Iglesia enferma y retirada, elegir\u00eda la primera&#8221;.<\/p>\n<p><strong>Lo logr\u00f3 solo a medias.<\/strong><\/p>\n<p>Muchos de los que esperaban una gran reforma se sintieron decepcionados, sobre todo por c\u00f3mo encar\u00f3 el legado de abuso sexual clerical.<\/p>\n<p>Francisco realiz\u00f3 casi medio centenar de giras durante su papado, pero nunca volvi\u00f3 a Argentina. En su propio patio trasero, Am\u00e9rica Latina, no logr\u00f3 frenar el avance de la Iglesia evang\u00e9lica, que durante sus 12 a\u00f1os de papado no dej\u00f3 de sumar a fieles desencantados con el catolicismo.<\/p>\n<p>Y en su natal Argentina caus\u00f3 decepci\u00f3n el hecho de que nunca visit\u00f3 el pa\u00eds, que en los \u00faltimos a\u00f1os ha atravesado una de las crisis econ\u00f3micas m\u00e1s graves de su historia, con un fuerte aumento de la pobreza.\u00a0No obstante, Francisco ser\u00e1 recordado por su trabajo incansable para difundir la palabra de Dios, con visitas a m\u00e1s de 60 pa\u00edses en todos los rincones del planeta.<\/p>\n<p>Y, como un hombre humilde que practicaba lo que predicaba y que mantuvo la calidez y sencillez a pesar de ocupar lo que seguramente sea el cargo vitalicio m\u00e1s poderoso del planeta<\/p>\n<p>notaa publicada eb BBC News, Mundo. Argentina<\/p>\n<p>&nbsp;<\/p>\n","protected":false},"excerpt":{"rendered":"<p>La extraordinaria vida de Francisco, el Papa &#8220;ambivalente&#8221; que rechaz\u00f3 los lujos.<\/p>\n","protected":false},"author":3,"featured_media":29225,"comment_status":"open","ping_status":"open","sticky":false,"template":"","format":"standard","meta":{"footnotes":"","jetpack_publicize_message":"","jetpack_publicize_feature_enabled":true,"jetpack_social_post_already_shared":true,"jetpack_social_options":{"image_generator_settings":{"template":"highway","default_image_id":0,"font":"","enabled":false},"version":2}},"categories":[17],"tags":[3142],"class_list":["post-29224","post","type-post","status-publish","format-standard","has-post-thumbnail","hentry","category-politica","tag-fallecimiento-papa-francisco"],"jetpack_publicize_connections":[],"jetpack_featured_media_url":"https:\/\/revistaepocadigital.com.ar\/wp-content\/uploads\/2025\/04\/papa-francis.jpg","jetpack_likes_enabled":true,"_links":{"self":[{"href":"https:\/\/revistaepocadigital.com.ar\/index.php?rest_route=\/wp\/v2\/posts\/29224","targetHints":{"allow":["GET"]}}],"collection":[{"href":"https:\/\/revistaepocadigital.com.ar\/index.php?rest_route=\/wp\/v2\/posts"}],"about":[{"href":"https:\/\/revistaepocadigital.com.ar\/index.php?rest_route=\/wp\/v2\/types\/post"}],"author":[{"embeddable":true,"href":"https:\/\/revistaepocadigital.com.ar\/index.php?rest_route=\/wp\/v2\/users\/3"}],"replies":[{"embeddable":true,"href":"https:\/\/revistaepocadigital.com.ar\/index.php?rest_route=%2Fwp%2Fv2%2Fcomments&post=29224"}],"version-history":[{"count":0,"href":"https:\/\/revistaepocadigital.com.ar\/index.php?rest_route=\/wp\/v2\/posts\/29224\/revisions"}],"wp:featuredmedia":[{"embeddable":true,"href":"https:\/\/revistaepocadigital.com.ar\/index.php?rest_route=\/wp\/v2\/media\/29225"}],"wp:attachment":[{"href":"https:\/\/revistaepocadigital.com.ar\/index.php?rest_route=%2Fwp%2Fv2%2Fmedia&parent=29224"}],"wp:term":[{"taxonomy":"category","embeddable":true,"href":"https:\/\/revistaepocadigital.com.ar\/index.php?rest_route=%2Fwp%2Fv2%2Fcategories&post=29224"},{"taxonomy":"post_tag","embeddable":true,"href":"https:\/\/revistaepocadigital.com.ar\/index.php?rest_route=%2Fwp%2Fv2%2Ftags&post=29224"}],"curies":[{"name":"wp","href":"https:\/\/api.w.org\/{rel}","templated":true}]}}