{"id":29267,"date":"2025-04-25T11:04:42","date_gmt":"2025-04-25T14:04:42","guid":{"rendered":"https:\/\/revistaepocadigital.com.ar\/?p=29267"},"modified":"2025-04-25T11:04:42","modified_gmt":"2025-04-25T14:04:42","slug":"el-negro-carranza","status":"publish","type":"post","link":"https:\/\/revistaepocadigital.com.ar\/?p=29267","title":{"rendered":"El Negro Carranza"},"content":{"rendered":"<p><img loading=\"lazy\" decoding=\"async\" class=\"size-medium wp-image-29268 alignleft\" src=\"https:\/\/revistaepocadigital.com.ar\/wp-content\/uploads\/2025\/04\/carranza-300x290.jpg\" alt=\"\" width=\"300\" height=\"290\" srcset=\"https:\/\/revistaepocadigital.com.ar\/wp-content\/uploads\/2025\/04\/carranza-300x290.jpg 300w, https:\/\/revistaepocadigital.com.ar\/wp-content\/uploads\/2025\/04\/carranza-1200x1161.jpg 1200w, https:\/\/revistaepocadigital.com.ar\/wp-content\/uploads\/2025\/04\/carranza-768x743.jpg 768w, https:\/\/revistaepocadigital.com.ar\/wp-content\/uploads\/2025\/04\/carranza-696x673.jpg 696w, https:\/\/revistaepocadigital.com.ar\/wp-content\/uploads\/2025\/04\/carranza-1068x1033.jpg 1068w, https:\/\/revistaepocadigital.com.ar\/wp-content\/uploads\/2025\/04\/carranza-434x420.jpg 434w, https:\/\/revistaepocadigital.com.ar\/wp-content\/uploads\/2025\/04\/carranza-868x840.jpg 868w, https:\/\/revistaepocadigital.com.ar\/wp-content\/uploads\/2025\/04\/carranza.jpg 1280w\" sizes=\"auto, (max-width: 300px) 100vw, 300px\" \/>Falleci\u00f3 un personaje de Capilla. Una parte de la adolescencia de muchos de los que hoy llevamos canas, tenemos m\u00e1s de una an\u00e9cdota con el, Mar\u00edano de Jes\u00fas Carranza. Para la gran mayor\u00eda el Negro Carranza<\/p>\n<p>Que dos tipos en la foto Cacho Grimaldi y el Negro Carranza. Por Fernando Lodeiro\u00a0(facebook)<\/p>\n","protected":false},"excerpt":{"rendered":"<p>Falleci\u00f3 un personaje de Capilla. Una parte de la adolescencia de muchos de los que hoy llevamos canas, tenemos m\u00e1s de una an\u00e9cdota con el, Mar\u00edano de Jes\u00fas Carranza. Para la gran mayor\u00eda el Negro Carranza Que dos tipos en la foto Cacho Grimaldi y el Negro Carranza. Por Fernando Lodeiro\u00a0(facebook)<\/p>\n","protected":false},"author":3,"featured_media":29268,"comment_status":"open","ping_status":"open","sticky":false,"template":"","format":"standard","meta":{"footnotes":"","jetpack_publicize_message":"","jetpack_publicize_feature_enabled":true,"jetpack_social_post_already_shared":true,"jetpack_social_options":{"image_generator_settings":{"template":"highway","default_image_id":0,"font":"","enabled":false},"version":2}},"categories":[14],"tags":[],"class_list":["post-29267","post","type-post","status-publish","format-standard","has-post-thumbnail","hentry","category-la-gente"],"jetpack_publicize_connections":[],"jetpack_featured_media_url":"https:\/\/revistaepocadigital.com.ar\/wp-content\/uploads\/2025\/04\/carranza.jpg","jetpack_likes_enabled":true,"_links":{"self":[{"href":"https:\/\/revistaepocadigital.com.ar\/index.php?rest_route=\/wp\/v2\/posts\/29267","targetHints":{"allow":["GET"]}}],"collection":[{"href":"https:\/\/revistaepocadigital.com.ar\/index.php?rest_route=\/wp\/v2\/posts"}],"about":[{"href":"https:\/\/revistaepocadigital.com.ar\/index.php?rest_route=\/wp\/v2\/types\/post"}],"author":[{"embeddable":true,"href":"https:\/\/revistaepocadigital.com.ar\/index.php?rest_route=\/wp\/v2\/users\/3"}],"replies":[{"embeddable":true,"href":"https:\/\/revistaepocadigital.com.ar\/index.php?rest_route=%2Fwp%2Fv2%2Fcomments&post=29267"}],"version-history":[{"count":0,"href":"https:\/\/revistaepocadigital.com.ar\/index.php?rest_route=\/wp\/v2\/posts\/29267\/revisions"}],"wp:featuredmedia":[{"embeddable":true,"href":"https:\/\/revistaepocadigital.com.ar\/index.php?rest_route=\/wp\/v2\/media\/29268"}],"wp:attachment":[{"href":"https:\/\/revistaepocadigital.com.ar\/index.php?rest_route=%2Fwp%2Fv2%2Fmedia&parent=29267"}],"wp:term":[{"taxonomy":"category","embeddable":true,"href":"https:\/\/revistaepocadigital.com.ar\/index.php?rest_route=%2Fwp%2Fv2%2Fcategories&post=29267"},{"taxonomy":"post_tag","embeddable":true,"href":"https:\/\/revistaepocadigital.com.ar\/index.php?rest_route=%2Fwp%2Fv2%2Ftags&post=29267"}],"curies":[{"name":"wp","href":"https:\/\/api.w.org\/{rel}","templated":true}]}}