{"id":29271,"date":"2025-04-25T11:08:58","date_gmt":"2025-04-25T14:08:58","guid":{"rendered":"https:\/\/revistaepocadigital.com.ar\/?p=29271"},"modified":"2025-04-25T11:09:49","modified_gmt":"2025-04-25T14:09:49","slug":"quienes-eligen-al-nuevo-papa","status":"publish","type":"post","link":"https:\/\/revistaepocadigital.com.ar\/?p=29271","title":{"rendered":"Quienes eligen al nuevo Papa"},"content":{"rendered":"<p>Latinoam\u00e9rica tiene 41 cardenales y estar\u00e1 presente en el c\u00f3nclave con 23 cardenales electores, que son los menores de 80 a\u00f1os con derecho a voto. Brasil tiene la mayor representaci\u00f3n de la regi\u00f3n con 7 electores, seguido de Argentina con 4. Am\u00e9rica Latina representa el 17% de los electores y tiene m\u00e1s votos que \u00c1frica. Esto confirma la influencia potencial de esta regi\u00f3n en la elecci\u00f3n del pr\u00f3ximo Papa.<\/p>\n<p>Solo 3 cardenales, de los 23 electores latinoamericanos, fueron creados por Benedicto XVI y participaron del c\u00f3nclave que eligi\u00f3 al\u00a0Papa\u00a0Francisco<\/p>\n","protected":false},"excerpt":{"rendered":"<p>Latinoam\u00e9rica tiene 41 cardenales y estar\u00e1 presente en el c\u00f3nclave con 23 cardenales electores, que son los menores de 80 a\u00f1os con derecho a voto. Brasil tiene la mayor representaci\u00f3n de la regi\u00f3n con 7 electores, seguido de Argentina con 4. Am\u00e9rica Latina representa el 17% de los electores y tiene m\u00e1s votos que \u00c1frica. [&hellip;]<\/p>\n","protected":false},"author":3,"featured_media":29272,"comment_status":"open","ping_status":"open","sticky":false,"template":"","format":"standard","meta":{"footnotes":"","jetpack_publicize_message":"","jetpack_publicize_feature_enabled":true,"jetpack_social_post_already_shared":true,"jetpack_social_options":{"image_generator_settings":{"template":"highway","default_image_id":0,"font":"","enabled":false},"version":2}},"categories":[13],"tags":[],"class_list":["post-29271","post","type-post","status-publish","format-standard","has-post-thumbnail","hentry","category-interes-general"],"jetpack_publicize_connections":[],"jetpack_featured_media_url":"https:\/\/revistaepocadigital.com.ar\/wp-content\/uploads\/2025\/04\/cardenales.jpg","jetpack_likes_enabled":true,"_links":{"self":[{"href":"https:\/\/revistaepocadigital.com.ar\/index.php?rest_route=\/wp\/v2\/posts\/29271","targetHints":{"allow":["GET"]}}],"collection":[{"href":"https:\/\/revistaepocadigital.com.ar\/index.php?rest_route=\/wp\/v2\/posts"}],"about":[{"href":"https:\/\/revistaepocadigital.com.ar\/index.php?rest_route=\/wp\/v2\/types\/post"}],"author":[{"embeddable":true,"href":"https:\/\/revistaepocadigital.com.ar\/index.php?rest_route=\/wp\/v2\/users\/3"}],"replies":[{"embeddable":true,"href":"https:\/\/revistaepocadigital.com.ar\/index.php?rest_route=%2Fwp%2Fv2%2Fcomments&post=29271"}],"version-history":[{"count":0,"href":"https:\/\/revistaepocadigital.com.ar\/index.php?rest_route=\/wp\/v2\/posts\/29271\/revisions"}],"wp:featuredmedia":[{"embeddable":true,"href":"https:\/\/revistaepocadigital.com.ar\/index.php?rest_route=\/wp\/v2\/media\/29272"}],"wp:attachment":[{"href":"https:\/\/revistaepocadigital.com.ar\/index.php?rest_route=%2Fwp%2Fv2%2Fmedia&parent=29271"}],"wp:term":[{"taxonomy":"category","embeddable":true,"href":"https:\/\/revistaepocadigital.com.ar\/index.php?rest_route=%2Fwp%2Fv2%2Fcategories&post=29271"},{"taxonomy":"post_tag","embeddable":true,"href":"https:\/\/revistaepocadigital.com.ar\/index.php?rest_route=%2Fwp%2Fv2%2Ftags&post=29271"}],"curies":[{"name":"wp","href":"https:\/\/api.w.org\/{rel}","templated":true}]}}