{"id":29274,"date":"2025-04-28T09:16:31","date_gmt":"2025-04-28T12:16:31","guid":{"rendered":"https:\/\/revistaepocadigital.com.ar\/?p=29274"},"modified":"2025-04-28T09:51:01","modified_gmt":"2025-04-28T12:51:01","slug":"ultima-carta-al-mundo-del-papa-francisco","status":"publish","type":"post","link":"https:\/\/revistaepocadigital.com.ar\/?p=29274","title":{"rendered":"\u00daltima carta al mundo del Papa Francisco."},"content":{"rendered":"<p style=\"text-align: right;\">Le\u00edda con el coraz\u00f3n, despu\u00e9s de su partida<\/p>\n<p>Queridos hermanos y hermanas,<\/p>\n<p>Si est\u00e1n leyendo esto, es porque ya me fui. Y antes de que la nostalgia les empa\u00f1e los ojos, d\u00e9jenme decirles algo con la voz del alma: no lloren por m\u00ed. Sigan haciendo l\u00edo.<\/p>\n<p>No viv\u00ed esta vida para que me recuerden por discursos o por fotograf\u00edas. Lo \u00fanico que dese\u00e9, lo \u00fanico que quise con toda mi fragilidad, fue que volvamos a mirar a Jes\u00fas. Que salgamos a la calle con el Evangelio en los pies, con misericordia en las manos y con amor en el coraz\u00f3n.<\/p>\n<p>Si alguna vez mis palabras les tocaron, no las guarden. Convi\u00e9rtanlas en acci\u00f3n. Abracen al que est\u00e1 solo. Perdonen a quien les hiri\u00f3. Vuelvan a empezar cuantas veces haga falta. No esperen que el mundo cambie. Sean ustedes el comienzo.<\/p>\n<p>A los j\u00f3venes, mis queridos rebeldes del bien: no dejen que les roben la alegr\u00eda ni la capacidad de asombrarse. El mundo necesita su pasi\u00f3n, su arte, su locura hermosa por lo justo.<\/p>\n<p>A los abuelos y abuelas: gracias. Ustedes sostienen la historia con silencio y sabidur\u00eda. No dejen de contar sus historias. No se retiren del amor.<\/p>\n<p>A los sacerdotes, a los obispos, a toda la Iglesia: no se conviertan en funcionarios de lo sagrado. Sean pastores. Con las manos sucias de servir y el coraz\u00f3n encendido de ternura.<\/p>\n<p>Y a vos, que tal vez est\u00e1s leyendo esto con dolor, con preguntas, con ganas de sentir algo m\u00e1s\u2026 te digo: Dios no se fue. Est\u00e1 con vos. Aunque lo sientas lejos, \u00c9l camina en tus pasos cansados.<\/p>\n<p>Yo me voy en paz. No porque no haya dolor, sino porque conf\u00edo. Conf\u00edo en ustedes. En su compasi\u00f3n. En su alegr\u00eda. En su fe, aunque sea chiquita como una semilla de mostaza.<\/p>\n<p>Recen. Cuiden la Tierra. Defiendan la dignidad humana. Y cuando se re\u00fanan a comer, dejen una silla libre. Que sea para el pobre. Que sea para Jes\u00fas.<\/p>\n<p>No se olviden de rezar por m\u00ed. Yo estar\u00e9 rezando por ustedes. Siempre.<\/p>\n<p>Con amor de Padre,<br \/>\nFrancisco<\/p>\n","protected":false},"excerpt":{"rendered":"<p>Le\u00edda con el coraz\u00f3n, despu\u00e9s de su partida Queridos hermanos y hermanas, Si est\u00e1n leyendo esto, es porque ya me fui. Y antes de que la nostalgia les empa\u00f1e los ojos, d\u00e9jenme decirles algo con la voz del alma: no lloren por m\u00ed. Sigan haciendo l\u00edo. No viv\u00ed esta vida para que me recuerden por [&hellip;]<\/p>\n","protected":false},"author":3,"featured_media":29275,"comment_status":"open","ping_status":"open","sticky":false,"template":"","format":"standard","meta":{"footnotes":"","jetpack_publicize_message":"","jetpack_publicize_feature_enabled":true,"jetpack_social_post_already_shared":true,"jetpack_social_options":{"image_generator_settings":{"template":"highway","default_image_id":0,"font":"","enabled":false},"version":2}},"categories":[17],"tags":[],"class_list":["post-29274","post","type-post","status-publish","format-standard","has-post-thumbnail","hentry","category-politica"],"jetpack_publicize_connections":[],"jetpack_featured_media_url":"https:\/\/revistaepocadigital.com.ar\/wp-content\/uploads\/2025\/04\/papa.jpg","jetpack_likes_enabled":true,"_links":{"self":[{"href":"https:\/\/revistaepocadigital.com.ar\/index.php?rest_route=\/wp\/v2\/posts\/29274","targetHints":{"allow":["GET"]}}],"collection":[{"href":"https:\/\/revistaepocadigital.com.ar\/index.php?rest_route=\/wp\/v2\/posts"}],"about":[{"href":"https:\/\/revistaepocadigital.com.ar\/index.php?rest_route=\/wp\/v2\/types\/post"}],"author":[{"embeddable":true,"href":"https:\/\/revistaepocadigital.com.ar\/index.php?rest_route=\/wp\/v2\/users\/3"}],"replies":[{"embeddable":true,"href":"https:\/\/revistaepocadigital.com.ar\/index.php?rest_route=%2Fwp%2Fv2%2Fcomments&post=29274"}],"version-history":[{"count":0,"href":"https:\/\/revistaepocadigital.com.ar\/index.php?rest_route=\/wp\/v2\/posts\/29274\/revisions"}],"wp:featuredmedia":[{"embeddable":true,"href":"https:\/\/revistaepocadigital.com.ar\/index.php?rest_route=\/wp\/v2\/media\/29275"}],"wp:attachment":[{"href":"https:\/\/revistaepocadigital.com.ar\/index.php?rest_route=%2Fwp%2Fv2%2Fmedia&parent=29274"}],"wp:term":[{"taxonomy":"category","embeddable":true,"href":"https:\/\/revistaepocadigital.com.ar\/index.php?rest_route=%2Fwp%2Fv2%2Fcategories&post=29274"},{"taxonomy":"post_tag","embeddable":true,"href":"https:\/\/revistaepocadigital.com.ar\/index.php?rest_route=%2Fwp%2Fv2%2Ftags&post=29274"}],"curies":[{"name":"wp","href":"https:\/\/api.w.org\/{rel}","templated":true}]}}