{"id":29277,"date":"2025-04-28T10:22:14","date_gmt":"2025-04-28T13:22:14","guid":{"rendered":"https:\/\/revistaepocadigital.com.ar\/?p=29277"},"modified":"2025-04-28T10:22:14","modified_gmt":"2025-04-28T13:22:14","slug":"campana-de-vacunacion-antigripal-2025","status":"publish","type":"post","link":"https:\/\/revistaepocadigital.com.ar\/?p=29277","title":{"rendered":"CAMPA\u00d1A DE VACUNACI\u00d3N ANTIGRIPAL 2025"},"content":{"rendered":"<p><img loading=\"lazy\" decoding=\"async\" class=\"size-medium wp-image-29278 alignleft\" src=\"https:\/\/revistaepocadigital.com.ar\/wp-content\/uploads\/2025\/04\/vacu2-300x225.jpg\" alt=\"\" width=\"300\" height=\"225\" srcset=\"https:\/\/revistaepocadigital.com.ar\/wp-content\/uploads\/2025\/04\/vacu2-300x225.jpg 300w, https:\/\/revistaepocadigital.com.ar\/wp-content\/uploads\/2025\/04\/vacu2-80x60.jpg 80w, https:\/\/revistaepocadigital.com.ar\/wp-content\/uploads\/2025\/04\/vacu2-160x120.jpg 160w, https:\/\/revistaepocadigital.com.ar\/wp-content\/uploads\/2025\/04\/vacu2-265x198.jpg 265w, https:\/\/revistaepocadigital.com.ar\/wp-content\/uploads\/2025\/04\/vacu2-530x396.jpg 530w, https:\/\/revistaepocadigital.com.ar\/wp-content\/uploads\/2025\/04\/vacu2-561x420.jpg 561w, https:\/\/revistaepocadigital.com.ar\/wp-content\/uploads\/2025\/04\/vacu2.jpg 694w\" sizes=\"auto, (max-width: 300px) 100vw, 300px\" \/>Desde la secretar\u00eda de Salud y Calidad de Vida, se llev\u00f3 adelante la vacunaci\u00f3n antigripal a los Bomberos Voluntarios de Exaltaci\u00f3n de la Cruz.<\/p>\n<p>Record\u00e1 que la vacuna est\u00e1 disponible para los grupos de riesgo en los Hospitales, CAPS y en las postas itinerantes de todo el distrito.<\/p>\n<p>\u00a1Vacunate!<\/p>\n","protected":false},"excerpt":{"rendered":"<p>Desde la secretar\u00eda de Salud y Calidad de Vida, se llev\u00f3 adelante la vacunaci\u00f3n antigripal a los Bomberos Voluntarios de Exaltaci\u00f3n de la Cruz. Record\u00e1 que la vacuna est\u00e1 disponible para los grupos de riesgo en los Hospitales, CAPS y en las postas itinerantes de todo el distrito. \u00a1Vacunate!<\/p>\n","protected":false},"author":3,"featured_media":29279,"comment_status":"open","ping_status":"open","sticky":false,"template":"","format":"standard","meta":{"footnotes":"","jetpack_publicize_message":"","jetpack_publicize_feature_enabled":true,"jetpack_social_post_already_shared":true,"jetpack_social_options":{"image_generator_settings":{"template":"highway","default_image_id":0,"font":"","enabled":false},"version":2}},"categories":[13],"tags":[],"class_list":["post-29277","post","type-post","status-publish","format-standard","has-post-thumbnail","hentry","category-interes-general"],"jetpack_publicize_connections":[],"jetpack_featured_media_url":"https:\/\/revistaepocadigital.com.ar\/wp-content\/uploads\/2025\/04\/vacu1.jpg","jetpack_likes_enabled":true,"_links":{"self":[{"href":"https:\/\/revistaepocadigital.com.ar\/index.php?rest_route=\/wp\/v2\/posts\/29277","targetHints":{"allow":["GET"]}}],"collection":[{"href":"https:\/\/revistaepocadigital.com.ar\/index.php?rest_route=\/wp\/v2\/posts"}],"about":[{"href":"https:\/\/revistaepocadigital.com.ar\/index.php?rest_route=\/wp\/v2\/types\/post"}],"author":[{"embeddable":true,"href":"https:\/\/revistaepocadigital.com.ar\/index.php?rest_route=\/wp\/v2\/users\/3"}],"replies":[{"embeddable":true,"href":"https:\/\/revistaepocadigital.com.ar\/index.php?rest_route=%2Fwp%2Fv2%2Fcomments&post=29277"}],"version-history":[{"count":0,"href":"https:\/\/revistaepocadigital.com.ar\/index.php?rest_route=\/wp\/v2\/posts\/29277\/revisions"}],"wp:featuredmedia":[{"embeddable":true,"href":"https:\/\/revistaepocadigital.com.ar\/index.php?rest_route=\/wp\/v2\/media\/29279"}],"wp:attachment":[{"href":"https:\/\/revistaepocadigital.com.ar\/index.php?rest_route=%2Fwp%2Fv2%2Fmedia&parent=29277"}],"wp:term":[{"taxonomy":"category","embeddable":true,"href":"https:\/\/revistaepocadigital.com.ar\/index.php?rest_route=%2Fwp%2Fv2%2Fcategories&post=29277"},{"taxonomy":"post_tag","embeddable":true,"href":"https:\/\/revistaepocadigital.com.ar\/index.php?rest_route=%2Fwp%2Fv2%2Ftags&post=29277"}],"curies":[{"name":"wp","href":"https:\/\/api.w.org\/{rel}","templated":true}]}}