{"id":29287,"date":"2025-05-05T23:35:08","date_gmt":"2025-05-06T02:35:08","guid":{"rendered":"https:\/\/revistaepocadigital.com.ar\/?p=29287"},"modified":"2025-05-08T22:52:41","modified_gmt":"2025-05-09T01:52:41","slug":"comienzan-a-elegir-al-nuevo-papa","status":"publish","type":"post","link":"https:\/\/revistaepocadigital.com.ar\/?p=29287","title":{"rendered":"Robert Prevost es el nuevo Papa: LEON XIV"},"content":{"rendered":"<p><strong>FUMATA BLANCA.<\/strong><\/p>\n<h5><span style=\"color: #111111; font-family: Roboto, sans-serif; font-size: 32px;\">Estadounidense con nacionalidad peruana. El Papa sigue siendo un americano<\/span><\/h5>\n<article id=\"post-323693\" class=\"post-323693 post type-post status-publish format-standard has-post-thumbnail hentry category-informacion-general tag-destacada tag-iglesia-catolica tag-leon-xiv tag-vaticano\">\n<div class=\"zox-article-wrap zoxrel left zox100\">\n<div class=\"zox-post-top-wrap zoxrel left zox100\">\n<div class=\"zox-post-title-wrap zox-tit2\">\n<div class=\"zox-post-width\">\n<header class=\"zox-post-head-wrap left zoxrel zox100\">\n<div class=\"zox-post-head zoxrel\">\n<h3 class=\"zox-post-title left entry-title\">Qui\u00e9n es, porqu\u00e9 eligi\u00f3 ese nombre.<!--more--><\/h3>\n<p>&nbsp;<\/p>\n<\/div>\n<\/header>\n<\/div>\n<\/div>\n<\/div>\n<div class=\"zox-post-main-grid\">\n<div class=\"zox-post-width\">\n<div class=\"zox-post-main-wrap zoxrel left zox100\">\n<div class=\"zox-post-main\">\n<div class=\"zox-post-bot-wrap\">\n<div class=\"zox-post-img-wrap\">\n<div class=\"zox-post-img left zoxrel zoxlh0\"><img loading=\"lazy\" decoding=\"async\" class=\"flipboard-image wp-post-image\" src=\"https:\/\/elintra.com.ar\/wp-content\/uploads\/2025\/05\/Leon-XIV.jpeg\" sizes=\"auto, (max-width: 1200px) 100vw, 1200px\" srcset=\"https:\/\/i0.wp.com\/elintra.com.ar\/wp-content\/uploads\/2025\/05\/Leon-XIV.jpeg?w=1200&amp;ssl=1 1200w, https:\/\/i0.wp.com\/elintra.com.ar\/wp-content\/uploads\/2025\/05\/Leon-XIV.jpeg?resize=300%2C169&amp;ssl=1 300w, https:\/\/i0.wp.com\/elintra.com.ar\/wp-content\/uploads\/2025\/05\/Leon-XIV.jpeg?resize=1024%2C576&amp;ssl=1 1024w, https:\/\/i0.wp.com\/elintra.com.ar\/wp-content\/uploads\/2025\/05\/Leon-XIV.jpeg?resize=768%2C432&amp;ssl=1 768w, https:\/\/i0.wp.com\/elintra.com.ar\/wp-content\/uploads\/2025\/05\/Leon-XIV.jpeg?resize=600%2C337&amp;ssl=1 600w\" alt=\"Robert Prevost\" width=\"1200\" height=\"675\" data-attachment-id=\"323694\" data-permalink=\"https:\/\/elintra.com.ar\/2025\/05\/08\/robert-prevost-es-el-nuevo-papa-quien-es-y-que-nombre-eligio\/leon-xiv\/\" data-orig-file=\"https:\/\/i0.wp.com\/elintra.com.ar\/wp-content\/uploads\/2025\/05\/Leon-XIV.jpeg?fit=1200%2C675&amp;ssl=1\" data-orig-size=\"1200,675\" data-comments-opened=\"0\" data-image-meta=\"{&quot;aperture&quot;:&quot;0&quot;,&quot;credit&quot;:&quot;&quot;,&quot;camera&quot;:&quot;&quot;,&quot;caption&quot;:&quot;&quot;,&quot;created_timestamp&quot;:&quot;0&quot;,&quot;copyright&quot;:&quot;&quot;,&quot;focal_length&quot;:&quot;0&quot;,&quot;iso&quot;:&quot;0&quot;,&quot;shutter_speed&quot;:&quot;0&quot;,&quot;title&quot;:&quot;&quot;,&quot;orientation&quot;:&quot;0&quot;}\" data-image-title=\"Le\u00f3n XIV\" data-image-description=\"\" data-image-caption=\"\" data-medium-file=\"https:\/\/i0.wp.com\/elintra.com.ar\/wp-content\/uploads\/2025\/05\/Leon-XIV.jpeg?fit=300%2C169&amp;ssl=1\" data-large-file=\"https:\/\/i0.wp.com\/elintra.com.ar\/wp-content\/uploads\/2025\/05\/Leon-XIV.jpeg?fit=880%2C495&amp;ssl=1\" \/><\/div>\n<\/div>\n<\/div>\n<div class=\"zox-post-body-wrap left zoxrel\">\n<div class=\"zox-post-body left zoxrel zox100\">\n<div class=\"ai-viewport-1\" data-insertion-position=\"prepend\" data-selector=\".ai-insert-1-67373410\" data-insertion-no-dbg=\"\" data-code=\"PGRpdiBjbGFzcz0nY29kZS1ibG9jayBjb2RlLWJsb2NrLTEnIHN0eWxlPSdtYXJnaW46IDhweCBhdXRvOyB0ZXh0LWFsaWduOiBjZW50ZXI7IGRpc3BsYXk6IGJsb2NrOyBjbGVhcjogYm90aDsnPgo8aW1nIHNyYz0iaHR0cHM6Ly9lbGludHJhLmNvbS5hci93cC1jb250ZW50L3VwbG9hZHMvMjAyNS8wNC9CYW5uZXJzYWx0YS0xLmdpZiIgd2lkdGg9Ijk0MCIgaGVpZ2h0PSIxMDAiIGFsdD0iYmFubmVyc2FsdGEiPjwvYT4KCgo8YnI+Cjxicj4KPGEgaHJlZj0iYnVlbm9zYWlyZXMuZ29iLmFyL0Rlbmd1ZSIgdGFyZ2V0PSJfYmxhbmsiPjxpbWcgc3JjPSJodHRwczovL2VsaW50cmEuY29tLmFyL3dwLWNvbnRlbnQvdXBsb2Fkcy8yMDI0LzEwL0Jhbm5lci1zYWx0YS5qcGciIGFsdD0iYmFubmVyLXNhbHRhIj48L2E+Cgo8L2Rpdj4K\" data-block=\"1\">\n<div class=\"code-block code-block-1\">\n<p>El nuevo sucesor de San Pedro.<\/p>\n<\/div>\n<\/div>\n<p>Luego de mucha expectativa, finalmente la Iglesia Cat\u00f3lica eligi\u00f3 al nuevo sucesor de Francisco el 8 de mayo. Se trata del estadounidense Robert Prevost, uno de los electos por su antecesor para integrar el grupo de cardenales del <strong><a href=\"https:\/\/elintra.com.ar\/tag\/vaticano\/\">Vaticano<\/a><\/strong>. El papa, quien fue tambi\u00e9n obispo de Per\u00fa durante 20 a\u00f1os, eligi\u00f3 el nombre de\u00a0<strong><a href=\"https:\/\/elintra.com.ar\/tag\/leon-xiv\/\">Le\u00f3n XIV<\/a><\/strong>.<\/p>\n<p>Nacido en Chicago el 14 de septiembre de 1955 en el seno de una familia obrera. Prevost ingres\u00f3 a la\u00a0<strong><a href=\"https:\/\/agustinos.pe\/historia-de-la-orden\/#:~:text=La%20Orden%20de%20San%20Agust%C3%ADn,los%20Hechos%20de%20los%20Ap%C3%B3stoles.\">Orden de San Agust\u00edn<\/a><\/strong>\u00a0en su juventud, impulsado por una vocaci\u00f3n misionera que se consolid\u00f3 con sus estudios de filosof\u00eda y teolog\u00eda en la\u00a0<em>Catholic Theological Union<\/em>. En Roma se doctor\u00f3 en\u00a0<strong>Derecho Can\u00f3nico<\/strong>. Tambi\u00e9n obtuvo una licenciatura en\u00a0<strong>Ciencias Matem\u00e1ticas\u00a0<\/strong>en la Universidad de Villanova en 1977.<\/p>\n<p>En octubre de 2013 regres\u00f3 a su lugar de origen, Chicago, para ejercer como maestro de los profesos y vicario provincial, funciones que ejerci\u00f3 el 3 de noviembre de 2014, cuando\u00a0el papa Francisco lo nombr\u00f3 administrador apost\u00f3lico de la di\u00f3cesis de Chiclayo, Per\u00fa. De esta forma, lo elev\u00f3 a obispo y le asign\u00f3 la di\u00f3cesis titular de Sufar.<\/p>\n<p>Sus opiniones se consideran cercanas a las de su antecesor, quien lo nombr\u00f3 cardenal en el Consistorio del 30 de septiembre de 2023, de la Diacon\u00eda de Santa M\u00f3nica. En su pasado,\u00a0<strong>estuvo muchos a\u00f1os como misionero en Per\u00fa\u00a0<\/strong>antes de ser elegido jefe de los Agustinos durante dos mandatos consecutivos. Por ese motivo, tiene la nacionalidad peruana.<\/p>\n<p>De marcado perfil latinoamericano, el nuevo papa se ubica casi a las ant\u00edpodas del presidente estadounidense Donald Trump. Asimismo, su elecci\u00f3n es una respuesta al crecimiento del protestantismo y el evangelismo no s\u00f3lo en el pa\u00eds norteamericano, sino tambi\u00e9n en otros puntos del planeta.<\/p>\n<figure class=\"wp-block-image size-full\"><img loading=\"lazy\" decoding=\"async\" class=\"wp-image-323717\" src=\"https:\/\/i0.wp.com\/elintra.com.ar\/wp-content\/uploads\/2025\/05\/image.png?resize=780%2C439&amp;ssl=1\" sizes=\"auto, (max-width: 780px) 100vw, 780px\" srcset=\"https:\/\/i0.wp.com\/elintra.com.ar\/wp-content\/uploads\/2025\/05\/image.png?w=780&amp;ssl=1 780w, https:\/\/i0.wp.com\/elintra.com.ar\/wp-content\/uploads\/2025\/05\/image.png?resize=300%2C169&amp;ssl=1 300w, https:\/\/i0.wp.com\/elintra.com.ar\/wp-content\/uploads\/2025\/05\/image.png?resize=768%2C432&amp;ssl=1 768w, https:\/\/i0.wp.com\/elintra.com.ar\/wp-content\/uploads\/2025\/05\/image.png?resize=600%2C337&amp;ssl=1 600w\" alt=\"\" width=\"780\" height=\"439\" data-recalc-dims=\"1\" data-attachment-id=\"323717\" data-permalink=\"https:\/\/elintra.com.ar\/2025\/05\/08\/robert-prevost-es-el-nuevo-papa-quien-es-y-que-nombre-eligio\/image-396\/\" data-orig-file=\"https:\/\/i0.wp.com\/elintra.com.ar\/wp-content\/uploads\/2025\/05\/image.png?fit=780%2C439&amp;ssl=1\" data-orig-size=\"780,439\" data-comments-opened=\"0\" data-image-meta=\"{&quot;aperture&quot;:&quot;0&quot;,&quot;credit&quot;:&quot;&quot;,&quot;camera&quot;:&quot;&quot;,&quot;caption&quot;:&quot;&quot;,&quot;created_timestamp&quot;:&quot;0&quot;,&quot;copyright&quot;:&quot;&quot;,&quot;focal_length&quot;:&quot;0&quot;,&quot;iso&quot;:&quot;0&quot;,&quot;shutter_speed&quot;:&quot;0&quot;,&quot;title&quot;:&quot;&quot;,&quot;orientation&quot;:&quot;0&quot;}\" data-image-title=\"image\" data-image-description=\"\" data-image-caption=\"\" data-medium-file=\"https:\/\/i0.wp.com\/elintra.com.ar\/wp-content\/uploads\/2025\/05\/image.png?fit=300%2C169&amp;ssl=1\" data-large-file=\"https:\/\/i0.wp.com\/elintra.com.ar\/wp-content\/uploads\/2025\/05\/image.png?fit=780%2C439&amp;ssl=1\" \/><\/figure>\n<h3><em>El nuevo Papa con el fallecido Francisco quien lo design\u00f3 obispo<\/em><\/h3>\n<h3><\/h3>\n<h3 class=\"wp-block-heading\">C\u00f3mo asumi\u00f3 Le\u00f3n XIV<\/h3>\n<p>Una hora despu\u00e9s de la fumata blanca -igual que\u00a0en 2013-, el cardenal protodi\u00e1cono, el corso-franc\u00e9s\u00a0Dominique Mamberti, sali\u00f3 al balc\u00f3n central de la Bas\u00edlica de San Pedro, conocido como la \u201cloggia\u201d, para pronunciar el tradicional anuncio en lat\u00edn:\u00a0<strong>\u201cHabemus Papam\u201d<\/strong>. As\u00ed, asumi\u00f3 el primer estadounidense en la historia de la Iglesia.<\/p>\n<\/div>\n<\/div>\n<\/div>\n<\/div>\n<\/div>\n<\/div>\n<\/div>\n<\/article>\n<p><img loading=\"lazy\" decoding=\"async\" class=\"aligncenter size-full wp-image-29299\" src=\"https:\/\/revistaepocadigital.com.ar\/wp-content\/uploads\/2025\/05\/2282bbc0-2c34-11f0-8f57-b7237f6a66e6.jpg\" alt=\"\" width=\"700\" height=\"466\" srcset=\"https:\/\/revistaepocadigital.com.ar\/wp-content\/uploads\/2025\/05\/2282bbc0-2c34-11f0-8f57-b7237f6a66e6.jpg 700w, https:\/\/revistaepocadigital.com.ar\/wp-content\/uploads\/2025\/05\/2282bbc0-2c34-11f0-8f57-b7237f6a66e6-300x200.jpg 300w, https:\/\/revistaepocadigital.com.ar\/wp-content\/uploads\/2025\/05\/2282bbc0-2c34-11f0-8f57-b7237f6a66e6-696x463.jpg 696w, https:\/\/revistaepocadigital.com.ar\/wp-content\/uploads\/2025\/05\/2282bbc0-2c34-11f0-8f57-b7237f6a66e6-631x420.jpg 631w\" sizes=\"auto, (max-width: 700px) 100vw, 700px\" \/><\/p>\n<p><strong>Prevost rindi\u00f3 homenaje al\u00a0 Papa Francisco, que muri\u00f3 el pasado 21 de abril a los 88 a\u00f1os, al afirmar su deseo de impartir su bendici\u00f3n al pueblo tal y como hizo su predecesor en su \u00faltima aparici\u00f3n en la Plaza de San Pedro. <\/strong>(foto gentileza Reuters)<\/p>\n<p>&nbsp;<\/p>\n<article id=\"post-323693\" class=\"post-323693 post type-post status-publish format-standard has-post-thumbnail hentry category-informacion-general tag-destacada tag-iglesia-catolica tag-leon-xiv tag-vaticano\">\n<div class=\"zox-article-wrap zoxrel left zox100\">\n<div class=\"zox-post-main-grid\">\n<div class=\"zox-post-width\">\n<div class=\"zox-post-main-wrap zoxrel left zox100\">\n<div class=\"zox-post-main\">\n<div class=\"zox-post-body-wrap left zoxrel\">\n<div class=\"zox-post-body left zoxrel zox100\">\n<p>Durante su discurso frente a miles de fieles, el Sumo Pont\u00edfice se desvi\u00f3 de su italiano para dedicar unas palabras en perfecto castellano a la Di\u00f3cesis de Chiclayo. Ahora, el mundo est\u00e1 a la espera de las decisiones que tome el nuevo papa, y si seguir\u00e1 el camino de Francisco o tomar\u00e1 el suyo propio.<\/p>\n<\/div>\n<div class=\"zox-post-body-bot left zoxrel zox100\">\n<div class=\"zox-post-body-width\"><\/div>\n<\/div>\n<\/div>\n<\/div>\n<\/div>\n<\/div>\n<\/div>\n<\/div>\n<\/article>\n<p><!--more--><\/p>\n<article id=\"post-323676\" class=\"post-323676 post type-post status-publish format-standard has-post-thumbnail hentry category-informacion-general tag-destacada tag-papa-francisco tag-vaticano\">\n<div class=\"zox-article-wrap zoxrel left zox100\">\n<div class=\"zox-post-top-wrap zoxrel left zox100\">\n<div class=\"zox-post-title-wrap zox-tit2\">\n<div class=\"zox-post-width\">\n<header class=\"zox-post-head-wrap left zoxrel zox100\">\n<div class=\"zox-post-head zoxrel\">\n<h1 class=\"zox-post-title left entry-title\">Loa cardenales eligieron al nuevo Papa en la cuarta votaci\u00f3n<\/h1>\n<p>Los 133 cardenales electores lograron definir al sucesor de Francisco.<\/p>\n<div class=\"zox-post-info-wrap\">\n<div class=\"zox-post-byline-wrap\">\n<div class=\"zox-author-thumb\"><\/div>\n<\/div>\n<\/div>\n<\/div>\n<\/header>\n<\/div>\n<\/div>\n<\/div>\n<div class=\"zox-post-main-grid\">\n<div class=\"zox-post-width\">\n<div class=\"zox-post-main-wrap zoxrel left zox100\">\n<div class=\"zox-post-main\">\n<div class=\"zox-post-bot-wrap\">\n<div class=\"zox-post-img-wrap\">\n<div class=\"zox-post-img left zoxrel zoxlh0\"><img loading=\"lazy\" decoding=\"async\" class=\"flipboard-image wp-post-image\" src=\"https:\/\/elintra.com.ar\/wp-content\/uploads\/2025\/05\/fumata-blanca-papa.jpeg\" sizes=\"auto, (max-width: 1280px) 100vw, 1280px\" srcset=\"https:\/\/i0.wp.com\/elintra.com.ar\/wp-content\/uploads\/2025\/05\/fumata-blanca-papa.jpeg?w=1280&amp;ssl=1 1280w, https:\/\/i0.wp.com\/elintra.com.ar\/wp-content\/uploads\/2025\/05\/fumata-blanca-papa.jpeg?resize=300%2C169&amp;ssl=1 300w, https:\/\/i0.wp.com\/elintra.com.ar\/wp-content\/uploads\/2025\/05\/fumata-blanca-papa.jpeg?resize=1024%2C576&amp;ssl=1 1024w, https:\/\/i0.wp.com\/elintra.com.ar\/wp-content\/uploads\/2025\/05\/fumata-blanca-papa.jpeg?resize=768%2C432&amp;ssl=1 768w, https:\/\/i0.wp.com\/elintra.com.ar\/wp-content\/uploads\/2025\/05\/fumata-blanca-papa.jpeg?resize=600%2C337&amp;ssl=1 600w\" alt=\"Papa vaticano\" width=\"1280\" height=\"720\" data-attachment-id=\"323678\" data-permalink=\"https:\/\/elintra.com.ar\/2025\/05\/08\/fumata-blanca-los-cardenales-eligieron-al-nuevo-papa-en-la-cuarta-votacion\/fumata-blanca-papa\/\" data-orig-file=\"https:\/\/i0.wp.com\/elintra.com.ar\/wp-content\/uploads\/2025\/05\/fumata-blanca-papa.jpeg?fit=1280%2C720&amp;ssl=1\" data-orig-size=\"1280,720\" data-comments-opened=\"0\" data-image-meta=\"{&quot;aperture&quot;:&quot;0&quot;,&quot;credit&quot;:&quot;&quot;,&quot;camera&quot;:&quot;&quot;,&quot;caption&quot;:&quot;&quot;,&quot;created_timestamp&quot;:&quot;0&quot;,&quot;copyright&quot;:&quot;&quot;,&quot;focal_length&quot;:&quot;0&quot;,&quot;iso&quot;:&quot;0&quot;,&quot;shutter_speed&quot;:&quot;0&quot;,&quot;title&quot;:&quot;&quot;,&quot;orientation&quot;:&quot;0&quot;}\" data-image-title=\"fumata blanca papa\" data-image-description=\"\" data-image-caption=\"\" data-medium-file=\"https:\/\/i0.wp.com\/elintra.com.ar\/wp-content\/uploads\/2025\/05\/fumata-blanca-papa.jpeg?fit=300%2C169&amp;ssl=1\" data-large-file=\"https:\/\/i0.wp.com\/elintra.com.ar\/wp-content\/uploads\/2025\/05\/fumata-blanca-papa.jpeg?fit=880%2C495&amp;ssl=1\" \/><\/div>\n<\/div>\n<\/div>\n<div class=\"zox-post-body-wrap left zoxrel\">\n<div class=\"zox-post-body left zoxrel zox100\">\n<div class=\"ai-viewport-1\" data-insertion-position=\"prepend\" data-selector=\".ai-insert-1-34321778\" data-insertion-no-dbg=\"\" data-code=\"PGRpdiBjbGFzcz0nY29kZS1ibG9jayBjb2RlLWJsb2NrLTEnIHN0eWxlPSdtYXJnaW46IDhweCBhdXRvOyB0ZXh0LWFsaWduOiBjZW50ZXI7IGRpc3BsYXk6IGJsb2NrOyBjbGVhcjogYm90aDsnPgo8aW1nIHNyYz0iaHR0cHM6Ly9lbGludHJhLmNvbS5hci93cC1jb250ZW50L3VwbG9hZHMvMjAyNS8wNC9CYW5uZXJzYWx0YS0xLmdpZiIgd2lkdGg9Ijk0MCIgaGVpZ2h0PSIxMDAiIGFsdD0iYmFubmVyc2FsdGEiPjwvYT4KCgo8YnI+Cjxicj4KPGEgaHJlZj0iYnVlbm9zYWlyZXMuZ29iLmFyL0Rlbmd1ZSIgdGFyZ2V0PSJfYmxhbmsiPjxpbWcgc3JjPSJodHRwczovL2VsaW50cmEuY29tLmFyL3dwLWNvbnRlbnQvdXBsb2Fkcy8yMDI0LzEwL0Jhbm5lci1zYWx0YS5qcGciIGFsdD0iYmFubmVyLXNhbHRhIj48L2E+Cgo8L2Rpdj4K\" data-block=\"1\">\n<div class=\"code-block code-block-1\"><\/div>\n<\/div>\n<p>En el segundo d\u00eda del C\u00f3nclave, la\u00a0<strong>chimenea\u00a0<\/strong>instalada en el techo de la<strong>\u00a0Capilla Sixtina<\/strong> arroj\u00f3 despu\u00e9s del mediod\u00eda la famosa fumata blanca se\u00f1al que indica que los 133 cardenales electores <strong>lograron\u00a0acordar<\/strong>\u00a0qui\u00e9n ser\u00e1 el sucesor de Francisco. De esta manera, el mundo entero est\u00e1 a la expectativa del nuevo Sumo Pont\u00edfice, cuyo anuncio ser\u00e1 en unos minutos<\/p>\n<p>Los 1400 millones de cat\u00f3licos del mundo deber\u00e1n esperar ahora el inminente anuncio \u201cHabemus papam\u201d desde el balc\u00f3n de la bas\u00edlica vaticana de San Pedro y la aparici\u00f3n del 267\u00ba pont\u00edfice de la Iglesia cat\u00f3lica. A pesar de las anteriores votaciones fracasadas, la ansiedad de la gente no merm\u00f3, por lo que la hist\u00f3rica plaza estuvo colmada de fieles hasta ahora.<\/p>\n<h4 class=\"wp-block-heading\"><strong>\u00bfC\u00f3mo fue el C\u00f3nclave?<\/strong><\/h4>\n<p>El\u00a0c\u00f3nclave de 2025\u00a0fue excepcional por ser uno de los m\u00e1s numerosos y diversos en la historia de la Iglesia. Entre ayer y hoy,133 cardenales electores provenientes de 70 pa\u00edses se reunieron para este ritual centenario. La mayor\u00eda de estos cardenales fueron nombrados por el Papa Francisco, lo que refleja qu\u00e9 tipo de Iglesia quer\u00eda dejar como legado.<\/p>\n<p>Como se mencion\u00f3, la elecci\u00f3n no fue f\u00e1cil, aunque se supon\u00eda que iba a traer m\u00e1s complicaciones en los acuerdos. Las primeras votaciones concluyeron sin consenso, evidenciado por las fumatas negras que salieron de la chimenea de la Capilla Sixtina. Sin embargo, la perseverancia y el di\u00e1logo entre los cardenales llevaron finalmente a la elecci\u00f3n de un l\u00edder que representa una esperanza de unidad y renovaci\u00f3n para la Iglesia.<\/p>\n<p>S\u00f3lo\u00a0dos papas\u00a0hab\u00edan sido elegidos durante el mes de\u00a0mayos. El primero fue en\u00a01342, durante el periodo conocido como el\u00a0destierro de Avi\u00f1\u00f3n, una de las \u00e9pocas m\u00e1s inestables de la Iglesia. El c\u00f3nclave se inaugur\u00f3 el 5 de mayo en la residencia papal de Provenza, y tras solo dos d\u00edas de deliberaciones, el cardenal\u00a0Pierre Roger\u00a0fue elegido Sumo Pont\u00edfice, adoptando el nombre de\u00a0Clemente VI.<\/p>\n<p>El segundo caso ocurri\u00f3 en\u00a01605, cuando el c\u00f3nclave se inici\u00f3 el 8 de mayo. Tras 27 votaciones,el cardenal\u00a0Camillo Borghese\u00a0fue elegido Papa bajo el nombre de\u00a0Pablo V.<\/p>\n<\/div>\n<\/div>\n<\/div>\n<\/div>\n<\/div>\n<\/div>\n<\/div>\n<\/article>\n<p>Nota publicada en www.bbc.com\/mundo<\/p>\n<p>&nbsp;<\/p>\n<p>&nbsp;<\/p>\n<h3 style=\"text-align: center;\"><span style=\"color: #800080;\"><strong>&#8212;&#8212;&#8212;&#8212;&#8212;&#8212;&#8212;&#8212;&#8212;&#8212;&#8212;&#8212;&#8212;&#8212;&#8212;&#8212;-<\/strong><\/span><\/h3>\n<p>nota anterior<\/p>\n<h3><\/h3>\n<h3><strong>EL C\u00d3NCLAVE PARA ELEGIR AL NUEVO PAPA. EL MUNDO EXPECTANTE<\/strong><\/h3>\n<p><strong>EL SUCESOR DE FRANCISCO. Medidas extremas.<\/strong><!--more--><\/p>\n<p><strong><img loading=\"lazy\" decoding=\"async\" class=\"aligncenter size-large wp-image-29288\" src=\"https:\/\/revistaepocadigital.com.ar\/wp-content\/uploads\/2025\/05\/cardenales-1200x676.jpeg\" alt=\"\" width=\"696\" height=\"392\" srcset=\"https:\/\/revistaepocadigital.com.ar\/wp-content\/uploads\/2025\/05\/cardenales-1200x676.jpeg 1200w, https:\/\/revistaepocadigital.com.ar\/wp-content\/uploads\/2025\/05\/cardenales-300x169.jpeg 300w, https:\/\/revistaepocadigital.com.ar\/wp-content\/uploads\/2025\/05\/cardenales-768x432.jpeg 768w, https:\/\/revistaepocadigital.com.ar\/wp-content\/uploads\/2025\/05\/cardenales-1536x865.jpeg 1536w, https:\/\/revistaepocadigital.com.ar\/wp-content\/uploads\/2025\/05\/cardenales-696x392.jpeg 696w, https:\/\/revistaepocadigital.com.ar\/wp-content\/uploads\/2025\/05\/cardenales-1392x784.jpeg 1392w, https:\/\/revistaepocadigital.com.ar\/wp-content\/uploads\/2025\/05\/cardenales-1068x601.jpeg 1068w, https:\/\/revistaepocadigital.com.ar\/wp-content\/uploads\/2025\/05\/cardenales-746x420.jpeg 746w, https:\/\/revistaepocadigital.com.ar\/wp-content\/uploads\/2025\/05\/cardenales-1492x840.jpeg 1492w, https:\/\/revistaepocadigital.com.ar\/wp-content\/uploads\/2025\/05\/cardenales.jpeg 1600w\" sizes=\"auto, (max-width: 696px) 100vw, 696px\" \/><\/strong><\/p>\n<p>Pena de excomuni\u00f3n: el castigo para el personal que no cumpla con el secreto absoluto durante el c\u00f3nclave<br \/>\nEl c\u00f3nclave que elegir\u00e1 al sucesor del Papa Francisco,\u00a0 100 personas, entre ellas m\u00e9dicos, cocineros y conductores, prestaron juramento de confidencialidad<\/p>\n<p>Limpiadores, cocineros, m\u00e9dicos, conductores y otros trabajadores asignados al pr\u00f3ximo c\u00f3nclave en el Vaticano prestaron juramento de secreto en la Capilla Paulina, bajo amenaza de excomuni\u00f3n autom\u00e1tica, en cumplimiento de las normas que rigen la elecci\u00f3n del sucesor del papa Francisco, seg\u00fan inform\u00f3 el portavoz de la Santa Sede, Matteo Bruni.<\/p>\n<p>El Vaticano aisl\u00f3 el c\u00f3nclave: apagar\u00e1 la red m\u00f3vil y requis\u00f3 los tel\u00e9fonos de cardenales<br \/>\nUnas 100 personas \u2014incluidos tambi\u00e9n cl\u00e9rigos que actuar\u00e1n como confesores en diversos idiomas\u2014 se comprometieron a guardar absoluta confidencialidad sobre cualquier detalle relacionado con el proceso de votaci\u00f3n, directa o indirectamente. La obligaci\u00f3n se extiende m\u00e1s all\u00e1 del c\u00f3nclave y solo puede ser levantada por el futuro pont\u00edfice. La normativa establece tambi\u00e9n la prohibici\u00f3n del uso de aparatos de grabaci\u00f3n, audio o video, durante todo el per\u00edodo electoral dentro de los muros vaticanos.<\/p>\n<p>El c\u00f3nclave inicii\u00f3 en la Capilla Sixtina, con la participaci\u00f3n prevista de 133 cardenales, de los cuales 108 fueron nombrados por Francisco. En paralelo, decenas de laicos y religiosos se encargar\u00e1n de alojar, alimentar y atender sanitariamente a los votantes, quienes permanecer\u00e1n aislados del exterior hasta que una fumata blanca anuncie al nuevo papa. Los cardenales residir\u00e1n dentro del Vaticano y podr\u00e1n desplazarse a pie o en un autob\u00fas habilitado exclusivamente para moverse dentro del per\u00edmetro sellado.<\/p>\n<p>C\u00f3nclave papal: el plan B de la Curia ante el posible fracaso de la candidatura de Parolin<br \/>\nInicialmente, Bruni se\u00f1al\u00f3 que los cardenales solo dejar\u00edan sus tel\u00e9fonos m\u00f3viles en su residencia de Santa Marta, sin que fueran retirados formalmente. No obstante, horas despu\u00e9s aclar\u00f3 que los dispositivos ser\u00e1n entregados al iniciar el c\u00f3nclave y devueltos \u00fanicamente al final, como parte de un proceso que calific\u00f3 como unido a la oraci\u00f3n, la meditaci\u00f3n y la reflexi\u00f3n espiritual. Para garantizar el aislamiento, el Vaticano instalar\u00e1 inhibidores de se\u00f1al alrededor de la Capilla Sixtina y las residencias, bajo vigilancia de la gendarmer\u00eda vaticana.<\/p>\n<p>El contenido del juramento de secreto est\u00e1 regulado por una normativa vigente desde 1996, establecida por San Juan Pablo II en el documento Universi Dominici Gregis, que rige los procedimientos de elecci\u00f3n del papa. Aunque ya preve\u00eda la posibilidad de sanciones, el Papa Benedicto XVI reforz\u00f3 esta disposici\u00f3n con dos enmiendas, dejando expl\u00edcito que toda persona que revele informaci\u00f3n del c\u00f3nclave incurre en excomuni\u00f3n autom\u00e1tica, reservada exclusivamente a la Sede Apost\u00f3lica.<\/p>\n<p>No votan en el c\u00f3nclave, pero las monjas que lideran las \u00f3rdenes cat\u00f3licas del mundo tambi\u00e9n se reunieron en Roma<\/p>\n<p>Monjas tiran de cubos de<br \/>\nbasura en una calle cercana al Vaticano, antes del c\u00f3nclave para elegir al pr\u00f3ximo Papa<br \/>\nLa f\u00f3rmula actual del juramento obliga a quienes lo prestan a observar una \u201csecrec\u00eda absoluta y perpetua\u201d sobre todos los aspectos relacionados con las votaciones, y les proh\u00edbe usar dispositivos de grabaci\u00f3n, ya sea de forma directa o indirecta. Adem\u00e1s, se les exige reconocer que toda infracci\u00f3n implica la pena m\u00e1s severa del derecho can\u00f3nico. Los participantes sellan el compromiso tocando los Santos Evangelios, en una ceremonia formal que subraya el car\u00e1cter sagrado del proceso.<\/p>\n<p>Mientras tanto, en v\u00edsperas del c\u00f3nclave, la Comisi\u00f3n Pontificia para la Protecci\u00f3n de Menores, el organismo vaticano asesor creado por el Papa Francisco, pidi\u00f3 p\u00fablicamente a los cardenales electores que coloquen el tema de los abusos sexuales en la Iglesia entre sus prioridades. En una declaraci\u00f3n difundida el lunes, la comisi\u00f3n subray\u00f3 que \u201cla credibilidad de la Iglesia depende de una verdadera rendici\u00f3n de cuentas, transparencia y justicia para las v\u00edctimas\u201d.<\/p>\n<p>El texto exhorta a los prelados a no anteponer la preocupaci\u00f3n por el esc\u00e1ndalo o la reputaci\u00f3n institucional al imperativo de verdad y justicia: \u201cQue ninguna preocupaci\u00f3n por el esc\u00e1ndalo oculte la urgencia de la verdad. Que ninguna consideraci\u00f3n por la reputaci\u00f3n impida nuestra responsabilidad de actuar en nombre de quienes han sido abusados\u201d, se\u00f1al\u00f3 el comunicado.<\/p>\n<p>El presidente de la comisi\u00f3n, el cardenal Sean O\u2019Malley, participa en las reuniones previas al c\u00f3nclave pero no ejercer\u00e1 su voto, debido a que ha superado los 80 a\u00f1os, edad m\u00e1xima establecida para tener derecho a sufragio en la elecci\u00f3n del Papa.<\/p>\n<p>El Vaticano no proporciona estimaciones oficiales sobre la duraci\u00f3n del c\u00f3nclave, dado que el proceso no est\u00e1 sujeto a plazos preestablecidos y depende del consenso que logren los cardenales electores. La duraci\u00f3n ser\u00e1 conocida \u00fanicamente cuando se eleve el humo blanco desde la chimenea de la Capilla Sixtina, se\u00f1al inequ\u00edvoca de que un nuevo Papa ha sido elegido.<\/p>\n<p>Durante ese per\u00edodo, todos los involucrados \u2014electores y personal de apoyo\u2014 permanecer\u00e1n recluidos dentro del Vaticano, sin contacto con el exterior. Esta disposici\u00f3n busca preservar la integridad del proceso, evitar filtraciones y garantizar que la elecci\u00f3n del nuevo pont\u00edfice se realice en un clima de reflexi\u00f3n espiritual, deliberaci\u00f3n libre y sin presiones externas.<\/p>\n<p>\u201cAnuncio vobis gaudium magnum\u201d: qu\u00e9 significa el rito en lat\u00edn que marca el inicio de un nuevo papado. Nota publicada en infobae.com<\/p>\n","protected":false},"excerpt":{"rendered":"<p>FUMATA BLANCA. Estadounidense con nacionalidad peruana. El Papa sigue siendo un americano Qui\u00e9n es, porqu\u00e9 eligi\u00f3 ese nombre.<\/p>\n","protected":false},"author":3,"featured_media":29295,"comment_status":"open","ping_status":"open","sticky":false,"template":"","format":"standard","meta":{"footnotes":"","jetpack_publicize_message":"","jetpack_publicize_feature_enabled":true,"jetpack_social_post_already_shared":true,"jetpack_social_options":{"image_generator_settings":{"template":"highway","default_image_id":0,"font":"","enabled":false},"version":2}},"categories":[13],"tags":[2996,3147,3148,179],"class_list":["post-29287","post","type-post","status-publish","format-standard","has-post-thumbnail","hentry","category-interes-general","tag-2996","tag-conclave","tag-nuevo-papa","tag-politica"],"jetpack_publicize_connections":[],"jetpack_featured_media_url":"https:\/\/revistaepocadigital.com.ar\/wp-content\/uploads\/2025\/05\/papaaa-leon-0.webp","jetpack_likes_enabled":true,"_links":{"self":[{"href":"https:\/\/revistaepocadigital.com.ar\/index.php?rest_route=\/wp\/v2\/posts\/29287","targetHints":{"allow":["GET"]}}],"collection":[{"href":"https:\/\/revistaepocadigital.com.ar\/index.php?rest_route=\/wp\/v2\/posts"}],"about":[{"href":"https:\/\/revistaepocadigital.com.ar\/index.php?rest_route=\/wp\/v2\/types\/post"}],"author":[{"embeddable":true,"href":"https:\/\/revistaepocadigital.com.ar\/index.php?rest_route=\/wp\/v2\/users\/3"}],"replies":[{"embeddable":true,"href":"https:\/\/revistaepocadigital.com.ar\/index.php?rest_route=%2Fwp%2Fv2%2Fcomments&post=29287"}],"version-history":[{"count":0,"href":"https:\/\/revistaepocadigital.com.ar\/index.php?rest_route=\/wp\/v2\/posts\/29287\/revisions"}],"wp:featuredmedia":[{"embeddable":true,"href":"https:\/\/revistaepocadigital.com.ar\/index.php?rest_route=\/wp\/v2\/media\/29295"}],"wp:attachment":[{"href":"https:\/\/revistaepocadigital.com.ar\/index.php?rest_route=%2Fwp%2Fv2%2Fmedia&parent=29287"}],"wp:term":[{"taxonomy":"category","embeddable":true,"href":"https:\/\/revistaepocadigital.com.ar\/index.php?rest_route=%2Fwp%2Fv2%2Fcategories&post=29287"},{"taxonomy":"post_tag","embeddable":true,"href":"https:\/\/revistaepocadigital.com.ar\/index.php?rest_route=%2Fwp%2Fv2%2Ftags&post=29287"}],"curies":[{"name":"wp","href":"https:\/\/api.w.org\/{rel}","templated":true}]}}