{"id":29305,"date":"2025-05-08T21:59:24","date_gmt":"2025-05-09T00:59:24","guid":{"rendered":"https:\/\/revistaepocadigital.com.ar\/?p=29305"},"modified":"2025-05-08T23:23:15","modified_gmt":"2025-05-09T02:23:15","slug":"darin-es-el-al-pacino-argentino-mira-quien-lo-dice-el-laureado-y-genial-director-quentin-tarantino","status":"publish","type":"post","link":"https:\/\/revistaepocadigital.com.ar\/?p=29305","title":{"rendered":"&#8220;Dar\u00edn es el Al Pacino argentino&#8221;, mir\u00e1 quien lo dice: el laureado y genial director Quentin Tarantino"},"content":{"rendered":"<p><strong>Una periodista argentina.<\/strong><!--more--><\/p>\n<p>Le pregunt\u00f3 al laureado y estupendo director de cine Quentin Tarantino, cu\u00e1ndo vendr\u00eda a trabajar a la Argentina.<\/p>\n<p><img loading=\"lazy\" decoding=\"async\" class=\"aligncenter size-medium wp-image-29323\" src=\"https:\/\/revistaepocadigital.com.ar\/wp-content\/uploads\/2025\/05\/dar-2-240x300.jpg\" alt=\"\" width=\"240\" height=\"300\" srcset=\"https:\/\/revistaepocadigital.com.ar\/wp-content\/uploads\/2025\/05\/dar-2-240x300.jpg 240w, https:\/\/revistaepocadigital.com.ar\/wp-content\/uploads\/2025\/05\/dar-2-335x420.jpg 335w, https:\/\/revistaepocadigital.com.ar\/wp-content\/uploads\/2025\/05\/dar-2.jpg 511w\" sizes=\"auto, (max-width: 240px) 100vw, 240px\" \/><\/p>\n<p>El aclamado director respondi\u00f3: &#8220;<em>Me encantar\u00eda, y no solo por visitar Argentina. Uno de mis actores hispanohablantes favoritos es Ricardo Dar\u00edn. Me parece fant\u00e1stico, creo que es el Al Pacino argentino. Es incre\u00edble. Me encantar\u00eda trabajar con \u00e9l alguna vez. Adem\u00e1s, tengo muchos amigos en Argentina, as\u00ed que definitivamente me gustar\u00eda ir. No s\u00e9 si lo recuerdas, pero yo entregu\u00e9 el Oscar a la Mejor Pel\u00edcula Extranjera junto a Pedro Almod\u00f3var por El secreto de sus ojos&#8221;.<\/em><\/p>\n<p>Mientras tanto, Dar\u00edn con El Eternauta, la pel\u00edcula estrenada hace poco, cosecha otro sensacional \u00e9xito.<\/p>\n","protected":false},"excerpt":{"rendered":"<p>Una periodista argentina.<\/p>\n","protected":false},"author":4,"featured_media":29323,"comment_status":"open","ping_status":"open","sticky":false,"template":"","format":"standard","meta":{"footnotes":"","jetpack_publicize_message":"","jetpack_publicize_feature_enabled":true,"jetpack_social_post_already_shared":true,"jetpack_social_options":{"image_generator_settings":{"template":"highway","default_image_id":0,"font":"","enabled":false},"version":2}},"categories":[12],"tags":[3149,3150],"class_list":["post-29305","post","type-post","status-publish","format-standard","has-post-thumbnail","hentry","category-espectaculos","tag-darin","tag-quarantino"],"jetpack_publicize_connections":[],"jetpack_featured_media_url":"https:\/\/revistaepocadigital.com.ar\/wp-content\/uploads\/2025\/05\/dar-2.jpg","jetpack_likes_enabled":true,"_links":{"self":[{"href":"https:\/\/revistaepocadigital.com.ar\/index.php?rest_route=\/wp\/v2\/posts\/29305","targetHints":{"allow":["GET"]}}],"collection":[{"href":"https:\/\/revistaepocadigital.com.ar\/index.php?rest_route=\/wp\/v2\/posts"}],"about":[{"href":"https:\/\/revistaepocadigital.com.ar\/index.php?rest_route=\/wp\/v2\/types\/post"}],"author":[{"embeddable":true,"href":"https:\/\/revistaepocadigital.com.ar\/index.php?rest_route=\/wp\/v2\/users\/4"}],"replies":[{"embeddable":true,"href":"https:\/\/revistaepocadigital.com.ar\/index.php?rest_route=%2Fwp%2Fv2%2Fcomments&post=29305"}],"version-history":[{"count":0,"href":"https:\/\/revistaepocadigital.com.ar\/index.php?rest_route=\/wp\/v2\/posts\/29305\/revisions"}],"wp:featuredmedia":[{"embeddable":true,"href":"https:\/\/revistaepocadigital.com.ar\/index.php?rest_route=\/wp\/v2\/media\/29323"}],"wp:attachment":[{"href":"https:\/\/revistaepocadigital.com.ar\/index.php?rest_route=%2Fwp%2Fv2%2Fmedia&parent=29305"}],"wp:term":[{"taxonomy":"category","embeddable":true,"href":"https:\/\/revistaepocadigital.com.ar\/index.php?rest_route=%2Fwp%2Fv2%2Fcategories&post=29305"},{"taxonomy":"post_tag","embeddable":true,"href":"https:\/\/revistaepocadigital.com.ar\/index.php?rest_route=%2Fwp%2Fv2%2Ftags&post=29305"}],"curies":[{"name":"wp","href":"https:\/\/api.w.org\/{rel}","templated":true}]}}