{"id":29319,"date":"2025-05-20T23:15:48","date_gmt":"2025-05-21T02:15:48","guid":{"rendered":"https:\/\/revistaepocadigital.com.ar\/?p=29319"},"modified":"2025-05-26T12:34:28","modified_gmt":"2025-05-26T15:34:28","slug":"eden-conecta-a-la-fiesta-provincial-de-la-harina","status":"publish","type":"post","link":"https:\/\/revistaepocadigital.com.ar\/?p=29319","title":{"rendered":"GRAN \u00c9XITO DE \u201cEDEN CONECTA\u201d EN LA FIESTA PROVINCIAL DE LA HARINA"},"content":{"rendered":"<p><strong>S e\u00a0 t r a t \u00f3 d e\u00a0 l a\u00a0 p r i m e r a\u00a0 F e r i a\u00a0 d e\u00a0 N e g o c i o s\u00a0 I n c l u s i v o s, u n a\u00a0 \u00a0 \u00a0 \u00a0p r o p u e s t a\u00a0 d e\u00a0 l a\u00a0 d i s t r i b u i d o r a\u00a0 c o n\u00a0 e l\u00a0 f o c o\u00a0 p u e s t o\u00a0 e n\u00a0 l a\u00a0 <\/strong><strong>i n c l u s i \u00f3 n y\u00a0 l a\u00a0 s u s t e n t a b i l i d a d.<\/strong><!--more--><\/p>\n<p>Tuvo lugar la Fiesta Provincial de la Harina en la Plaza General Arias de la localidad de Alberti. Un evento tradicional de la regi\u00f3n, al que se sum\u00f3 la feria \u201cEDEN Conecta\u201d, una iniciativa del programa Negocios Inclusivos de la empresa distribuidora de energ\u00eda que promueve el desarrollo y acompa\u00f1amiento de emprendimientos \u2014cooperativas, asociaciones de productores, empresas recuperadas, talleres protegidos, entre otros\u2014 con menos oportunidades de mercado formal, generando un impacto social y ambiental positivo en la comunidad.<\/p>\n<p><img loading=\"lazy\" decoding=\"async\" class=\"aligncenter size-full wp-image-29400\" src=\"https:\/\/revistaepocadigital.com.ar\/wp-content\/uploads\/2025\/05\/eden-fies-1-haarin.jpg\" alt=\"\" width=\"640\" height=\"426\" srcset=\"https:\/\/revistaepocadigital.com.ar\/wp-content\/uploads\/2025\/05\/eden-fies-1-haarin.jpg 640w, https:\/\/revistaepocadigital.com.ar\/wp-content\/uploads\/2025\/05\/eden-fies-1-haarin-300x200.jpg 300w, https:\/\/revistaepocadigital.com.ar\/wp-content\/uploads\/2025\/05\/eden-fies-1-haarin-631x420.jpg 631w\" sizes=\"auto, (max-width: 640px) 100vw, 640px\" \/><\/p>\n<div class=\"I_ZkbNhI D_FY W_6D6F\" data-test-id=\"message-view-body\">\n<div class=\"msg-body P_wpofO mq_AS\" data-test-id=\"message-view-body-content\">\n<div class=\"jb_0 X_6MGW N_6Fd5\">\n<div id=\"yiv4484456201\">\n<p>En la feria participaron m\u00e1s de 60 emprendedores de toda la regi\u00f3n, con propuestas que iban desde la indumentaria y las artesan\u00edas, hasta manufacturas como cestos tejidos, estampados e inciensos, y una amplia variedad de productos gastron\u00f3micos tradicionales. Se estima que unas diez mil personas acudieron al evento, que cont\u00f3 con desfiles, shows musicales y foodtrucks, entre otros, y que los emprendimientos inclusivos vendieron m\u00e1s de cinco mil productos durante la jornada.<\/p>\n<p>Por otro lado, EDEN dispuso un stand de La Liga de la Energ\u00eda, un programa dedicado a toda la familia para concientizar sobre la importancia de la eficiencia\u00a0energ\u00e9tica, en el que particip\u00f3 una gran cantidad de ni\u00f1os y adolescentes que\u00a0aprendieron, se divirtieron y participaron por premios y sorteos.<\/p>\n<p>Alejandro Biancosino, Gerente General de la empresa, estuvo en el evento\u00a0y destac\u00f3 la articulaci\u00f3n p\u00fablico-privada con el municipio de Alberti.<em> \u201cA<\/em><em>gradecezco al intendente Germ\u00e1n Lago y todo su equipo, por habernos permitido\u00a0<\/em><em>participar de esta gran fiesta de la gastronom\u00eda, la cultura y tradici\u00f3n. Para nosotros\u00a0<\/em><em>acompa\u00f1ar a nuestras comunidades es una prioridad. Con \u201cEDEN Conecta\u201d\u00a0<\/em><em>buscamos ser ese impulso para que los emprendimientos puedan insertarse al\u00a0<\/em><em>mercado, y as\u00ed fomentar el desarrollo de las econom\u00edas regionales\u201d,<\/em> afirm\u00f3.<\/p>\n<p>www.edensa.com.ar<\/p>\n<\/div>\n<\/div>\n<\/div>\n<\/div>\n<h3><\/h3>\n<h3 style=\"text-align: center;\"><span style=\"color: #339966;\">&#8212;&#8212;&#8212;&#8212;&#8212;&#8212;&#8212;&#8212;&#8212;&#8212;&#8212;&#8212;&#8211;<\/span><\/h3>\n<p>nota anterior<\/p>\n<h3><strong>&#8220;EDEN Conecta&#8221;, iniciativa surgida del programa Negocios Inclusivos de la compa\u00f1\u00eda<\/strong><\/h3>\n<p>En organizaci\u00f3n con la Municipalidad de Alberti, la empresa EDEN se sum\u00f3 a la feria.<!--more-->&#8220;EDEN Conecta&#8221; particip\u00f3 en la Fiesta Provincial de la Harina, que tuvo lugar\u00a0 en la Plaza General Arias de dicha localidad.<\/p>\n<p><img loading=\"lazy\" decoding=\"async\" class=\"aligncenter size-medium wp-image-29326\" src=\"https:\/\/revistaepocadigital.com.ar\/wp-content\/uploads\/2025\/05\/edeeee-277x300.jpg\" alt=\"\" width=\"277\" height=\"300\" srcset=\"https:\/\/revistaepocadigital.com.ar\/wp-content\/uploads\/2025\/05\/edeeee-277x300.jpg 277w, https:\/\/revistaepocadigital.com.ar\/wp-content\/uploads\/2025\/05\/edeeee-696x754.jpg 696w, https:\/\/revistaepocadigital.com.ar\/wp-content\/uploads\/2025\/05\/edeeee-388x420.jpg 388w, https:\/\/revistaepocadigital.com.ar\/wp-content\/uploads\/2025\/05\/edeeee.jpg 754w\" sizes=\"auto, (max-width: 277px) 100vw, 277px\" \/><\/p>\n<p>&#8220;EDEN Conecta&#8221; es una iniciativa que surge del programa Negocios Inclusivos de<br \/>\nla compa\u00f1\u00eda, cuyo objetivo es promover el desarrollo y acompa\u00f1amiento de<br \/>\nemprendimientos \u2014cooperativas, asociaciones de productores, empresas<br \/>\nrecuperadas, talleres protegidos, entre otros\u2014 con menos oportunidades de<br \/>\nmercado formal, generando un impacto social y ambiental positivo en la comunidad.<\/p>\n<p>De esta manera, gracias a \u201cEDEN Conecta\u201d emprendedores de la ciudad de Alberti y<br \/>\nlocalidades aleda\u00f1as, tuvieron la oportunidad de exhibir y vender sus productos en<br \/>\nel marco de la Fiesta Provincial de la Harina, un evento con fuerte impronta local y<br \/>\nregional.<\/p>\n<p>La fiesta, que alcanz\u00f3 este a\u00f1o su quinta edici\u00f3n, cont\u00f3 con desfiles, shows y<br \/>\nemprendimientos gastron\u00f3micos, y un stand de La Liga de la Energ\u00eda, el<br \/>\nprograma de EDEN dedicado a toda la familia para concientizar sobre la importancia<br \/>\nde la eficiencia energ\u00e9tica.<\/p>\n<p>Fuente: prensa EDEN Comunica.<\/p>\n","protected":false},"excerpt":{"rendered":"<p>S e\u00a0 t r a t \u00f3 d e\u00a0 l a\u00a0 p r i m e r a\u00a0 F e r i a\u00a0 d e\u00a0 N e g o c i o s\u00a0 I n c l u s i v o s, u n a\u00a0 \u00a0 \u00a0 \u00a0p r o p u e s [&hellip;]<\/p>\n","protected":false},"author":3,"featured_media":29399,"comment_status":"open","ping_status":"open","sticky":false,"template":"","format":"standard","meta":{"footnotes":"","jetpack_publicize_message":"","jetpack_publicize_feature_enabled":true,"jetpack_social_post_already_shared":true,"jetpack_social_options":{"image_generator_settings":{"template":"highway","default_image_id":0,"font":"","enabled":false},"version":2}},"categories":[11],"tags":[3159,39,3158],"class_list":["post-29319","post","type-post","status-publish","format-standard","has-post-thumbnail","hentry","category-entidades","tag-alberti","tag-eden","tag-fiesta-provincial-de-la-harina"],"jetpack_publicize_connections":[],"jetpack_featured_media_url":"https:\/\/revistaepocadigital.com.ar\/wp-content\/uploads\/2025\/05\/eden-fies-harina.jpg","jetpack_likes_enabled":true,"_links":{"self":[{"href":"https:\/\/revistaepocadigital.com.ar\/index.php?rest_route=\/wp\/v2\/posts\/29319","targetHints":{"allow":["GET"]}}],"collection":[{"href":"https:\/\/revistaepocadigital.com.ar\/index.php?rest_route=\/wp\/v2\/posts"}],"about":[{"href":"https:\/\/revistaepocadigital.com.ar\/index.php?rest_route=\/wp\/v2\/types\/post"}],"author":[{"embeddable":true,"href":"https:\/\/revistaepocadigital.com.ar\/index.php?rest_route=\/wp\/v2\/users\/3"}],"replies":[{"embeddable":true,"href":"https:\/\/revistaepocadigital.com.ar\/index.php?rest_route=%2Fwp%2Fv2%2Fcomments&post=29319"}],"version-history":[{"count":0,"href":"https:\/\/revistaepocadigital.com.ar\/index.php?rest_route=\/wp\/v2\/posts\/29319\/revisions"}],"wp:featuredmedia":[{"embeddable":true,"href":"https:\/\/revistaepocadigital.com.ar\/index.php?rest_route=\/wp\/v2\/media\/29399"}],"wp:attachment":[{"href":"https:\/\/revistaepocadigital.com.ar\/index.php?rest_route=%2Fwp%2Fv2%2Fmedia&parent=29319"}],"wp:term":[{"taxonomy":"category","embeddable":true,"href":"https:\/\/revistaepocadigital.com.ar\/index.php?rest_route=%2Fwp%2Fv2%2Fcategories&post=29319"},{"taxonomy":"post_tag","embeddable":true,"href":"https:\/\/revistaepocadigital.com.ar\/index.php?rest_route=%2Fwp%2Fv2%2Ftags&post=29319"}],"curies":[{"name":"wp","href":"https:\/\/api.w.org\/{rel}","templated":true}]}}