{"id":29334,"date":"2025-05-16T21:41:06","date_gmt":"2025-05-17T00:41:06","guid":{"rendered":"https:\/\/revistaepocadigital.com.ar\/?p=29334"},"modified":"2025-05-16T21:41:06","modified_gmt":"2025-05-17T00:41:06","slug":"sancho-dijo-que-la-reduccion-de-las-patentes-lo-voto-la-oposicion-y-ahora-el-oficialismo-lo-difunde","status":"publish","type":"post","link":"https:\/\/revistaepocadigital.com.ar\/?p=29334","title":{"rendered":"Sancho dijo que la reducci\u00f3n de las patentes lo vot\u00f3 la oposici\u00f3n y ahora el oficialismo lo difunde&#8221;"},"content":{"rendered":"<div class=\"xdj266r x11i5rnm xat24cr x1mh8g0r x1vvkbs x126k92a\">\n<div dir=\"auto\"><strong>LA REDUCCI\u00d3N DEL IMPUESTO A LAS PATENTES DE AUTOMOTORES EN EL DISTRITO.<\/strong><\/div>\n<\/div>\n<p><!--more--><\/p>\n<div dir=\"auto\">La medida resuelta recibi\u00f3 cr\u00edticas de Ra\u00fal Sancho (PRO) presidente del Concejo Deliberante de Exaltaci\u00f3n de la Cruz. &#8220;<em>El beneficio, que ahora difunde la Municipalidad, fue resultado del voto de la oposici\u00f3n que hoy tiene mayor\u00eda en el Concejo Deliberante&#8221;,\u00a0 <\/em>asegur\u00f3 Sancho.<\/div>\n<div dir=\"auto\"><\/div>\n<div class=\"x11i5rnm xat24cr x1mh8g0r x1vvkbs xtlvy1s x126k92a\">\n<div dir=\"auto\">Despu\u00e9s se\u00f1al\u00f3 el dirigente del PRO, quien apunta a continuar liderando el espacio pol\u00edtico, <em>&#8220;lo propuse desde la oposici\u00f3n, modificamos la Ordenanza Impositiva y se aprob\u00f3 con el voto de Juntos por el Cambio y La Libertad Avanza,y pese al voto en contra de los concejales del oficialismo que ahora lo promociona&#8221;.<\/em><\/div>\n<div dir=\"auto\"><\/div>\n<\/div>\n<div class=\"x11i5rnm xat24cr x1mh8g0r x1vvkbs xtlvy1s x126k92a\">\n<div dir=\"auto\">En tono electoralista ante las elecciones de medio t\u00e9rmino dond en nuestro distrito en octubre ser\u00e1n elegidoss nuevos concejales para la renovaci\u00f3n parcial del HCD, dijo Sancho, &#8220;<em>es importante saber que si en la elecci\u00f3n de este a\u00f1o el oficialismo recupera la mayor\u00eda en el Concejo Deliberante este y muchos otros beneficios y eliminaci\u00f3n de tasas que logramos para los vecinos los van a derogar&#8221;<\/em><\/div>\n<\/div>\n","protected":false},"excerpt":{"rendered":"<p>LA REDUCCI\u00d3N DEL IMPUESTO A LAS PATENTES DE AUTOMOTORES EN EL DISTRITO.<\/p>\n","protected":false},"author":3,"featured_media":0,"comment_status":"open","ping_status":"open","sticky":false,"template":"","format":"standard","meta":{"footnotes":"","jetpack_publicize_message":"","jetpack_publicize_feature_enabled":true,"jetpack_social_post_already_shared":true,"jetpack_social_options":{"image_generator_settings":{"template":"highway","default_image_id":0,"font":"","enabled":false},"version":2}},"categories":[17],"tags":[3163,1433,256],"class_list":["post-29334","post","type-post","status-publish","format-standard","hentry","category-politica","tag-hdc","tag-patentes","tag-sancho"],"jetpack_publicize_connections":[],"jetpack_featured_media_url":"","jetpack_likes_enabled":true,"_links":{"self":[{"href":"https:\/\/revistaepocadigital.com.ar\/index.php?rest_route=\/wp\/v2\/posts\/29334","targetHints":{"allow":["GET"]}}],"collection":[{"href":"https:\/\/revistaepocadigital.com.ar\/index.php?rest_route=\/wp\/v2\/posts"}],"about":[{"href":"https:\/\/revistaepocadigital.com.ar\/index.php?rest_route=\/wp\/v2\/types\/post"}],"author":[{"embeddable":true,"href":"https:\/\/revistaepocadigital.com.ar\/index.php?rest_route=\/wp\/v2\/users\/3"}],"replies":[{"embeddable":true,"href":"https:\/\/revistaepocadigital.com.ar\/index.php?rest_route=%2Fwp%2Fv2%2Fcomments&post=29334"}],"version-history":[{"count":0,"href":"https:\/\/revistaepocadigital.com.ar\/index.php?rest_route=\/wp\/v2\/posts\/29334\/revisions"}],"wp:attachment":[{"href":"https:\/\/revistaepocadigital.com.ar\/index.php?rest_route=%2Fwp%2Fv2%2Fmedia&parent=29334"}],"wp:term":[{"taxonomy":"category","embeddable":true,"href":"https:\/\/revistaepocadigital.com.ar\/index.php?rest_route=%2Fwp%2Fv2%2Fcategories&post=29334"},{"taxonomy":"post_tag","embeddable":true,"href":"https:\/\/revistaepocadigital.com.ar\/index.php?rest_route=%2Fwp%2Fv2%2Ftags&post=29334"}],"curies":[{"name":"wp","href":"https:\/\/api.w.org\/{rel}","templated":true}]}}