{"id":29351,"date":"2025-05-25T02:07:49","date_gmt":"2025-05-25T05:07:49","guid":{"rendered":"https:\/\/revistaepocadigital.com.ar\/?p=29351"},"modified":"2025-05-26T12:15:42","modified_gmt":"2025-05-26T15:15:42","slug":"es-de-capilla-benjamin-luque-cuenca-top-model-teen-internacional-2025","status":"publish","type":"post","link":"https:\/\/revistaepocadigital.com.ar\/?p=29351","title":{"rendered":"ES DE CAPILLA. BENJAM\u00cdN LUQUE CUENCA, TOP MODEL TEEN INTERNACIONAL 2025"},"content":{"rendered":"<div>\n<header class=\"r_BN D_F W_6D6F p_R P_Zjgzuf ir_0\" aria-label=\"Mensaje\"><strong><span class=\"en_0 i_0 Q_fq7\">A\u00daN MUY JOVEN, CRECE COMO MODELO Y EN BRASIL SE CORON\u00d3.<\/span><\/strong><\/header>\n<\/div>\n<p><!--more--><\/p>\n<header aria-label=\"Mensaje\"><\/header>\n<header aria-label=\"Mensaje\">No para de mostrar entusiasmo, ganas, y un talento y porte como modelo tan auspicioso que, desde comprendi\u00f3 que trabajara como modelo profesional era su pasi\u00f3n, no se detiene un instante. La confianza y su f\u00edsico le juegan, tambi\u00e9n, muy a favor de un futuro auspicioso.<\/header>\n<p><!--more--><\/p>\n<header aria-label=\"Mensaje\"><\/header>\n<header aria-label=\"Mensaje\"><\/header>\n<header aria-label=\"Mensaje\"><strong>Benjam\u00edn Luque Cuenca,<\/strong> como te cont\u00f3 EPOCA en nota anterior, vive junto a su familia en las inmediaciones de Capilla del Se\u00f1or. Y mientras apura sus estudios en el colegio secundaria, su actividad es intensa y sus sue\u00f1os fluyen.<\/header>\n<header aria-label=\"Mensaje\">\n<figure id=\"attachment_29352\" aria-describedby=\"caption-attachment-29352\" style=\"width: 225px\" class=\"wp-caption aligncenter\"><img loading=\"lazy\" decoding=\"async\" class=\"size-medium wp-image-29352\" src=\"https:\/\/revistaepocadigital.com.ar\/wp-content\/uploads\/2025\/05\/c0-225x300.jpg\" alt=\"\" width=\"225\" height=\"300\" srcset=\"https:\/\/revistaepocadigital.com.ar\/wp-content\/uploads\/2025\/05\/c0-225x300.jpg 225w, https:\/\/revistaepocadigital.com.ar\/wp-content\/uploads\/2025\/05\/c0-315x420.jpg 315w, https:\/\/revistaepocadigital.com.ar\/wp-content\/uploads\/2025\/05\/c0.jpg 528w\" sizes=\"auto, (max-width: 225px) 100vw, 225px\" \/><figcaption id=\"caption-attachment-29352\" class=\"wp-caption-text\">Benjam\u00edn feliz con el premio obtenido en Brasil.<span style=\"color: #222222; font-size: 15px;\">\u00a0<\/span><\/figcaption><\/figure>\n<\/header>\n<p><span style=\"color: #222222; font-size: 15px;\">La reciente experiencia en<\/span><strong style=\"color: #222222; font-size: 15px;\"> Brasil,<\/strong><span style=\"color: #222222; font-size: 15px;\"> adonde viaj\u00f3, result\u00f3 inmejorable en el certamen en el que particip\u00f3 para nuevos y jovenes modelos junto a otros representantes de numerosos pa\u00edses, que tuvo lugar en el Master Express Grande Hotel en la ciudad de Porto Alegre, Brasil.<\/span><strong style=\"color: #222222; font-size: 15px;\">\u00a0Benjam\u00edn recibi\u00f3 el premio al mejor modelo y al galard\u00f3n le sum\u00f3 dos distinciones m\u00e1s: junto a su grupo argentino, ganaron el premio al mejor talento en tango y finalmente alcanz\u00f3 el m\u00e1ximo reconocimiento: fue galardonado como Top Model Teen Internacional 2025, el mejor modelo del mundo en su categor\u00eda teen.<\/strong><\/p>\n<figure id=\"attachment_29359\" aria-describedby=\"caption-attachment-29359\" style=\"width: 243px\" class=\"wp-caption aligncenter\"><img loading=\"lazy\" decoding=\"async\" class=\"size-medium wp-image-29359\" src=\"https:\/\/revistaepocadigital.com.ar\/wp-content\/uploads\/2025\/05\/c12-243x300.jpg\" alt=\"\" width=\"243\" height=\"300\" srcset=\"https:\/\/revistaepocadigital.com.ar\/wp-content\/uploads\/2025\/05\/c12-243x300.jpg 243w, https:\/\/revistaepocadigital.com.ar\/wp-content\/uploads\/2025\/05\/c12-324x400.jpg 324w, https:\/\/revistaepocadigital.com.ar\/wp-content\/uploads\/2025\/05\/c12-340x420.jpg 340w, https:\/\/revistaepocadigital.com.ar\/wp-content\/uploads\/2025\/05\/c12.jpg 460w\" sizes=\"auto, (max-width: 243px) 100vw, 243px\" \/><figcaption id=\"caption-attachment-29359\" class=\"wp-caption-text\">En el momento del tango, recitando, tambi\u00e9n alcanz\u00f3 junto al grupo argentino, el primer premio.<\/figcaption><\/figure>\n<figure id=\"attachment_29361\" aria-describedby=\"caption-attachment-29361\" style=\"width: 279px\" class=\"wp-caption aligncenter\"><img loading=\"lazy\" decoding=\"async\" class=\"size-medium wp-image-29361\" src=\"https:\/\/revistaepocadigital.com.ar\/wp-content\/uploads\/2025\/05\/c14-279x300.jpg\" alt=\"\" width=\"279\" height=\"300\" srcset=\"https:\/\/revistaepocadigital.com.ar\/wp-content\/uploads\/2025\/05\/c14-279x300.jpg 279w, https:\/\/revistaepocadigital.com.ar\/wp-content\/uploads\/2025\/05\/c14-390x420.jpg 390w, https:\/\/revistaepocadigital.com.ar\/wp-content\/uploads\/2025\/05\/c14.jpg 528w\" sizes=\"auto, (max-width: 279px) 100vw, 279px\" \/><figcaption id=\"caption-attachment-29361\" class=\"wp-caption-text\">Junto a los ganadores como mejores talentos.<\/figcaption><\/figure>\n<p><!--more--><\/p>\n<header aria-label=\"Mensaje\"><\/header>\n<header aria-label=\"Mensaje\"><\/header>\n<header aria-label=\"Mensaje\"><em>&#8220;Fue algo inolvidable para m\u00ed, genial!; el certamen estuvo muy bueno, con un nivel muy alto de participantes y pas\u00e9 momentos muy lindos, adem\u00e1s hice muchas amistades nuevas con representantes de todos los pa\u00edses, eso estuvo buen\u00edsimo y por si faltara algo, me encant\u00f3 la cultura de Brasil<\/em>&#8220;, cont\u00f3 Benjam\u00edn a EPOCA.<\/header>\n<header aria-label=\"Mensaje\"><\/header>\n<header aria-label=\"Mensaje\">\n<figure id=\"attachment_29362\" aria-describedby=\"caption-attachment-29362\" style=\"width: 210px\" class=\"wp-caption aligncenter\"><img loading=\"lazy\" decoding=\"async\" class=\"size-medium wp-image-29362\" src=\"https:\/\/revistaepocadigital.com.ar\/wp-content\/uploads\/2025\/05\/c16-210x300.jpg\" alt=\"\" width=\"210\" height=\"300\" srcset=\"https:\/\/revistaepocadigital.com.ar\/wp-content\/uploads\/2025\/05\/c16-210x300.jpg 210w, https:\/\/revistaepocadigital.com.ar\/wp-content\/uploads\/2025\/05\/c16-294x420.jpg 294w, https:\/\/revistaepocadigital.com.ar\/wp-content\/uploads\/2025\/05\/c16.jpg 508w\" sizes=\"auto, (max-width: 210px) 100vw, 210px\" \/><figcaption id=\"caption-attachment-29362\" class=\"wp-caption-text\">Luque Cuenca celebra con Daniela Virginia Pintos, directora de la agencia de modelos Wannabe\u00b4s , quien lo eligi\u00f3 para participar en el certamen llevado a cabo en Porto Alegre<\/figcaption><\/figure>\n<\/header>\n<header aria-label=\"Mensaje\"><\/header>\n<header aria-label=\"Mensaje\"><\/header>\n<p><!--more--><\/p>\n<header aria-label=\"Mensaje\"><\/header>\n<header aria-label=\"Mensaje\"><\/header>\n<header aria-label=\"Mensaje\">El tiempo de continuar creciendo en la profesi\u00f3n como modelo avanza para el chico capillense. Y cuando responde sobre oportunidades laborales, transmite su gran presente, <em>&#8220;\u00a1tengo un mont\u00f3n de propuestas!. Entre otras me propusieron que volviera a competir o que me desempe\u00f1ara como anfitri\u00f3n&#8221;,<\/em> apunt\u00f3.<\/header>\n<header aria-label=\"Mensaje\"><\/header>\n<header aria-label=\"Mensaje\">\n<figure id=\"attachment_29364\" aria-describedby=\"caption-attachment-29364\" style=\"width: 360px\" class=\"wp-caption aligncenter\"><img loading=\"lazy\" decoding=\"async\" class=\"size-full wp-image-29364\" src=\"https:\/\/revistaepocadigital.com.ar\/wp-content\/uploads\/2025\/05\/c18.jpg\" alt=\"\" width=\"360\" height=\"549\" srcset=\"https:\/\/revistaepocadigital.com.ar\/wp-content\/uploads\/2025\/05\/c18.jpg 360w, https:\/\/revistaepocadigital.com.ar\/wp-content\/uploads\/2025\/05\/c18-197x300.jpg 197w, https:\/\/revistaepocadigital.com.ar\/wp-content\/uploads\/2025\/05\/c18-275x420.jpg 275w\" sizes=\"auto, (max-width: 360px) 100vw, 360px\" \/><figcaption id=\"caption-attachment-29364\" class=\"wp-caption-text\">La gran noche, d\u00edas despu\u00e9s Benjam\u00edn recibe el premio como TOP MODEL TEEN INTERNACIONAL 2025.<\/figcaption><\/figure>\n<\/header>\n<header aria-label=\"Mensaje\"><\/header>\n<header aria-label=\"Mensaje\"><\/header>\n<p><!--more--><\/p>\n<header aria-label=\"Mensaje\"><\/header>\n<header aria-label=\"Mensaje\"><\/header>\n<div data-test-id=\"message-body-container\">\n<div class=\"I_ZkbNhI D_FY W_6D6F\" data-test-id=\"message-view-body\">\n<div class=\"msg-body P_wpofO mq_AS\" data-test-id=\"message-view-body-content\">\n<div class=\"jb_0 X_6MGW N_6Fd5\">\n<div>\n<div dir=\"ltr\">Sus planes son seguir participando en desfiles y conociendo gente. Y\u00a0 su proyecto incluye y lo remarca<em> &#8220;representar siempre a Capilla del Se\u00f1or, y a futuro me gustar\u00eda hacer desfiles en Exaltaci\u00f3n de la Cruz&#8221;.<\/em><\/div>\n<div dir=\"ltr\"><\/div>\n<\/div>\n<\/div>\n<\/div>\n<\/div>\n<\/div>\n","protected":false},"excerpt":{"rendered":"<p>A\u00daN MUY JOVEN, CRECE COMO MODELO Y EN BRASIL SE CORON\u00d3.<\/p>\n","protected":false},"author":3,"featured_media":29356,"comment_status":"open","ping_status":"open","sticky":false,"template":"","format":"standard","meta":{"footnotes":"","jetpack_publicize_message":"","jetpack_publicize_feature_enabled":true,"jetpack_social_post_already_shared":true,"jetpack_social_options":{"image_generator_settings":{"template":"highway","default_image_id":0,"font":"","enabled":false},"version":2}},"categories":[12],"tags":[2996,3128,3155,3129],"class_list":["post-29351","post","type-post","status-publish","format-standard","has-post-thumbnail","hentry","category-espectaculos","tag-2996","tag-benjamin-luque-cuenca","tag-brasil","tag-modelo"],"jetpack_publicize_connections":[],"jetpack_featured_media_url":"https:\/\/revistaepocadigital.com.ar\/wp-content\/uploads\/2025\/05\/10-1.jpg","jetpack_likes_enabled":true,"_links":{"self":[{"href":"https:\/\/revistaepocadigital.com.ar\/index.php?rest_route=\/wp\/v2\/posts\/29351","targetHints":{"allow":["GET"]}}],"collection":[{"href":"https:\/\/revistaepocadigital.com.ar\/index.php?rest_route=\/wp\/v2\/posts"}],"about":[{"href":"https:\/\/revistaepocadigital.com.ar\/index.php?rest_route=\/wp\/v2\/types\/post"}],"author":[{"embeddable":true,"href":"https:\/\/revistaepocadigital.com.ar\/index.php?rest_route=\/wp\/v2\/users\/3"}],"replies":[{"embeddable":true,"href":"https:\/\/revistaepocadigital.com.ar\/index.php?rest_route=%2Fwp%2Fv2%2Fcomments&post=29351"}],"version-history":[{"count":0,"href":"https:\/\/revistaepocadigital.com.ar\/index.php?rest_route=\/wp\/v2\/posts\/29351\/revisions"}],"wp:featuredmedia":[{"embeddable":true,"href":"https:\/\/revistaepocadigital.com.ar\/index.php?rest_route=\/wp\/v2\/media\/29356"}],"wp:attachment":[{"href":"https:\/\/revistaepocadigital.com.ar\/index.php?rest_route=%2Fwp%2Fv2%2Fmedia&parent=29351"}],"wp:term":[{"taxonomy":"category","embeddable":true,"href":"https:\/\/revistaepocadigital.com.ar\/index.php?rest_route=%2Fwp%2Fv2%2Fcategories&post=29351"},{"taxonomy":"post_tag","embeddable":true,"href":"https:\/\/revistaepocadigital.com.ar\/index.php?rest_route=%2Fwp%2Fv2%2Ftags&post=29351"}],"curies":[{"name":"wp","href":"https:\/\/api.w.org\/{rel}","templated":true}]}}