{"id":2936,"date":"2019-07-25T14:47:50","date_gmt":"2019-07-25T17:47:50","guid":{"rendered":"https:\/\/revistaepocadigital.com.ar\/?p=2936"},"modified":"2019-07-25T14:48:54","modified_gmt":"2019-07-25T17:48:54","slug":"para-los-chicos-en-vacaciones-de-invierno-a-beneficio-del-pequeno-hogar-exaltacion","status":"publish","type":"post","link":"https:\/\/revistaepocadigital.com.ar\/?p=2936","title":{"rendered":"Para los chicos en vacaciones de invierno a beneficio del Peque\u00f1o Hogar Exaltaci\u00f3n"},"content":{"rendered":"<div id=\"id_5d39ea15acb4d7f96835697\" class=\"text_exposed_root text_exposed\"><strong>PIRETIS DE LA CAPOCHIS POR LOS NI\u00d1OS.<!--more--><\/strong><br \/>\nLa compa\u00f1\u00eda de <strong>Circo y Danza \u201cPiretis Circus\u201d<\/strong> invita a jugar y participar de su show con el objetivo de pasar una tarde de encuentro entre padres y ni\u00f1os. Con talleres de danza y circo, demostraciones y con un hermosos pic nic para compartir y conocer nuevos amigos.<\/div>\n<div><\/div>\n<div class=\"text_exposed_root text_exposed\">\n<p>Una tarde especial, ya que no s<span class=\"text_exposed_show\">olo ser\u00e1 la idea de encontrarse con los ni\u00f1os internos y jugar, sino por que con la invitaci\u00f3n se pedir\u00e1 colaboraci\u00f3n de alimentos, pa\u00f1ales y leche que ser\u00e1n donados al <strong>\u201cPeque\u00f1o Hogar Exaltaci\u00f3n\u201d.<\/strong> Ser\u00e1 doblemente enriquecedor ya que nos solo experimentaremos encontrarnos con nuestras destrezas, tambi\u00e9n con nuestra capacidad humana de colaborar. Espacio Anahata Cardales, nos cede su lugar para dicho Evento y colaboraci\u00f3n.<\/span><\/p>\n<p>Piretis Circus en una compa\u00f1\u00eda dirigida por <a href=\"https:\/\/www.facebook.com\/paola.terenzio1?__tn__=%2CdK%2AF-R&amp;eid=ARDk11qQ2uMyJMUn6tO-5uHSv0WiyUMjIrDpOy3FI0Ub4kFjTRrCiJQeUZ_lLGk4dlz2CCr3wtKCXBFI\" data-hovercard=\"\/ajax\/hovercard\/user.php?id=722349058&amp;extragetparams=%7B%22__tn__%22%3A%22%2CdK%2AF-R%22%2C%22eid%22%3A%22ARDk11qQ2uMyJMUn6tO-5uHSv0WiyUMjIrDpOy3FI0Ub4kFjTRrCiJQeUZ_lLGk4dlz2CCr3wtKCXBFI%22%2C%22directed_target_id%22%3Anull%2C%22groups_location%22%3Anull%7D\" data-hovercard-prefer-more-content-show=\"1\">Paola Terenzio<\/a>. Lic. en Expresi\u00f3n Corporal dedicada al arte del circo y la danza desde hace m\u00e1s de 20 a\u00f1os. Hoy dedicada a la docencia y participar en espect\u00e1culos junto a su Hija e invitados especiales. Pueden chusmear su pagina en Facebook <a href=\"https:\/\/www.facebook.com\/piretisdelacapochis\/?__xts__%5B0%5D=68.ARDVbIlnfWXNzmyUjovohzEg1WEDJBThXQ-tGFR69IoYdhvEzUSthOsdaNWHhChnrrPnIDkpzt0YG97oZR-eG83g0CBEsBR6H8CrAcK6Xrh4Jjikq_AL5Iu7GW9yb_zQByIn1Suz-qdoeM38Zg-32zg20jbQu3hi_Rr0xlkvMeujPfQX1YrMc355XOQ9DdjZ8XiE37WbRY7vFZif&amp;__tn__=%2CdK%2AF-R&amp;eid=ARBWU_lyGihN0gUw_T3MkkMU8DAglKC2CrLSMZKoWPEulRvMyQSO7Q42EqRjAQIK-kNbLHDeVB73Oqr1\" data-hovercard=\"\/ajax\/hovercard\/page.php?id=1847278912165148&amp;extragetparams=%7B%22__tn__%22%3A%22%2CdK%2AF-R%22%2C%22eid%22%3A%22ARBWU_lyGihN0gUw_T3MkkMU8DAglKC2CrLSMZKoWPEulRvMyQSO7Q42EqRjAQIK-kNbLHDeVB73Oqr1%22%2C%22directed_target_id%22%3Anull%2C%22groups_location%22%3Anull%7D\" data-hovercard-prefer-more-content-show=\"1\">Piretis Circus<\/a>. Donde ver\u00e1n parte de su trabajo.<\/p>\n<p>La cita: El lunes 29 de julio a las 16 hs en el Espacio Anahata. El Boyero . Los Cardales.<\/p>\n<p>Informe: Facebook Maky Traversa.<\/p>\n<\/div>\n<div id=\"fbPhotoSnowliftChainingPhotoVScroll\"><\/div>\n<div id=\"fbPhotoSnowliftLegacyTagList\" class=\"pts fbPhotoLegacyTagList\">\n<div><\/div>\n<\/div>\n<div id=\"fbPhotoSnowliftPhotoFundraiser\"><\/div>\n<div id=\"fbPhotoSnowliftOwnerButtons\" class=\"mvm fbPhotosPhotoOwnerButtons stat_elem\"><\/div>\n","protected":false},"excerpt":{"rendered":"<p>PIRETIS DE LA CAPOCHIS POR LOS NI\u00d1OS.<\/p>\n","protected":false},"author":3,"featured_media":2937,"comment_status":"open","ping_status":"open","sticky":false,"template":"","format":"standard","meta":{"footnotes":"","jetpack_publicize_message":"","jetpack_publicize_feature_enabled":true,"jetpack_social_post_already_shared":false,"jetpack_social_options":{"image_generator_settings":{"template":"highway","default_image_id":0,"font":"","enabled":false},"version":2}},"categories":[4],"tags":[423,422],"class_list":["post-2936","post","type-post","status-publish","format-standard","has-post-thumbnail","hentry","category-aqui-los-cardales","tag-cardales","tag-vacaciones-de-invierno"],"jetpack_publicize_connections":[],"jetpack_featured_media_url":"https:\/\/revistaepocadigital.com.ar\/wp-content\/uploads\/2019\/07\/PEE.jpg","jetpack_likes_enabled":true,"_links":{"self":[{"href":"https:\/\/revistaepocadigital.com.ar\/index.php?rest_route=\/wp\/v2\/posts\/2936","targetHints":{"allow":["GET"]}}],"collection":[{"href":"https:\/\/revistaepocadigital.com.ar\/index.php?rest_route=\/wp\/v2\/posts"}],"about":[{"href":"https:\/\/revistaepocadigital.com.ar\/index.php?rest_route=\/wp\/v2\/types\/post"}],"author":[{"embeddable":true,"href":"https:\/\/revistaepocadigital.com.ar\/index.php?rest_route=\/wp\/v2\/users\/3"}],"replies":[{"embeddable":true,"href":"https:\/\/revistaepocadigital.com.ar\/index.php?rest_route=%2Fwp%2Fv2%2Fcomments&post=2936"}],"version-history":[{"count":0,"href":"https:\/\/revistaepocadigital.com.ar\/index.php?rest_route=\/wp\/v2\/posts\/2936\/revisions"}],"wp:featuredmedia":[{"embeddable":true,"href":"https:\/\/revistaepocadigital.com.ar\/index.php?rest_route=\/wp\/v2\/media\/2937"}],"wp:attachment":[{"href":"https:\/\/revistaepocadigital.com.ar\/index.php?rest_route=%2Fwp%2Fv2%2Fmedia&parent=2936"}],"wp:term":[{"taxonomy":"category","embeddable":true,"href":"https:\/\/revistaepocadigital.com.ar\/index.php?rest_route=%2Fwp%2Fv2%2Fcategories&post=2936"},{"taxonomy":"post_tag","embeddable":true,"href":"https:\/\/revistaepocadigital.com.ar\/index.php?rest_route=%2Fwp%2Fv2%2Ftags&post=2936"}],"curies":[{"name":"wp","href":"https:\/\/api.w.org\/{rel}","templated":true}]}}