{"id":29379,"date":"2025-05-13T22:19:18","date_gmt":"2025-05-14T01:19:18","guid":{"rendered":"https:\/\/revistaepocadigital.com.ar\/?p=29379"},"modified":"2025-05-13T22:19:18","modified_gmt":"2025-05-14T01:19:18","slug":"ornela-perez-subcampeona-provincial-de-atletismo","status":"publish","type":"post","link":"https:\/\/revistaepocadigital.com.ar\/?p=29379","title":{"rendered":"ORNELA P\u00c9REZ SUBCAMPEONA PROVINCIAL DE ATLETISMO"},"content":{"rendered":"<div class=\"xdj266r x11i5rnm xat24cr x1mh8g0r x1vvkbs x126k92a\">\n<div dir=\"auto\"><strong>BRILLANTE.<\/strong><\/div>\n<div dir=\"auto\"><\/div>\n<\/div>\n<p><!--more--><\/p>\n<div class=\"x11i5rnm xat24cr x1mh8g0r x1vvkbs xtlvy1s x126k92a\">\n<div dir=\"auto\">La atleta de Los Cardales, Ornela P\u00e9rez, se consagr\u00f3 subcampeona en Campeonato de la Provincia de Buenos Aires de Atletismo, compitiendo ante numeras y calificadas representantes.<\/div>\n<div dir=\"auto\"><\/div>\n<div dir=\"auto\">Su gran logro le permiti\u00f3 obtener la clasificaci\u00f3n para el Campeonato Argentino a desarrollarse en pocos d\u00edas en Mar del Plata<\/div>\n<div dir=\"auto\"><\/div>\n<\/div>\n<div class=\"x11i5rnm xat24cr x1mh8g0r x1vvkbs xtlvy1s x126k92a\">\n<div dir=\"auto\">Ornela dio sus primeros pasos en la Escuela de Atletismo Municipal de Los Cardales, bajo la direcci\u00f3n del profesor Mart\u00edn Rossi. Desde sus inicios, la joven demostr\u00f3 una notable capacidad y condiciones que luego fue ratiricando hasta conseguir semejante satisfacci\u00f3n como fue consagrarse subcampeona provincial.<\/div>\n<\/div>\n<div dir=\"auto\">Fuente: facebook E. Marchese.<\/div>\n<div dir=\"auto\"><\/div>\n<div dir=\"auto\"><img loading=\"lazy\" decoding=\"async\" class=\"alignleft size-medium wp-image-29386\" src=\"https:\/\/revistaepocadigital.com.ar\/wp-content\/uploads\/2025\/05\/pere-orne-2024-300x226.jpg\" alt=\"\" width=\"300\" height=\"226\" srcset=\"https:\/\/revistaepocadigital.com.ar\/wp-content\/uploads\/2025\/05\/pere-orne-2024-300x226.jpg 300w, https:\/\/revistaepocadigital.com.ar\/wp-content\/uploads\/2025\/05\/pere-orne-2024-80x60.jpg 80w, https:\/\/revistaepocadigital.com.ar\/wp-content\/uploads\/2025\/05\/pere-orne-2024-160x120.jpg 160w, https:\/\/revistaepocadigital.com.ar\/wp-content\/uploads\/2025\/05\/pere-orne-2024-696x524.jpg 696w, https:\/\/revistaepocadigital.com.ar\/wp-content\/uploads\/2025\/05\/pere-orne-2024-558x420.jpg 558w, https:\/\/revistaepocadigital.com.ar\/wp-content\/uploads\/2025\/05\/pere-orne-2024.jpg 717w\" sizes=\"auto, (max-width: 300px) 100vw, 300px\" \/>Ornella ya se hab\u00eda destacado en los Juegos Bonaerenses 2024, cuando obtuvo la Medalla de Plata en lanzamiento de la Bala. P\u00e9rez tambi\u00e9n ha sido alumna de la Escuela Municipal de Atletismo de Los Cardales.<\/div>\n","protected":false},"excerpt":{"rendered":"<p>BRILLANTE.<\/p>\n","protected":false},"author":3,"featured_media":29385,"comment_status":"open","ping_status":"open","sticky":false,"template":"","format":"standard","meta":{"footnotes":"","jetpack_publicize_message":"","jetpack_publicize_feature_enabled":true,"jetpack_social_post_already_shared":true,"jetpack_social_options":{"image_generator_settings":{"template":"highway","default_image_id":0,"font":"","enabled":false},"version":2}},"categories":[4],"tags":[539,3156],"class_list":["post-29379","post","type-post","status-publish","format-standard","has-post-thumbnail","hentry","category-aqui-los-cardales","tag-atletismo","tag-ornella-perez"],"jetpack_publicize_connections":[],"jetpack_featured_media_url":"https:\/\/revistaepocadigital.com.ar\/wp-content\/uploads\/2025\/05\/perez-ornella.jpg","jetpack_likes_enabled":true,"_links":{"self":[{"href":"https:\/\/revistaepocadigital.com.ar\/index.php?rest_route=\/wp\/v2\/posts\/29379","targetHints":{"allow":["GET"]}}],"collection":[{"href":"https:\/\/revistaepocadigital.com.ar\/index.php?rest_route=\/wp\/v2\/posts"}],"about":[{"href":"https:\/\/revistaepocadigital.com.ar\/index.php?rest_route=\/wp\/v2\/types\/post"}],"author":[{"embeddable":true,"href":"https:\/\/revistaepocadigital.com.ar\/index.php?rest_route=\/wp\/v2\/users\/3"}],"replies":[{"embeddable":true,"href":"https:\/\/revistaepocadigital.com.ar\/index.php?rest_route=%2Fwp%2Fv2%2Fcomments&post=29379"}],"version-history":[{"count":0,"href":"https:\/\/revistaepocadigital.com.ar\/index.php?rest_route=\/wp\/v2\/posts\/29379\/revisions"}],"wp:featuredmedia":[{"embeddable":true,"href":"https:\/\/revistaepocadigital.com.ar\/index.php?rest_route=\/wp\/v2\/media\/29385"}],"wp:attachment":[{"href":"https:\/\/revistaepocadigital.com.ar\/index.php?rest_route=%2Fwp%2Fv2%2Fmedia&parent=29379"}],"wp:term":[{"taxonomy":"category","embeddable":true,"href":"https:\/\/revistaepocadigital.com.ar\/index.php?rest_route=%2Fwp%2Fv2%2Fcategories&post=29379"},{"taxonomy":"post_tag","embeddable":true,"href":"https:\/\/revistaepocadigital.com.ar\/index.php?rest_route=%2Fwp%2Fv2%2Ftags&post=29379"}],"curies":[{"name":"wp","href":"https:\/\/api.w.org\/{rel}","templated":true}]}}