{"id":29388,"date":"2025-05-15T00:47:20","date_gmt":"2025-05-15T03:47:20","guid":{"rendered":"https:\/\/revistaepocadigital.com.ar\/?p=29388"},"modified":"2025-05-15T00:47:20","modified_gmt":"2025-05-15T03:47:20","slug":"la-rural-concreto-una-donacion-a-los-bomberos-de-exaltacion-de-la-cruz","status":"publish","type":"post","link":"https:\/\/revistaepocadigital.com.ar\/?p=29388","title":{"rendered":"LA RURAL CONCRET\u00d3 UNA DONACI\u00d3N A LOS BOMBEROS DE EXALTACI\u00d3N DE LA CRUZ"},"content":{"rendered":"<div class=\"xdj266r x11i5rnm xat24cr x1mh8g0r x1vvkbs x126k92a\">\n<div dir=\"auto\"><strong>GESTO.<!--more--><\/strong><\/div>\n<div dir=\"auto\"><\/div>\n<div dir=\"auto\">La Sociedad Rural de Exaltaci\u00f3n de la Cruz, Campana y Z\u00e1rate, don\u00f3 a los Bomberos Voluntarios de Exaltaci\u00f3n de la Cruz, una freidora industrial de acero inoxidable con capacidad de 38 litros.<\/div>\n<div dir=\"auto\"><\/div>\n<\/div>\n<p>&nbsp;<\/p>\n<div class=\"x11i5rnm xat24cr x1mh8g0r x1vvkbs xtlvy1s x126k92a\">\n<div dir=\"auto\">Hace la entrega de la donaci\u00f3n, el Presidente de la Sociedad Rural Oscar Diez, junto al Secretario Maximiliano Quiqueran y al Vocal Patricio Diez. Recibieron lo donado por la entidad ruralista, el Secretario de la Comisi\u00f3n Directiva \u00c1ngel S\u00e1nchez, el Jefe del Cuerpo Activo Carlos Etcheverry y el bombero Hugo Giordano.<\/div>\n<div dir=\"auto\"><\/div>\n<\/div>\n","protected":false},"excerpt":{"rendered":"<p>GESTO.<\/p>\n","protected":false},"author":3,"featured_media":0,"comment_status":"open","ping_status":"open","sticky":false,"template":"","format":"standard","meta":{"footnotes":"","jetpack_publicize_message":"","jetpack_publicize_feature_enabled":true,"jetpack_social_post_already_shared":true,"jetpack_social_options":{"image_generator_settings":{"template":"highway","default_image_id":0,"font":"","enabled":false},"version":2}},"categories":[13],"tags":[365,792,501],"class_list":["post-29388","post","type-post","status-publish","format-standard","hentry","category-interes-general","tag-bomberos","tag-donacion","tag-rural"],"jetpack_publicize_connections":[],"jetpack_featured_media_url":"","jetpack_likes_enabled":true,"_links":{"self":[{"href":"https:\/\/revistaepocadigital.com.ar\/index.php?rest_route=\/wp\/v2\/posts\/29388","targetHints":{"allow":["GET"]}}],"collection":[{"href":"https:\/\/revistaepocadigital.com.ar\/index.php?rest_route=\/wp\/v2\/posts"}],"about":[{"href":"https:\/\/revistaepocadigital.com.ar\/index.php?rest_route=\/wp\/v2\/types\/post"}],"author":[{"embeddable":true,"href":"https:\/\/revistaepocadigital.com.ar\/index.php?rest_route=\/wp\/v2\/users\/3"}],"replies":[{"embeddable":true,"href":"https:\/\/revistaepocadigital.com.ar\/index.php?rest_route=%2Fwp%2Fv2%2Fcomments&post=29388"}],"version-history":[{"count":0,"href":"https:\/\/revistaepocadigital.com.ar\/index.php?rest_route=\/wp\/v2\/posts\/29388\/revisions"}],"wp:attachment":[{"href":"https:\/\/revistaepocadigital.com.ar\/index.php?rest_route=%2Fwp%2Fv2%2Fmedia&parent=29388"}],"wp:term":[{"taxonomy":"category","embeddable":true,"href":"https:\/\/revistaepocadigital.com.ar\/index.php?rest_route=%2Fwp%2Fv2%2Fcategories&post=29388"},{"taxonomy":"post_tag","embeddable":true,"href":"https:\/\/revistaepocadigital.com.ar\/index.php?rest_route=%2Fwp%2Fv2%2Ftags&post=29388"}],"curies":[{"name":"wp","href":"https:\/\/api.w.org\/{rel}","templated":true}]}}