{"id":29414,"date":"2025-05-17T01:31:00","date_gmt":"2025-05-17T04:31:00","guid":{"rendered":"https:\/\/revistaepocadigital.com.ar\/?p=29414"},"modified":"2025-05-17T01:31:00","modified_gmt":"2025-05-17T04:31:00","slug":"calles-inundadas-y-cambio-de-recorrido-de-colectivos","status":"publish","type":"post","link":"https:\/\/revistaepocadigital.com.ar\/?p=29414","title":{"rendered":"CALLES INUNDADAS Y CAMBIO DE RECORRIDO DE  COLECTIVOS"},"content":{"rendered":"<p><strong>Debido al temporal.<\/strong><!--more--><\/p>\n<p>Los servicios de colectivos procedentes de Luj\u00e1n, Pilar y Capilla del Se\u00f1or no ingresaban a Los Cardales por Colectora French.<br \/>\nContinuaban por Ruta 6 y entraban por la por Av. de Luca.<\/p>\n<p>Se recomendaba circular con extrema precauci\u00f3n, y respetar los desv\u00edos y se\u00f1alizaci\u00f3n vigente.<\/p>\n<p>Ante emergencias y consultas:<\/p>\n<p>Centro de Apoyo Vecinal: 0800 666 9009<\/p>\n","protected":false},"excerpt":{"rendered":"<p>Debido al temporal.<\/p>\n","protected":false},"author":3,"featured_media":29416,"comment_status":"open","ping_status":"open","sticky":false,"template":"","format":"standard","meta":{"footnotes":"","jetpack_publicize_message":"","jetpack_publicize_feature_enabled":true,"jetpack_social_post_already_shared":true,"jetpack_social_options":{"image_generator_settings":{"template":"highway","default_image_id":0,"font":"","enabled":false},"version":2}},"categories":[4],"tags":[3164,1789],"class_list":["post-29414","post","type-post","status-publish","format-standard","has-post-thumbnail","hentry","category-aqui-los-cardales","tag-cardalese","tag-temporal"],"jetpack_publicize_connections":[],"jetpack_featured_media_url":"https:\/\/revistaepocadigital.com.ar\/wp-content\/uploads\/2025\/05\/069f27a2-cad3-4339-803d-dc7841fc6190.jpg","jetpack_likes_enabled":true,"_links":{"self":[{"href":"https:\/\/revistaepocadigital.com.ar\/index.php?rest_route=\/wp\/v2\/posts\/29414","targetHints":{"allow":["GET"]}}],"collection":[{"href":"https:\/\/revistaepocadigital.com.ar\/index.php?rest_route=\/wp\/v2\/posts"}],"about":[{"href":"https:\/\/revistaepocadigital.com.ar\/index.php?rest_route=\/wp\/v2\/types\/post"}],"author":[{"embeddable":true,"href":"https:\/\/revistaepocadigital.com.ar\/index.php?rest_route=\/wp\/v2\/users\/3"}],"replies":[{"embeddable":true,"href":"https:\/\/revistaepocadigital.com.ar\/index.php?rest_route=%2Fwp%2Fv2%2Fcomments&post=29414"}],"version-history":[{"count":0,"href":"https:\/\/revistaepocadigital.com.ar\/index.php?rest_route=\/wp\/v2\/posts\/29414\/revisions"}],"wp:featuredmedia":[{"embeddable":true,"href":"https:\/\/revistaepocadigital.com.ar\/index.php?rest_route=\/wp\/v2\/media\/29416"}],"wp:attachment":[{"href":"https:\/\/revistaepocadigital.com.ar\/index.php?rest_route=%2Fwp%2Fv2%2Fmedia&parent=29414"}],"wp:term":[{"taxonomy":"category","embeddable":true,"href":"https:\/\/revistaepocadigital.com.ar\/index.php?rest_route=%2Fwp%2Fv2%2Fcategories&post=29414"},{"taxonomy":"post_tag","embeddable":true,"href":"https:\/\/revistaepocadigital.com.ar\/index.php?rest_route=%2Fwp%2Fv2%2Ftags&post=29414"}],"curies":[{"name":"wp","href":"https:\/\/api.w.org\/{rel}","templated":true}]}}