{"id":2943,"date":"2019-06-09T15:09:27","date_gmt":"2019-06-09T18:09:27","guid":{"rendered":"https:\/\/revistaepocadigital.com.ar\/?p=2943"},"modified":"2019-07-25T16:19:00","modified_gmt":"2019-07-25T19:19:00","slug":"si-queres-saber-acerca-de-obras-de-energia-electrica","status":"publish","type":"post","link":"https:\/\/revistaepocadigital.com.ar\/?p=2943","title":{"rendered":"SI QUER\u00c9S SABER ACERCA DE OBRAS DE ENERG\u00cdA EL\u00c9CTRICA"},"content":{"rendered":"<p><strong>LA EMPRESA EDEN TE INFORMA.<\/strong><!--more--><\/p>\n<p><span id=\"fbPhotoSnowliftCaption\" class=\"fbPhotosPhotoCaption\" tabindex=\"0\" aria-live=\"polite\" data-ft=\"{&quot;tn&quot;:&quot;K&quot;}\"><span class=\"hasCaption\">Consult\u00e1 todas las Obras Programadas para mejorar el servicio en tu barrio ingresando en <span class=\"_5mfr\"><span class=\"_6qdm\">\ud83d\udc49<\/span><\/span><a href=\"https:\/\/www.edensa.com.ar\/usuarios\/obras-en-tu-barrio\/?fbclid=IwAR0gmw-efGj18Hd7Wj0_o9U4dwt5a9IiJeTD7Kr5eYHa8Q9P7sCXE0LkBIw\" target=\"_blank\" rel=\"nofollow noopener noreferrer\" data-lynx-mode=\"asynclazy\" data-lynx-uri=\"https:\/\/l.facebook.com\/l.php?u=https%3A%2F%2Fwww.edensa.com.ar%2Fusuarios%2Fobras-en-tu-barrio%2F%3Ffbclid%3DIwAR0gmw-efGj18Hd7Wj0_o9U4dwt5a9IiJeTD7Kr5eYHa8Q9P7sCXE0LkBIw&amp;h=AT3C-3biO_AByH7Ip4X17jQ2ONdCm7prlLClz9l-4pSEBHNDYyOA9LUVI-xa39wsnxw6XNCxT9w9AcqvCmAUZhITqx0_lYE63QyFqsymB1YFRzBjNexlBDGYvZief-SA4AXk6SJI\">https:\/\/www.edensa.com.ar\/<wbr \/>usuarios\/<wbr \/>obras-en-tu-barrio\/<\/a><\/span><\/span><\/p>\n","protected":false},"excerpt":{"rendered":"<p>LA EMPRESA EDEN TE INFORMA.<\/p>\n","protected":false},"author":3,"featured_media":2945,"comment_status":"open","ping_status":"open","sticky":false,"template":"","format":"standard","meta":{"footnotes":"","jetpack_publicize_message":"","jetpack_publicize_feature_enabled":true,"jetpack_social_post_already_shared":false,"jetpack_social_options":{"image_generator_settings":{"template":"highway","default_image_id":0,"font":"","enabled":false},"version":2}},"categories":[15],"tags":[39,193],"class_list":["post-2943","post","type-post","status-publish","format-standard","has-post-thumbnail","hentry","category-lo-que-tenes-que-saber","tag-eden","tag-recomendadas"],"jetpack_publicize_connections":[],"jetpack_featured_media_url":"https:\/\/revistaepocadigital.com.ar\/wp-content\/uploads\/2019\/07\/eden-obas.jpg","jetpack_likes_enabled":true,"_links":{"self":[{"href":"https:\/\/revistaepocadigital.com.ar\/index.php?rest_route=\/wp\/v2\/posts\/2943","targetHints":{"allow":["GET"]}}],"collection":[{"href":"https:\/\/revistaepocadigital.com.ar\/index.php?rest_route=\/wp\/v2\/posts"}],"about":[{"href":"https:\/\/revistaepocadigital.com.ar\/index.php?rest_route=\/wp\/v2\/types\/post"}],"author":[{"embeddable":true,"href":"https:\/\/revistaepocadigital.com.ar\/index.php?rest_route=\/wp\/v2\/users\/3"}],"replies":[{"embeddable":true,"href":"https:\/\/revistaepocadigital.com.ar\/index.php?rest_route=%2Fwp%2Fv2%2Fcomments&post=2943"}],"version-history":[{"count":0,"href":"https:\/\/revistaepocadigital.com.ar\/index.php?rest_route=\/wp\/v2\/posts\/2943\/revisions"}],"wp:featuredmedia":[{"embeddable":true,"href":"https:\/\/revistaepocadigital.com.ar\/index.php?rest_route=\/wp\/v2\/media\/2945"}],"wp:attachment":[{"href":"https:\/\/revistaepocadigital.com.ar\/index.php?rest_route=%2Fwp%2Fv2%2Fmedia&parent=2943"}],"wp:term":[{"taxonomy":"category","embeddable":true,"href":"https:\/\/revistaepocadigital.com.ar\/index.php?rest_route=%2Fwp%2Fv2%2Fcategories&post=2943"},{"taxonomy":"post_tag","embeddable":true,"href":"https:\/\/revistaepocadigital.com.ar\/index.php?rest_route=%2Fwp%2Fv2%2Ftags&post=2943"}],"curies":[{"name":"wp","href":"https:\/\/api.w.org\/{rel}","templated":true}]}}