{"id":29441,"date":"2025-05-18T17:48:48","date_gmt":"2025-05-18T20:48:48","guid":{"rendered":"https:\/\/revistaepocadigital.com.ar\/?p=29441"},"modified":"2025-05-18T17:50:43","modified_gmt":"2025-05-18T20:50:43","slug":"el-dia-del-diluvio-universal-en-capilla","status":"publish","type":"post","link":"https:\/\/revistaepocadigital.com.ar\/?p=29441","title":{"rendered":"EL D\u00cdA DEL DILUVIO UNIVERSAL EN CAPILLA"},"content":{"rendered":"<p><strong>EL 17 DE MAYO DE 2025, QUEDAR\u00c1 GRABADO EN LA MEMORIA DE TANTOS ARGENTINOS,\u00a0 QUE EN UNA PARTE DE LA PROVINCIA DE BUENOS AIRES Y DEL GRAN BUENOS AIRES, SUFRIERON EL FEROZ DE TEMPORAL DE LLUVIA QUE CAUS\u00d3 GRAV\u00cdSIMAS CONSECUENCIAS.<\/strong><\/p>\n<p><strong>EN EXALTACI\u00d3N DE LA CRUZ, EN ESPECIAL EN CAPILLA DEL SE\u00d1OR Y LA PERIFERIA, SE VIVIERON MOMENTOS DRAM\u00c1TICOS Y ANGUSTIANTES.<\/strong><\/p>\n<p><!--more--><\/p>\n<p>Y ante lo ocurrido, result\u00f3 conmovedor y a la vez esperable, el grado de solidaridad, acompa\u00f1amiento y colaboraciones, mostrados una vez m\u00e1s por los vecinos que estuvieron dispuestos a ayudar a tantos perjudicados por la inundaci\u00f3n que azot\u00f3 Capilla del Se\u00f1or.<\/p>\n<p>El tremendo fen\u00f3meno clim\u00e1tico, se extendi\u00f3 a su vez a distritos como Campana, Z\u00e1rate en ambos de la misma manera con graves consecuencias para la gente; Luj\u00e1n, San Antonio de Areco, Salto, Pilar, entre otros. Caminos, autopistas interrumpidas por el agua, situaciones de graves riesgos, temor.<\/p>\n<p>En Capilla del Se\u00f1or, vali\u00f3 destacar la labor de los Bomberos Voluntarios de Exaltaci\u00f3n de la Cruz y del municipio, cuyo personal se puso a disposici\u00f3n para brindar su colaboraci\u00f3n, en tanto el intendente Diego Nanni recorri\u00f3 las zonas m\u00e1s afectadas conversando con los vecinos que viv\u00edan momentos de gran angustia, con sus casas bajo agua.<\/p>\n<p>El testimonio de Jandy Gigena en nombre de su familia que ves a continuaci\u00f3n, refleja el sentimiento de muchos vecinos ante las dif\u00edciles y angustiantes horas vividas.<\/p>\n<p><img loading=\"lazy\" decoding=\"async\" class=\"aligncenter size-full wp-image-29462\" src=\"https:\/\/revistaepocadigital.com.ar\/wp-content\/uploads\/2025\/05\/inunda-jandy-1.png\" alt=\"\" width=\"358\" height=\"577\" srcset=\"https:\/\/revistaepocadigital.com.ar\/wp-content\/uploads\/2025\/05\/inunda-jandy-1.png 358w, https:\/\/revistaepocadigital.com.ar\/wp-content\/uploads\/2025\/05\/inunda-jandy-1-186x300.png 186w, https:\/\/revistaepocadigital.com.ar\/wp-content\/uploads\/2025\/05\/inunda-jandy-1-261x420.png 261w\" sizes=\"auto, (max-width: 358px) 100vw, 358px\" \/><\/p>\n<p><img loading=\"lazy\" decoding=\"async\" class=\"aligncenter size-full wp-image-29453\" src=\"https:\/\/revistaepocadigital.com.ar\/wp-content\/uploads\/2025\/05\/inunda-7.jpg\" alt=\"\" width=\"405\" height=\"720\" srcset=\"https:\/\/revistaepocadigital.com.ar\/wp-content\/uploads\/2025\/05\/inunda-7.jpg 405w, https:\/\/revistaepocadigital.com.ar\/wp-content\/uploads\/2025\/05\/inunda-7-169x300.jpg 169w, https:\/\/revistaepocadigital.com.ar\/wp-content\/uploads\/2025\/05\/inunda-7-236x420.jpg 236w\" sizes=\"auto, (max-width: 405px) 100vw, 405px\" \/><\/p>\n<p>Impresionante imagen. La esquina de la calle Sosa y Balcarce, muestra el nivel alcanzado por las aguas.<\/p>\n<p>&nbsp;<\/p>\n<p><img loading=\"lazy\" decoding=\"async\" class=\"aligncenter size-full wp-image-29452\" src=\"https:\/\/revistaepocadigital.com.ar\/wp-content\/uploads\/2025\/05\/inunda-6.jpg\" alt=\"\" width=\"640\" height=\"525\" srcset=\"https:\/\/revistaepocadigital.com.ar\/wp-content\/uploads\/2025\/05\/inunda-6.jpg 640w, https:\/\/revistaepocadigital.com.ar\/wp-content\/uploads\/2025\/05\/inunda-6-300x246.jpg 300w, https:\/\/revistaepocadigital.com.ar\/wp-content\/uploads\/2025\/05\/inunda-6-512x420.jpg 512w\" sizes=\"auto, (max-width: 640px) 100vw, 640px\" \/><\/p>\n<p>Medios televisivos como el canal de televisi\u00f3n C5N, cubrieron lo que suced\u00eda en Capilla. La imagen de la entrada a la ciudad completamente cubierta por el agua es mas que elocuente. Durante variasa horas el ingreso estuvo cerrado como asi tambi\u00e9n la ruta 193 que conduce a Z\u00e1rate. Aislamiento casi total.<\/p>\n<p><img loading=\"lazy\" decoding=\"async\" class=\"size-full wp-image-29459\" src=\"https:\/\/revistaepocadigital.com.ar\/wp-content\/uploads\/2025\/05\/inunda-12.jpg\" alt=\"\" width=\"563\" height=\"317\" srcset=\"https:\/\/revistaepocadigital.com.ar\/wp-content\/uploads\/2025\/05\/inunda-12.jpg 563w, https:\/\/revistaepocadigital.com.ar\/wp-content\/uploads\/2025\/05\/inunda-12-300x169.jpg 300w\" sizes=\"auto, (max-width: 563px) 100vw, 563px\" \/><\/p>\n<p>Donaciones. Recibidas muchas de los mismos vecinos para paliar los crudos momentos atravesados por otros vecinos inundados y con da\u00f1os en sus casas y necesidades b\u00e1sicas<\/p>\n<p>En Exaltaci\u00f3n de la Cruz llovieron alrededor de 400 mil\u00edmetros en 24 horas, equivalente\u00a0 pudo saberse a la cantidad de agua ca\u00edda en cuatro meses. Las ampliaciones efectuadas para mejorar el escurrimiento de las aguas en el Arroyo de la Cruz, frente a Capilla del Se\u00f1or,\u00a0 si bien desbordadas ante la cantidad de agua ca\u00edda, mostraron un efecto positivo al permitir el m\u00e1s r\u00e1pido tr\u00e1nsito de las aguas que bajaron su nivel en menor tiempo que en anteriores situaciones similares (2015 anterior gran inundaci\u00f3n)<\/p>\n<p><img loading=\"lazy\" decoding=\"async\" class=\"size-full wp-image-29460\" src=\"https:\/\/revistaepocadigital.com.ar\/wp-content\/uploads\/2025\/05\/inunda-25-nani.jpg\" alt=\"\" width=\"576\" height=\"324\" srcset=\"https:\/\/revistaepocadigital.com.ar\/wp-content\/uploads\/2025\/05\/inunda-25-nani.jpg 576w, https:\/\/revistaepocadigital.com.ar\/wp-content\/uploads\/2025\/05\/inunda-25-nani-300x169.jpg 300w\" sizes=\"auto, (max-width: 576px) 100vw, 576px\" \/><\/p>\n<p>El intendente Nanni recorri\u00f3 los lugares inundados y habl\u00f3 con los vecinos afectados para brindarles ayuda.<\/p>\n<p><img loading=\"lazy\" decoding=\"async\" class=\"size-full wp-image-29448\" src=\"https:\/\/revistaepocadigital.com.ar\/wp-content\/uploads\/2025\/05\/inund-CAMPANA.jpg\" alt=\"\" width=\"640\" height=\"468\" srcset=\"https:\/\/revistaepocadigital.com.ar\/wp-content\/uploads\/2025\/05\/inund-CAMPANA.jpg 640w, https:\/\/revistaepocadigital.com.ar\/wp-content\/uploads\/2025\/05\/inund-CAMPANA-300x219.jpg 300w, https:\/\/revistaepocadigital.com.ar\/wp-content\/uploads\/2025\/05\/inund-CAMPANA-80x60.jpg 80w, https:\/\/revistaepocadigital.com.ar\/wp-content\/uploads\/2025\/05\/inund-CAMPANA-574x420.jpg 574w\" sizes=\"auto, (max-width: 640px) 100vw, 640px\" \/><\/p>\n<p>&nbsp;<\/p>\n<p>Enviados de medios como C5N tambi\u00e9n cubrieros los efectos de las aguas en las zonas de Campana y Z\u00e1rate.<\/p>\n<p>ggggggggg<img loading=\"lazy\" decoding=\"async\" class=\"size-full wp-image-29459\" src=\"https:\/\/revistaepocadigital.com.ar\/wp-content\/uploads\/2025\/05\/inunda-12.jpg\" alt=\"\" width=\"563\" height=\"317\" srcset=\"https:\/\/revistaepocadigital.com.ar\/wp-content\/uploads\/2025\/05\/inunda-12.jpg 563w, https:\/\/revistaepocadigital.com.ar\/wp-content\/uploads\/2025\/05\/inunda-12-300x169.jpg 300w\" sizes=\"auto, (max-width: 563px) 100vw, 563px\" \/><\/p>\n<p>Donaciones. Entregadasa y recibidas en el municipio, en el Club Honor y Patria entre otros sitios. En HyP incluso fueron cobijados algunos vecinos evacuados.<\/p>\n<p><img loading=\"lazy\" decoding=\"async\" class=\"aligncenter size-full wp-image-29451\" src=\"https:\/\/revistaepocadigital.com.ar\/wp-content\/uploads\/2025\/05\/inunda-5.jpeg\" alt=\"\" width=\"378\" height=\"640\" srcset=\"https:\/\/revistaepocadigital.com.ar\/wp-content\/uploads\/2025\/05\/inunda-5.jpeg 378w, https:\/\/revistaepocadigital.com.ar\/wp-content\/uploads\/2025\/05\/inunda-5-177x300.jpeg 177w, https:\/\/revistaepocadigital.com.ar\/wp-content\/uploads\/2025\/05\/inunda-5-248x420.jpeg 248w\" sizes=\"auto, (max-width: 378px) 100vw, 378px\" \/><\/p>\n<p><img loading=\"lazy\" decoding=\"async\" class=\"aligncenter size-full wp-image-29464\" src=\"https:\/\/revistaepocadigital.com.ar\/wp-content\/uploads\/2025\/05\/inunda-ruta193.jpg\" alt=\"\" width=\"310\" height=\"524\" srcset=\"https:\/\/revistaepocadigital.com.ar\/wp-content\/uploads\/2025\/05\/inunda-ruta193.jpg 310w, https:\/\/revistaepocadigital.com.ar\/wp-content\/uploads\/2025\/05\/inunda-ruta193-177x300.jpg 177w, https:\/\/revistaepocadigital.com.ar\/wp-content\/uploads\/2025\/05\/inunda-ruta193-248x420.jpg 248w\" sizes=\"auto, (max-width: 310px) 100vw, 310px\" \/><\/p>\n<p>Las redes sociales, cuando se las utiliza en forma conveniente tambi\u00e9n resultaron beneficiosas. Numerosos vecinos se expresaron, algunos con cr\u00edticas como deben aceptarse y tomarse en cuenta.<\/p>\n<figure id=\"attachment_29458\" aria-describedby=\"caption-attachment-29458\" style=\"width: 480px\" class=\"wp-caption aligncenter\"><img loading=\"lazy\" decoding=\"async\" class=\"size-full wp-image-29458\" src=\"https:\/\/revistaepocadigital.com.ar\/wp-content\/uploads\/2025\/05\/inunda-aerea.jpg\" alt=\"\" width=\"480\" height=\"744\" srcset=\"https:\/\/revistaepocadigital.com.ar\/wp-content\/uploads\/2025\/05\/inunda-aerea.jpg 480w, https:\/\/revistaepocadigital.com.ar\/wp-content\/uploads\/2025\/05\/inunda-aerea-194x300.jpg 194w, https:\/\/revistaepocadigital.com.ar\/wp-content\/uploads\/2025\/05\/inunda-aerea-271x420.jpg 271w\" sizes=\"auto, (max-width: 480px) 100vw, 480px\" \/><figcaption id=\"caption-attachment-29458\" class=\"wp-caption-text\"><strong>La inundaci\u00f3n en Capilla desde el aire por medio de la utilizaci\u00f3n de un drone . La foto del a\u00f1o\u00a0 (Foto gentileza Tom\u00e1s Guti\u00e9rrez)<\/strong><\/figcaption><\/figure>\n<p><img loading=\"lazy\" decoding=\"async\" class=\"aligncenter size-full wp-image-29466\" src=\"https:\/\/revistaepocadigital.com.ar\/wp-content\/uploads\/2025\/05\/inunda-sosa.jpg\" alt=\"\" width=\"515\" height=\"701\" srcset=\"https:\/\/revistaepocadigital.com.ar\/wp-content\/uploads\/2025\/05\/inunda-sosa.jpg 515w, https:\/\/revistaepocadigital.com.ar\/wp-content\/uploads\/2025\/05\/inunda-sosa-220x300.jpg 220w, https:\/\/revistaepocadigital.com.ar\/wp-content\/uploads\/2025\/05\/inunda-sosa-309x420.jpg 309w\" sizes=\"auto, (max-width: 515px) 100vw, 515px\" \/><\/p>\n<p>Otra imagen para ilustrar el efecto de las aguasa, en la intersecci\u00f3n de las calles Sosa y Balcarce de\u00a0 Capilla del Se\u00f1or, vista desde un drone (Foto gentileza Tom\u00e1s Guti\u00e9rrez)<\/p>\n<p><img loading=\"lazy\" decoding=\"async\" class=\"aligncenter size-large wp-image-29456\" src=\"https:\/\/revistaepocadigital.com.ar\/wp-content\/uploads\/2025\/05\/iNunda3.jpg\" alt=\"\" width=\"640\" height=\"340\" srcset=\"https:\/\/revistaepocadigital.com.ar\/wp-content\/uploads\/2025\/05\/iNunda3.jpg 640w, https:\/\/revistaepocadigital.com.ar\/wp-content\/uploads\/2025\/05\/iNunda3-300x159.jpg 300w\" sizes=\"auto, (max-width: 640px) 100vw, 640px\" \/><\/p>\n<p>Maquinarias de la comuna trabajando<\/p>\n<p><img loading=\"lazy\" decoding=\"async\" class=\"size-full wp-image-29457\" src=\"https:\/\/revistaepocadigital.com.ar\/wp-content\/uploads\/2025\/05\/inunda8-rotated-e1747595779807.jpg\" alt=\"\" width=\"303\" height=\"324\" srcset=\"https:\/\/revistaepocadigital.com.ar\/wp-content\/uploads\/2025\/05\/inunda8-rotated-e1747595779807.jpg 303w, https:\/\/revistaepocadigital.com.ar\/wp-content\/uploads\/2025\/05\/inunda8-rotated-e1747595779807-281x300.jpg 281w\" sizes=\"auto, (max-width: 303px) 100vw, 303px\" \/><\/p>\n<p>Desde la noche anterior, las calles de la ciudad, adem\u00e1s de alrededores comenzaron a anegarse. Se ven\u00eda lo peor<\/p>\n<p><img loading=\"lazy\" decoding=\"async\" class=\"size-full wp-image-29449\" src=\"https:\/\/revistaepocadigital.com.ar\/wp-content\/uploads\/2025\/05\/inunda-ru-6-abren.jpg\" alt=\"\" width=\"526\" height=\"526\" srcset=\"https:\/\/revistaepocadigital.com.ar\/wp-content\/uploads\/2025\/05\/inunda-ru-6-abren.jpg 526w, https:\/\/revistaepocadigital.com.ar\/wp-content\/uploads\/2025\/05\/inunda-ru-6-abren-300x300.jpg 300w, https:\/\/revistaepocadigital.com.ar\/wp-content\/uploads\/2025\/05\/inunda-ru-6-abren-150x150.jpg 150w, https:\/\/revistaepocadigital.com.ar\/wp-content\/uploads\/2025\/05\/inunda-ru-6-abren-420x420.jpg 420w\" sizes=\"auto, (max-width: 526px) 100vw, 526px\" \/><\/p>\n<p>El d\u00eda despu\u00e9s. El notorio mejoramiento de las condiciones clim\u00e1ticas en la zona norte, permiti\u00f3 el inicio de la normalizaci\u00f3n de actividades, si bien quedaron al desnudo los da\u00f1os devastadores producidos en viviendas de mucha gente.<\/p>\n<p>&nbsp;<\/p>\n<p>nota en desarrollo<\/p>\n","protected":false},"excerpt":{"rendered":"<p>EL 17 DE MAYO DE 2025, QUEDAR\u00c1 GRABADO EN LA MEMORIA DE TANTOS ARGENTINOS,\u00a0 QUE EN UNA PARTE DE LA PROVINCIA DE BUENOS AIRES Y DEL GRAN BUENOS AIRES, SUFRIERON EL FEROZ DE TEMPORAL DE LLUVIA QUE CAUS\u00d3 GRAV\u00cdSIMAS CONSECUENCIAS. EN EXALTACI\u00d3N DE LA CRUZ, EN ESPECIAL EN CAPILLA DEL SE\u00d1OR Y LA PERIFERIA, SE [&hellip;]<\/p>\n","protected":false},"author":4,"featured_media":29458,"comment_status":"open","ping_status":"open","sticky":false,"template":"","format":"standard","meta":{"footnotes":"","jetpack_publicize_message":"","jetpack_publicize_feature_enabled":true,"jetpack_social_post_already_shared":true,"jetpack_social_options":{"image_generator_settings":{"template":"highway","default_image_id":0,"font":"","enabled":false},"version":2}},"categories":[13],"tags":[719,3165],"class_list":["post-29441","post","type-post","status-publish","format-standard","has-post-thumbnail","hentry","category-interes-general","tag-inundaciones","tag-mayo-2025"],"jetpack_publicize_connections":[],"jetpack_featured_media_url":"https:\/\/revistaepocadigital.com.ar\/wp-content\/uploads\/2025\/05\/inunda-aerea.jpg","jetpack_likes_enabled":true,"_links":{"self":[{"href":"https:\/\/revistaepocadigital.com.ar\/index.php?rest_route=\/wp\/v2\/posts\/29441","targetHints":{"allow":["GET"]}}],"collection":[{"href":"https:\/\/revistaepocadigital.com.ar\/index.php?rest_route=\/wp\/v2\/posts"}],"about":[{"href":"https:\/\/revistaepocadigital.com.ar\/index.php?rest_route=\/wp\/v2\/types\/post"}],"author":[{"embeddable":true,"href":"https:\/\/revistaepocadigital.com.ar\/index.php?rest_route=\/wp\/v2\/users\/4"}],"replies":[{"embeddable":true,"href":"https:\/\/revistaepocadigital.com.ar\/index.php?rest_route=%2Fwp%2Fv2%2Fcomments&post=29441"}],"version-history":[{"count":0,"href":"https:\/\/revistaepocadigital.com.ar\/index.php?rest_route=\/wp\/v2\/posts\/29441\/revisions"}],"wp:featuredmedia":[{"embeddable":true,"href":"https:\/\/revistaepocadigital.com.ar\/index.php?rest_route=\/wp\/v2\/media\/29458"}],"wp:attachment":[{"href":"https:\/\/revistaepocadigital.com.ar\/index.php?rest_route=%2Fwp%2Fv2%2Fmedia&parent=29441"}],"wp:term":[{"taxonomy":"category","embeddable":true,"href":"https:\/\/revistaepocadigital.com.ar\/index.php?rest_route=%2Fwp%2Fv2%2Fcategories&post=29441"},{"taxonomy":"post_tag","embeddable":true,"href":"https:\/\/revistaepocadigital.com.ar\/index.php?rest_route=%2Fwp%2Fv2%2Ftags&post=29441"}],"curies":[{"name":"wp","href":"https:\/\/api.w.org\/{rel}","templated":true}]}}