{"id":2947,"date":"2019-07-25T20:41:04","date_gmt":"2019-07-25T23:41:04","guid":{"rendered":"https:\/\/revistaepocadigital.com.ar\/?p=2947"},"modified":"2019-07-25T20:41:04","modified_gmt":"2019-07-25T23:41:04","slug":"importante-procedimiento-policial-en-el-remanso","status":"publish","type":"post","link":"https:\/\/revistaepocadigital.com.ar\/?p=2947","title":{"rendered":"IMPORTANTE PROCEDIMIENTO POLICIAL EN EL REMANSO"},"content":{"rendered":"<p><strong>EN UNA VIVIENDA DEL BARRIO.<\/strong><!--more--><\/p>\n<p>Luego de un llamado al 911, personal policial allan\u00f3 una vivienda ubicada en el barrio El Remanso de Exaltaci\u00f3n de la Cruz. Como resultado del mismo, fue aprehendido un hombre y se secuestraron veh\u00edculos robados, un auto Audi con pedido de captura, un Ford Fiesta tambien robado, autopartes, dos cuatriciclos Yamaha y documentaci\u00f3n.<\/p>\n<p>Actuaron en el procedimiento, la polic\u00eda de Exaltacion de la Cruz de la Comisar\u00eda de Parada Robles y del Comando de Patrullas, la vivienda allada de acuerdo a lo informado por la polic\u00eda,se encuentra en la 4ta Serie del barrio El Remanso 4. Al arribar al lugar, y a trav\u00e9s de un importante cerco de plantas que impiden la clara visi\u00f3n desde el exterior, la polic\u00eda estableci\u00f3 la existencia en el interior del propiedad de dos de un Audi y un Ford Fiesta. Verificadas las placas patentes de los mismos, resultaba que hab\u00edan sido sustra\u00eddos en distintas fechas en zonas de la Capital Federal.<\/p>\n<p><img loading=\"lazy\" decoding=\"async\" class=\"aligncenter size-full wp-image-2951\" src=\"https:\/\/revistaepocadigital.com.ar\/wp-content\/uploads\/2019\/07\/ro12.jpg\" alt=\"\" width=\"447\" height=\"925\" srcset=\"https:\/\/revistaepocadigital.com.ar\/wp-content\/uploads\/2019\/07\/ro12.jpg 447w, https:\/\/revistaepocadigital.com.ar\/wp-content\/uploads\/2019\/07\/ro12-145x300.jpg 145w, https:\/\/revistaepocadigital.com.ar\/wp-content\/uploads\/2019\/07\/ro12-203x420.jpg 203w, https:\/\/revistaepocadigital.com.ar\/wp-content\/uploads\/2019\/07\/ro12-406x840.jpg 406w\" sizes=\"auto, (max-width: 447px) 100vw, 447px\" \/><\/p>\n<p>Ante esa situaci\u00f3n, y con la r\u00e1pida intervenci\u00f3n de la fiscal\u00eda local, se libr\u00f3 la correspondiente orden de allanamiento, la que se ejecut\u00f3 el martes 23 de julio a la ma\u00f1ana, hall\u00e1ndose tambi\u00e9n dos motovehiculos sin documentaci\u00f3n que, aparentemente eran desarmados dentro de esta propiedad y una cantidad importante de autopartes de otros veh\u00edculos.<\/p>\n<p>En el procedimiento intervino la Unidad Funcional de Instrucci\u00f3n (UFI) de Exaltacion de la cruz, que dispuso con fecha 23 de julio, el allanamiento de urgencia en el lugar, a ra\u00edz de este procedimiento qued\u00f3 detenida un hombre mayor de edad que resulta ser el propietario del lugar, de nombre Benicio Pastor Barreiro (42), recuper\u00e1ndose todos los veh\u00edculos y autopartes existentes en el lugar.<\/p>\n","protected":false},"excerpt":{"rendered":"<p>EN UNA VIVIENDA DEL BARRIO.<\/p>\n","protected":false},"author":3,"featured_media":2949,"comment_status":"open","ping_status":"open","sticky":false,"template":"","format":"standard","meta":{"footnotes":"","jetpack_publicize_message":"","jetpack_publicize_feature_enabled":true,"jetpack_social_post_already_shared":false,"jetpack_social_options":{"image_generator_settings":{"template":"highway","default_image_id":0,"font":"","enabled":false},"version":2}},"categories":[5],"tags":[425,424],"class_list":["post-2947","post","type-post","status-publish","format-standard","has-post-thumbnail","hentry","category-aqui-parada-robles","tag-el-remaso","tag-procedimiento-policial"],"jetpack_publicize_connections":[],"jetpack_featured_media_url":"https:\/\/revistaepocadigital.com.ar\/wp-content\/uploads\/2019\/07\/ro11.jpg","jetpack_likes_enabled":true,"_links":{"self":[{"href":"https:\/\/revistaepocadigital.com.ar\/index.php?rest_route=\/wp\/v2\/posts\/2947","targetHints":{"allow":["GET"]}}],"collection":[{"href":"https:\/\/revistaepocadigital.com.ar\/index.php?rest_route=\/wp\/v2\/posts"}],"about":[{"href":"https:\/\/revistaepocadigital.com.ar\/index.php?rest_route=\/wp\/v2\/types\/post"}],"author":[{"embeddable":true,"href":"https:\/\/revistaepocadigital.com.ar\/index.php?rest_route=\/wp\/v2\/users\/3"}],"replies":[{"embeddable":true,"href":"https:\/\/revistaepocadigital.com.ar\/index.php?rest_route=%2Fwp%2Fv2%2Fcomments&post=2947"}],"version-history":[{"count":0,"href":"https:\/\/revistaepocadigital.com.ar\/index.php?rest_route=\/wp\/v2\/posts\/2947\/revisions"}],"wp:featuredmedia":[{"embeddable":true,"href":"https:\/\/revistaepocadigital.com.ar\/index.php?rest_route=\/wp\/v2\/media\/2949"}],"wp:attachment":[{"href":"https:\/\/revistaepocadigital.com.ar\/index.php?rest_route=%2Fwp%2Fv2%2Fmedia&parent=2947"}],"wp:term":[{"taxonomy":"category","embeddable":true,"href":"https:\/\/revistaepocadigital.com.ar\/index.php?rest_route=%2Fwp%2Fv2%2Fcategories&post=2947"},{"taxonomy":"post_tag","embeddable":true,"href":"https:\/\/revistaepocadigital.com.ar\/index.php?rest_route=%2Fwp%2Fv2%2Ftags&post=2947"}],"curies":[{"name":"wp","href":"https:\/\/api.w.org\/{rel}","templated":true}]}}