{"id":29500,"date":"2025-05-23T17:14:45","date_gmt":"2025-05-23T20:14:45","guid":{"rendered":"https:\/\/revistaepocadigital.com.ar\/?p=29500"},"modified":"2025-05-23T23:54:01","modified_gmt":"2025-05-24T02:54:01","slug":"nassivera-retuvo-el-titulo-de-campeon-y-salto-al-profesionalismo-en-kickboxing","status":"publish","type":"post","link":"https:\/\/revistaepocadigital.com.ar\/?p=29500","title":{"rendered":"NASSIVERA RETUVO EL T\u00cdTULO DE CAMPE\u00d3N Y SALT\u00d3 AL PROFESIONALISMO EN KICKBOXING"},"content":{"rendered":"<div dir=\"ltr\"><strong>AL RETENER EL T\u00cdTULO.<\/strong><\/div>\n<p><!--more--><\/p>\n<div dir=\"ltr\"><\/div>\n<div dir=\"ltr\">De la categor\u00eda PRO AM de kickboxing hasta 69 kg, el capillense Lemuel Nassivera, cerr\u00f3 con un gran triunfo su paso como semiprofesional en kickboxing. El combate tuvo lugar en Laprida, y Nassivera consigui\u00f3 el triunfo, reiter\u00e1ndo el logrado el a\u00f1o anterior.<\/div>\n<div dir=\"ltr\">&#8220;Estaba listo para pelear contra quien fuera el que me tocara como rival, y se debi\u00f3 que tuve que combatir con un oponente a mi gusto y demasiado cre\u00eddo, y como sess vio le demostr\u00e9 porqu\u00e9 soy el campe\u00f3n&#8221;, cont\u00f3 muy satisfecho Nassivera<\/div>\n<div dir=\"ltr\"><\/div>\n<div dir=\"ltr\">\n<figure id=\"attachment_29502\" aria-describedby=\"caption-attachment-29502\" style=\"width: 346px\" class=\"wp-caption aligncenter\"><img loading=\"lazy\" decoding=\"async\" class=\"size-full wp-image-29502\" src=\"https:\/\/revistaepocadigital.com.ar\/wp-content\/uploads\/2025\/05\/lemus.jpg\" alt=\"\" width=\"346\" height=\"402\" srcset=\"https:\/\/revistaepocadigital.com.ar\/wp-content\/uploads\/2025\/05\/lemus.jpg 346w, https:\/\/revistaepocadigital.com.ar\/wp-content\/uploads\/2025\/05\/lemus-258x300.jpg 258w\" sizes=\"auto, (max-width: 346px) 100vw, 346px\" \/><figcaption id=\"caption-attachment-29502\" class=\"wp-caption-text\">El gran momento, la victoria consumada.<\/figcaption><\/figure>\n<\/div>\n<div dir=\"ltr\"><\/div>\n<div dir=\"ltr\">\n<figure id=\"attachment_29503\" aria-describedby=\"caption-attachment-29503\" style=\"width: 432px\" class=\"wp-caption aligncenter\"><img loading=\"lazy\" decoding=\"async\" class=\"size-full wp-image-29503\" src=\"https:\/\/revistaepocadigital.com.ar\/wp-content\/uploads\/2025\/05\/NASSI-LEM.jpg\" alt=\"\" width=\"432\" height=\"540\" srcset=\"https:\/\/revistaepocadigital.com.ar\/wp-content\/uploads\/2025\/05\/NASSI-LEM.jpg 432w, https:\/\/revistaepocadigital.com.ar\/wp-content\/uploads\/2025\/05\/NASSI-LEM-240x300.jpg 240w, https:\/\/revistaepocadigital.com.ar\/wp-content\/uploads\/2025\/05\/NASSI-LEM-336x420.jpg 336w\" sizes=\"auto, (max-width: 432px) 100vw, 432px\" \/><figcaption id=\"caption-attachment-29503\" class=\"wp-caption-text\">Tolosa contra Nassivera en Laprida, el local logr\u00f3 gran victoria.<\/figcaption><\/figure>\n<p><span style=\"color: #222222; font-size: 15px;\">De ahora en mas Lemuel pasa a combatir como profesional. Y su primera pelea estaba prevista para el 14 de junio en la localidad de Matheu, y tambi\u00e9n con un t\u00edtulo en juego.<\/span><\/p>\n<\/div>\n","protected":false},"excerpt":{"rendered":"<p>AL RETENER EL T\u00cdTULO.<\/p>\n","protected":false},"author":4,"featured_media":29501,"comment_status":"open","ping_status":"open","sticky":false,"template":"","format":"standard","meta":{"footnotes":"","jetpack_publicize_message":"","jetpack_publicize_feature_enabled":true,"jetpack_social_post_already_shared":true,"jetpack_social_options":{"image_generator_settings":{"template":"highway","default_image_id":0,"font":"","enabled":false},"version":2}},"categories":[9],"tags":[407,2254,3170],"class_list":["post-29500","post","type-post","status-publish","format-standard","has-post-thumbnail","hentry","category-deportes","tag-campeon","tag-nassivera","tag-profesional"],"jetpack_publicize_connections":[],"jetpack_featured_media_url":"https:\/\/revistaepocadigital.com.ar\/wp-content\/uploads\/2025\/05\/lemu-1-e1748055211580.jpg","jetpack_likes_enabled":true,"_links":{"self":[{"href":"https:\/\/revistaepocadigital.com.ar\/index.php?rest_route=\/wp\/v2\/posts\/29500","targetHints":{"allow":["GET"]}}],"collection":[{"href":"https:\/\/revistaepocadigital.com.ar\/index.php?rest_route=\/wp\/v2\/posts"}],"about":[{"href":"https:\/\/revistaepocadigital.com.ar\/index.php?rest_route=\/wp\/v2\/types\/post"}],"author":[{"embeddable":true,"href":"https:\/\/revistaepocadigital.com.ar\/index.php?rest_route=\/wp\/v2\/users\/4"}],"replies":[{"embeddable":true,"href":"https:\/\/revistaepocadigital.com.ar\/index.php?rest_route=%2Fwp%2Fv2%2Fcomments&post=29500"}],"version-history":[{"count":0,"href":"https:\/\/revistaepocadigital.com.ar\/index.php?rest_route=\/wp\/v2\/posts\/29500\/revisions"}],"wp:featuredmedia":[{"embeddable":true,"href":"https:\/\/revistaepocadigital.com.ar\/index.php?rest_route=\/wp\/v2\/media\/29501"}],"wp:attachment":[{"href":"https:\/\/revistaepocadigital.com.ar\/index.php?rest_route=%2Fwp%2Fv2%2Fmedia&parent=29500"}],"wp:term":[{"taxonomy":"category","embeddable":true,"href":"https:\/\/revistaepocadigital.com.ar\/index.php?rest_route=%2Fwp%2Fv2%2Fcategories&post=29500"},{"taxonomy":"post_tag","embeddable":true,"href":"https:\/\/revistaepocadigital.com.ar\/index.php?rest_route=%2Fwp%2Fv2%2Ftags&post=29500"}],"curies":[{"name":"wp","href":"https:\/\/api.w.org\/{rel}","templated":true}]}}