{"id":29515,"date":"2025-05-23T23:48:46","date_gmt":"2025-05-24T02:48:46","guid":{"rendered":"https:\/\/revistaepocadigital.com.ar\/?p=29515"},"modified":"2025-05-23T23:48:46","modified_gmt":"2025-05-24T02:48:46","slug":"volvio-la-luz-en-el-sector-de-la-cancha-de-futbol","status":"publish","type":"post","link":"https:\/\/revistaepocadigital.com.ar\/?p=29515","title":{"rendered":"Volvi\u00f3 la luz en el sector de la cancha de f\u00fatbol"},"content":{"rendered":"<p><strong>Lo hizo saber la Delegaci\u00f3n Municipal Los Cardales.<\/strong><!--more--><\/p>\n<p>Debido a la inquietud de vecinos por el funcionamiento de la iluminaci\u00f3n en cancha de f\u00fatbol ubicada junto al Hospital Modular de Los Cardales, se trabaj\u00f3 (23-5) en el tablero el\u00e9ctrico para que funcione y el inconveniente fue solucionado.<\/p>\n<p>Desde la Delegaci\u00f3n remarcaron la necesidad de cuidar dicho tablero y no acercarse ni poner las manos sobre el mismo. Es para el cuidado mismo, la recomendaci\u00f3n, de los mismos vecinos que se acercan a utilizar el predio. Tambi\u00e9n se hizo saber que la iluminaci\u00f3n funciona hasta la una de la madrugada.<\/p>\n","protected":false},"excerpt":{"rendered":"<p>Lo hizo saber la Delegaci\u00f3n Municipal Los Cardales.<\/p>\n","protected":false},"author":3,"featured_media":0,"comment_status":"open","ping_status":"open","sticky":false,"template":"","format":"standard","meta":{"footnotes":"","jetpack_publicize_message":"","jetpack_publicize_feature_enabled":true,"jetpack_social_post_already_shared":true,"jetpack_social_options":{"image_generator_settings":{"template":"highway","default_image_id":0,"font":"","enabled":false},"version":2}},"categories":[4],"tags":[3171],"class_list":["post-29515","post","type-post","status-publish","format-standard","hentry","category-aqui-los-cardales","tag-iluminacion"],"jetpack_publicize_connections":[],"jetpack_featured_media_url":"","jetpack_likes_enabled":true,"_links":{"self":[{"href":"https:\/\/revistaepocadigital.com.ar\/index.php?rest_route=\/wp\/v2\/posts\/29515","targetHints":{"allow":["GET"]}}],"collection":[{"href":"https:\/\/revistaepocadigital.com.ar\/index.php?rest_route=\/wp\/v2\/posts"}],"about":[{"href":"https:\/\/revistaepocadigital.com.ar\/index.php?rest_route=\/wp\/v2\/types\/post"}],"author":[{"embeddable":true,"href":"https:\/\/revistaepocadigital.com.ar\/index.php?rest_route=\/wp\/v2\/users\/3"}],"replies":[{"embeddable":true,"href":"https:\/\/revistaepocadigital.com.ar\/index.php?rest_route=%2Fwp%2Fv2%2Fcomments&post=29515"}],"version-history":[{"count":0,"href":"https:\/\/revistaepocadigital.com.ar\/index.php?rest_route=\/wp\/v2\/posts\/29515\/revisions"}],"wp:attachment":[{"href":"https:\/\/revistaepocadigital.com.ar\/index.php?rest_route=%2Fwp%2Fv2%2Fmedia&parent=29515"}],"wp:term":[{"taxonomy":"category","embeddable":true,"href":"https:\/\/revistaepocadigital.com.ar\/index.php?rest_route=%2Fwp%2Fv2%2Fcategories&post=29515"},{"taxonomy":"post_tag","embeddable":true,"href":"https:\/\/revistaepocadigital.com.ar\/index.php?rest_route=%2Fwp%2Fv2%2Ftags&post=29515"}],"curies":[{"name":"wp","href":"https:\/\/api.w.org\/{rel}","templated":true}]}}