{"id":29521,"date":"2025-05-24T00:25:13","date_gmt":"2025-05-24T03:25:13","guid":{"rendered":"https:\/\/revistaepocadigital.com.ar\/?p=29521"},"modified":"2025-05-24T00:25:42","modified_gmt":"2025-05-24T03:25:42","slug":"el-proyecto-de-reeleccion-indefinida-de-intendentes-en-la-provincia-que-hara-nanni","status":"publish","type":"post","link":"https:\/\/revistaepocadigital.com.ar\/?p=29521","title":{"rendered":"EL PROYECTO DE REELECCI\u00d3N INDEFINIDA DE INTENDENTES EN LA PROVINCIA. \u00bfQUE HAR\u00c1 NANNI?"},"content":{"rendered":"<div class=\"x1i10hfl xjbqb8w x1ejq31n xd10rxx x1sy0etr x17r0tee x972fbf xcfux6l x1qhh985 xm0m39n x9f619 x1ypdohk xt0psk2 xe8uvvx xdj266r x11i5rnm xat24cr x1mh8g0r xexx8yu x4uap5 x18d9i69 xkhd6sd x16tdsg8 x1hl2dhg xggy1nq x1a2a7pz x1heor9g xkrqix3 x1sur9pj x1s688f\" tabindex=\"-1\" role=\"button\" aria-hidden=\"true\"><strong>LA LEGISLATURA PROVINCIAL VA A TRATAR EL PROYECTO DE REELECCI\u00d3N INDEFINIDA DE INTENDENTES. <\/strong><\/div>\n<div tabindex=\"-1\" role=\"button\" aria-hidden=\"true\"><\/div>\n<div class=\"x1i10hfl xjbqb8w x1ejq31n xd10rxx x1sy0etr x17r0tee x972fbf xcfux6l x1qhh985 xm0m39n x9f619 x1ypdohk xt0psk2 xe8uvvx xdj266r x11i5rnm xat24cr x1mh8g0r xexx8yu x4uap5 x18d9i69 xkhd6sd x16tdsg8 x1hl2dhg xggy1nq x1a2a7pz x1heor9g xkrqix3 x1sur9pj x1s688f\" tabindex=\"-1\" role=\"button\" aria-hidden=\"true\"><strong>80 JEFES COMUNALES PENDIENTES DE SU APROBACI\u00d3N O NO.<!--more--><\/strong><\/div>\n<div tabindex=\"-1\" role=\"button\" aria-hidden=\"true\"><\/div>\n<div class=\"x1i10hfl xjbqb8w x1ejq31n xd10rxx x1sy0etr x17r0tee x972fbf xcfux6l x1qhh985 xm0m39n x9f619 x1ypdohk xt0psk2 xe8uvvx xdj266r x11i5rnm xat24cr x1mh8g0r xexx8yu x4uap5 x18d9i69 xkhd6sd x16tdsg8 x1hl2dhg xggy1nq x1a2a7pz x1heor9g xkrqix3 x1sur9pj x1s688f\" tabindex=\"-1\" role=\"button\" aria-hidden=\"true\"><\/div>\n<div class=\"html-div xdj266r x11i5rnm xat24cr x1mh8g0r xexx8yu x4uap5 x18d9i69 xkhd6sd\">\n<div class=\"html-div xdj266r x11i5rnm xat24cr x1mh8g0r xexx8yu x4uap5 x18d9i69 xkhd6sd\" dir=\"auto\">\n<div class=\"html-div xdj266r x11i5rnm xat24cr x1mh8g0r xexx8yu x4uap5 x18d9i69 xkhd6sd\" data-ad-rendering-role=\"story_message\">\n<div id=\"\u00abr6de\u00bb\" class=\"x1l90r2v x1iorvi4 x1ye3gou xn6708d\" data-ad-comet-preview=\"message\" data-ad-preview=\"message\">\n<div class=\"x78zum5 xdt5ytf xz62fqu x16ldp7u\">\n<div class=\"xu06os2 x1ok221b\">\n<div class=\"html-div xdj266r x11i5rnm xat24cr x1mh8g0r xexx8yu x4uap5 x18d9i69 xkhd6sd\">\n<div class=\"x11i5rnm xat24cr x1mh8g0r x1vvkbs xtlvy1s x126k92a\">\n<div dir=\"auto\">El proyecto de ley impulsado por el gobernador Axel Kicillof,\u00a0 apunta a permitir la reelecci\u00f3n indefinida de los intendentes. Una vez presentado, origin\u00f3 duras pol\u00e9micas en el territorio bonaerense.<\/div>\n<div dir=\"auto\"><\/div>\n<div dir=\"auto\">La iniciativa busca modificar la legislaci\u00f3n actual que establece un l\u00edmite de dos mandatos consecutivos para los jefes comunales.<\/div>\n<\/div>\n<div class=\"x11i5rnm xat24cr x1mh8g0r x1vvkbs xtlvy1s x126k92a\">\n<div dir=\"auto\">En las elecciones de 2027, al menos 80 intendentes del PJ, la UCR y el PRO no podr\u00e1n renovar si sigue vigente la ley actual.<\/div>\n<div dir=\"auto\"><\/div>\n<\/div>\n<div class=\"x11i5rnm xat24cr x1mh8g0r x1vvkbs xtlvy1s x126k92a\">\n<div dir=\"auto\"><em>&#8220;El voto es el mejor mecanismo de control democr\u00e1tico. Si un intendente o concejal no cumple con su funci\u00f3n, los ciudadanos tienen el poder de removerlo en las urnas. La democracia no se fortalece impidiendo candidaturas, sino garantizando elecciones libres y competitivas&#8221;<\/em>, agreg\u00f3 Ayelen Dur\u00e1n, autora del proyecto.<\/div>\n<\/div>\n<\/div>\n<div dir=\"auto\"><\/div>\n<div dir=\"auto\"><strong>A prop\u00f3sito, ante tan controversial proyecto, \u00bfcual ser\u00e1 la postura del intendente de Exaltaci\u00f3n de la Cruz, Diego Nanni?<\/strong><\/div>\n<div dir=\"auto\"><strong>El futuro pol\u00ectico de Nanni, seg\u00fan fuertes trascendidos, podr\u00eda dar un giro de gran importancia que tendr\u00eda efectos directos en el distrito y en el municipio que conduce. \u00bfAcaso pudo aparecer la alternativa de ser candidato a diputado provincial?<\/strong><\/div>\n<\/div>\n<\/div>\n<\/div>\n<\/div>\n<\/div>\n<\/div>\n","protected":false},"excerpt":{"rendered":"<p>LA LEGISLATURA PROVINCIAL VA A TRATAR EL PROYECTO DE REELECCI\u00d3N INDEFINIDA DE INTENDENTES. 80 JEFES COMUNALES PENDIENTES DE SU APROBACI\u00d3N O NO.<\/p>\n","protected":false},"author":3,"featured_media":29522,"comment_status":"open","ping_status":"open","sticky":false,"template":"","format":"standard","meta":{"footnotes":"","jetpack_publicize_message":"","jetpack_publicize_feature_enabled":true,"jetpack_social_post_already_shared":true,"jetpack_social_options":{"image_generator_settings":{"template":"highway","default_image_id":0,"font":"","enabled":false},"version":2}},"categories":[17],"tags":[3172,66,244],"class_list":["post-29521","post","type-post","status-publish","format-standard","has-post-thumbnail","hentry","category-politica","tag-mandato-intendentes","tag-nanni","tag-proyecto"],"jetpack_publicize_connections":[],"jetpack_featured_media_url":"https:\/\/revistaepocadigital.com.ar\/wp-content\/uploads\/2025\/05\/nanni-d.jpg","jetpack_likes_enabled":true,"_links":{"self":[{"href":"https:\/\/revistaepocadigital.com.ar\/index.php?rest_route=\/wp\/v2\/posts\/29521","targetHints":{"allow":["GET"]}}],"collection":[{"href":"https:\/\/revistaepocadigital.com.ar\/index.php?rest_route=\/wp\/v2\/posts"}],"about":[{"href":"https:\/\/revistaepocadigital.com.ar\/index.php?rest_route=\/wp\/v2\/types\/post"}],"author":[{"embeddable":true,"href":"https:\/\/revistaepocadigital.com.ar\/index.php?rest_route=\/wp\/v2\/users\/3"}],"replies":[{"embeddable":true,"href":"https:\/\/revistaepocadigital.com.ar\/index.php?rest_route=%2Fwp%2Fv2%2Fcomments&post=29521"}],"version-history":[{"count":0,"href":"https:\/\/revistaepocadigital.com.ar\/index.php?rest_route=\/wp\/v2\/posts\/29521\/revisions"}],"wp:featuredmedia":[{"embeddable":true,"href":"https:\/\/revistaepocadigital.com.ar\/index.php?rest_route=\/wp\/v2\/media\/29522"}],"wp:attachment":[{"href":"https:\/\/revistaepocadigital.com.ar\/index.php?rest_route=%2Fwp%2Fv2%2Fmedia&parent=29521"}],"wp:term":[{"taxonomy":"category","embeddable":true,"href":"https:\/\/revistaepocadigital.com.ar\/index.php?rest_route=%2Fwp%2Fv2%2Fcategories&post=29521"},{"taxonomy":"post_tag","embeddable":true,"href":"https:\/\/revistaepocadigital.com.ar\/index.php?rest_route=%2Fwp%2Fv2%2Ftags&post=29521"}],"curies":[{"name":"wp","href":"https:\/\/api.w.org\/{rel}","templated":true}]}}