{"id":29525,"date":"2025-05-27T00:59:01","date_gmt":"2025-05-27T03:59:01","guid":{"rendered":"https:\/\/revistaepocadigital.com.ar\/?p=29525"},"modified":"2025-05-28T11:30:08","modified_gmt":"2025-05-28T14:30:08","slug":"76-loteos-en-curso-en-exaltacion-de-la-cruz-raul-sancho-cuestiona-de-quien-sond","status":"publish","type":"post","link":"https:\/\/revistaepocadigital.com.ar\/?p=29525","title":{"rendered":"\u00a076 LOTEOS EN CURSO EN EXALTACI\u00d3N DE LA CRUZ. RA\u00daL SANCHO CUESTIONA. &#8220;\u00bfDE QUIEN SON?d"},"content":{"rendered":"<p><strong>El presidente del Concejo Deliberante, Ra\u00fal Sancho, plante\u00f3 su postura cr\u00edtica.<\/strong><!--more--><\/p>\n<p><br class=\"html-br\" \/><em><strong>&#8220;Pese al voto en contra de los concejales del oficialismo<\/strong>, se aprob\u00f3 en el Concejo Deliberante un pedido de informes sobre los 76 desarrollos inmobiliarios que hay hoy ya en curso en distintas etapas de avance&#8221;,<\/em> plante\u00f3 <strong>Sancho<\/strong> en el posteo efectuado en la red social Facebook, que utiliza desde hace mucho tiempo para manifestarse pol\u00edticamente.<br class=\"html-br\" \/><br class=\"html-br\" \/><strong>&#8220;<\/strong><em><strong>Queremos saber d\u00f3nde est\u00e1n? \u00bfDe qui\u00e9n son? \u00bfQue estado de avance tienen? Y si est\u00e1n o no en una zona apta. De esos 76 al concejo deliberante solo llegaron dos. \u00bfY el resto<\/strong>?<\/em>&#8220;, se pregunt\u00f3 Sancho con preocupaci\u00f3n. Y luego apunt\u00f3, <em>&#8220;seg\u00fan el Secretario de Planificaci\u00f3n del Municipio, se prev\u00e9 que eso implique (cuando est\u00e9n todos plenamente desarrollados) entre 15.000 y 17.000 habitantes m\u00e1s&#8221;.<\/em><br class=\"html-br\" \/><br class=\"html-br\" \/>Sobre la gran importancia que revista el controversial tema, originando especulaciones y versiones, Sancho enfatiz\u00f3,<em> &#8220;<strong>es un tema mucho m\u00e1s relevante para los vecinos de lo que muchos pueden creer,<\/strong> determina qu\u00e9 capacidad tiene el distrito para brindar educaci\u00f3n, salud, seguridad, transporte, etc a tanta gente que viene eligiendo vivir ac\u00e1&#8221;.<\/em><br class=\"html-br\" \/><br class=\"html-br\" \/><em>&#8220;Exaltaci\u00f3n de la Cruz<\/em> -dijo luego- <em>est\u00e1 claramente destinado a crecer poblacionalmente, es una tendencia que lleva m\u00e1s de 15 a\u00f1os y se va acelerando. El punto est\u00e1 en la <strong>PLANIFICACI\u00d3N. Si s\u00f3lo somos espectadores de ese crecimiento, sin pol\u00edticas p\u00fablicas claras para ordenar ese crecimiento, el resultado va a ser muy complicado&#8221;<\/strong>.<\/em><br class=\"html-br\" \/><br class=\"html-br\" \/>Finalmente, subi\u00f3 el tono de su cuestionamiento al exigir que <strong><em>&#8220;la informaci\u00f3n tiene que ser PUBLICA, no puede haber OSCURANTISMO sobre eso. Es inexplicable que ante un pedido de informaci\u00f3n todos los concejales del oficialismo voten negativo. \u00bfQue se busca ocultar?<\/em><\/strong><\/p>\n<div class=\"x1i10hfl xjbqb8w x1ejq31n xd10rxx x1sy0etr x17r0tee x972fbf xcfux6l x1qhh985 xm0m39n x9f619 x1ypdohk xt0psk2 xe8uvvx xdj266r x11i5rnm xat24cr x1mh8g0r xexx8yu x4uap5 x18d9i69 xkhd6sd x16tdsg8 x1hl2dhg xggy1nq x1a2a7pz xkrqix3 x1sur9pj xzsf02u x1s688f\" tabindex=\"0\" role=\"button\"><\/div>\n","protected":false},"excerpt":{"rendered":"<p>El presidente del Concejo Deliberante, Ra\u00fal Sancho, plante\u00f3 su postura cr\u00edtica.<\/p>\n","protected":false},"author":3,"featured_media":29527,"comment_status":"open","ping_status":"open","sticky":false,"template":"","format":"standard","meta":{"footnotes":"","jetpack_publicize_message":"","jetpack_publicize_feature_enabled":true,"jetpack_social_post_already_shared":true,"jetpack_social_options":{"image_generator_settings":{"template":"highway","default_image_id":0,"font":"","enabled":false},"version":2}},"categories":[17],"tags":[3173,256],"class_list":["post-29525","post","type-post","status-publish","format-standard","has-post-thumbnail","hentry","category-politica","tag-loteos","tag-sancho"],"jetpack_publicize_connections":[],"jetpack_featured_media_url":"https:\/\/revistaepocadigital.com.ar\/wp-content\/uploads\/2025\/05\/SANNN-e1748059096250.jpg","jetpack_likes_enabled":true,"_links":{"self":[{"href":"https:\/\/revistaepocadigital.com.ar\/index.php?rest_route=\/wp\/v2\/posts\/29525","targetHints":{"allow":["GET"]}}],"collection":[{"href":"https:\/\/revistaepocadigital.com.ar\/index.php?rest_route=\/wp\/v2\/posts"}],"about":[{"href":"https:\/\/revistaepocadigital.com.ar\/index.php?rest_route=\/wp\/v2\/types\/post"}],"author":[{"embeddable":true,"href":"https:\/\/revistaepocadigital.com.ar\/index.php?rest_route=\/wp\/v2\/users\/3"}],"replies":[{"embeddable":true,"href":"https:\/\/revistaepocadigital.com.ar\/index.php?rest_route=%2Fwp%2Fv2%2Fcomments&post=29525"}],"version-history":[{"count":0,"href":"https:\/\/revistaepocadigital.com.ar\/index.php?rest_route=\/wp\/v2\/posts\/29525\/revisions"}],"wp:featuredmedia":[{"embeddable":true,"href":"https:\/\/revistaepocadigital.com.ar\/index.php?rest_route=\/wp\/v2\/media\/29527"}],"wp:attachment":[{"href":"https:\/\/revistaepocadigital.com.ar\/index.php?rest_route=%2Fwp%2Fv2%2Fmedia&parent=29525"}],"wp:term":[{"taxonomy":"category","embeddable":true,"href":"https:\/\/revistaepocadigital.com.ar\/index.php?rest_route=%2Fwp%2Fv2%2Fcategories&post=29525"},{"taxonomy":"post_tag","embeddable":true,"href":"https:\/\/revistaepocadigital.com.ar\/index.php?rest_route=%2Fwp%2Fv2%2Ftags&post=29525"}],"curies":[{"name":"wp","href":"https:\/\/api.w.org\/{rel}","templated":true}]}}