{"id":29536,"date":"2025-05-26T12:07:19","date_gmt":"2025-05-26T15:07:19","guid":{"rendered":"https:\/\/revistaepocadigital.com.ar\/?p=29536"},"modified":"2025-05-26T12:07:19","modified_gmt":"2025-05-26T15:07:19","slug":"campana-ayudemosaabrigar","status":"publish","type":"post","link":"https:\/\/revistaepocadigital.com.ar\/?p=29536","title":{"rendered":"Campa\u00f1a #AyudemosaAbrigar"},"content":{"rendered":"<p><strong>Entre todos podemos donar para que nuestra vecina, Pato Galvan gran Modista y Costurera pueda confeccionar frazadas para las familias que necesiten<\/strong>.<!--more--><\/p>\n<p>El fr\u00edo puede ser una de las situaciones m\u00e1s inc\u00f3modas a la noche para poder conciliar el sue\u00f1o y descansar. Entre todos podemos ayudar. #AyudemosaAbrigar @patogalvan21<\/p>\n<p>ad.informacion_real<\/p>\n<p>&nbsp;<\/p>\n<p><img loading=\"lazy\" decoding=\"async\" class=\"aligncenter size-full wp-image-29537\" src=\"https:\/\/revistaepocadigital.com.ar\/wp-content\/uploads\/2025\/05\/andre.jpg\" alt=\"\" width=\"720\" height=\"900\" srcset=\"https:\/\/revistaepocadigital.com.ar\/wp-content\/uploads\/2025\/05\/andre.jpg 720w, https:\/\/revistaepocadigital.com.ar\/wp-content\/uploads\/2025\/05\/andre-240x300.jpg 240w, https:\/\/revistaepocadigital.com.ar\/wp-content\/uploads\/2025\/05\/andre-696x870.jpg 696w, https:\/\/revistaepocadigital.com.ar\/wp-content\/uploads\/2025\/05\/andre-336x420.jpg 336w, https:\/\/revistaepocadigital.com.ar\/wp-content\/uploads\/2025\/05\/andre-672x840.jpg 672w\" sizes=\"auto, (max-width: 720px) 100vw, 720px\" \/><\/p>\n","protected":false},"excerpt":{"rendered":"<p>Entre todos podemos donar para que nuestra vecina, Pato Galvan gran Modista y Costurera pueda confeccionar frazadas para las familias que necesiten.<\/p>\n","protected":false},"author":3,"featured_media":29537,"comment_status":"open","ping_status":"open","sticky":false,"template":"","format":"standard","meta":{"footnotes":"","jetpack_publicize_message":"","jetpack_publicize_feature_enabled":true,"jetpack_social_post_already_shared":true,"jetpack_social_options":{"image_generator_settings":{"template":"highway","default_image_id":0,"font":"","enabled":false},"version":2}},"categories":[15],"tags":[112,37,1915],"class_list":["post-29536","post","type-post","status-publish","format-standard","has-post-thumbnail","hentry","category-lo-que-tenes-que-saber","tag-campana","tag-destacada","tag-frio"],"jetpack_publicize_connections":[],"jetpack_featured_media_url":"https:\/\/revistaepocadigital.com.ar\/wp-content\/uploads\/2025\/05\/andre.jpg","jetpack_likes_enabled":true,"_links":{"self":[{"href":"https:\/\/revistaepocadigital.com.ar\/index.php?rest_route=\/wp\/v2\/posts\/29536","targetHints":{"allow":["GET"]}}],"collection":[{"href":"https:\/\/revistaepocadigital.com.ar\/index.php?rest_route=\/wp\/v2\/posts"}],"about":[{"href":"https:\/\/revistaepocadigital.com.ar\/index.php?rest_route=\/wp\/v2\/types\/post"}],"author":[{"embeddable":true,"href":"https:\/\/revistaepocadigital.com.ar\/index.php?rest_route=\/wp\/v2\/users\/3"}],"replies":[{"embeddable":true,"href":"https:\/\/revistaepocadigital.com.ar\/index.php?rest_route=%2Fwp%2Fv2%2Fcomments&post=29536"}],"version-history":[{"count":0,"href":"https:\/\/revistaepocadigital.com.ar\/index.php?rest_route=\/wp\/v2\/posts\/29536\/revisions"}],"wp:featuredmedia":[{"embeddable":true,"href":"https:\/\/revistaepocadigital.com.ar\/index.php?rest_route=\/wp\/v2\/media\/29537"}],"wp:attachment":[{"href":"https:\/\/revistaepocadigital.com.ar\/index.php?rest_route=%2Fwp%2Fv2%2Fmedia&parent=29536"}],"wp:term":[{"taxonomy":"category","embeddable":true,"href":"https:\/\/revistaepocadigital.com.ar\/index.php?rest_route=%2Fwp%2Fv2%2Fcategories&post=29536"},{"taxonomy":"post_tag","embeddable":true,"href":"https:\/\/revistaepocadigital.com.ar\/index.php?rest_route=%2Fwp%2Fv2%2Ftags&post=29536"}],"curies":[{"name":"wp","href":"https:\/\/api.w.org\/{rel}","templated":true}]}}