{"id":2954,"date":"2019-07-25T20:52:26","date_gmt":"2019-07-25T23:52:26","guid":{"rendered":"https:\/\/revistaepocadigital.com.ar\/?p=2954"},"modified":"2019-07-25T20:52:26","modified_gmt":"2019-07-25T23:52:26","slug":"la-pobreza-se-combate-con-trabajo","status":"publish","type":"post","link":"https:\/\/revistaepocadigital.com.ar\/?p=2954","title":{"rendered":"&#8220;La pobreza se combate con trabajo&#8221;"},"content":{"rendered":"<article id=\"article-post\" class=\"first\">\n<div class=\"cuerpo\" data-twitter-link=\"https:\/\/twitter.com\/intent\/tweet?url=https:\/\/ahoramardelplata.com.ar\/c4154862&amp;via=ahoramdp&amp;related=Ahora Mar Del Plata&amp;text=\">\n<p><strong>PARA REFLEXIONAR, LO DIJO EL PADRE OPEKA.<\/strong><!--more--><\/p>\n<p>En Mar del Plata, ante una Catedral colmada de fieles, el padre Pedro Opeka celebr\u00f3 una misa en Mar del Plata. luego dijo <em><strong>&#8220;La pobreza se combate con trabajo, justicia, verdad y disciplina&#8221;<\/strong>,<\/em> fue en una entrevista con<strong> Telediario<\/strong>, el noticiero de <strong>Canal Diez<\/strong>.<\/p>\n<\/div>\n<\/article>\n<article id=\"article-post\">\n<div class=\"cuerpo\" data-twitter-link=\"https:\/\/twitter.com\/intent\/tweet?url=https:\/\/ahoramardelplata.com.ar\/c4154862&amp;via=ahoramdp&amp;related=Ahora Mar Del Plata&amp;text=\">\n<p><em>&#8220;Un pa\u00eds que se respeta tiene que tener una ayuda social para las familias carenciadas. El Estado tiene que ayudar&#8221;,<\/em> afirm\u00f3 el padre Opeka, argentino y candidato al<strong> Premio Nobel de la Paz<\/strong> por su labor como misionero en <strong>Madagascar<\/strong>, donde <strong>ayud\u00f3 a m\u00e1s de medio mill\u00f3n de personas<\/strong> a salir del basural en el que viv\u00edan.<\/p>\n<p>Desde los a\u00f1os 70, el padre Pedro Opeka viene dando una dura batalla contra la pobreza africana, en especial en Madagascar, donde a trav\u00e9s de su asociaci\u00f3n Akamasoa lleva levantados cinco pueblos donde ya viven veinte mil personas. Sobre la pobreza en la Argentina, sostuvo: <em>&#8220;La base est\u00e1 en la educaci\u00f3n&#8221;.<\/em><\/p>\n<p>Opeka<strong> es cr\u00edtico del asistencialismo<\/strong>. <em>\u201cTiene que haber una ayuda del Estado para los casos dif\u00edciles como las madres solas con muchos hijos o a los discapacitados. Hay que ayudar, pero no asistir. Yo le digo a mi gente de Madagascar: \u2018\u00a1No quiero asistirlos!\u2019 Porque asistir a una persona que puede trabajar es hacerla dependiente y esa persona nunca va a ser una persona en serio\u201d,<\/em> expres\u00f3.<\/p>\n<p>Publicado en: ahoramardelplata.com.ar<\/p>\n<\/div>\n<\/article>\n","protected":false},"excerpt":{"rendered":"<p>PARA REFLEXIONAR, LO DIJO EL PADRE OPEKA.<\/p>\n","protected":false},"author":3,"featured_media":2958,"comment_status":"open","ping_status":"open","sticky":false,"template":"","format":"standard","meta":{"footnotes":"","jetpack_publicize_message":"","jetpack_publicize_feature_enabled":true,"jetpack_social_post_already_shared":false,"jetpack_social_options":{"image_generator_settings":{"template":"highway","default_image_id":0,"font":"","enabled":false},"version":2}},"categories":[13],"tags":[402],"class_list":["post-2954","post","type-post","status-publish","format-standard","has-post-thumbnail","hentry","category-interes-general","tag-actualidad"],"jetpack_publicize_connections":[],"jetpack_featured_media_url":"https:\/\/revistaepocadigital.com.ar\/wp-content\/uploads\/2019\/07\/PADRE-OPEKA.jpg","jetpack_likes_enabled":true,"_links":{"self":[{"href":"https:\/\/revistaepocadigital.com.ar\/index.php?rest_route=\/wp\/v2\/posts\/2954","targetHints":{"allow":["GET"]}}],"collection":[{"href":"https:\/\/revistaepocadigital.com.ar\/index.php?rest_route=\/wp\/v2\/posts"}],"about":[{"href":"https:\/\/revistaepocadigital.com.ar\/index.php?rest_route=\/wp\/v2\/types\/post"}],"author":[{"embeddable":true,"href":"https:\/\/revistaepocadigital.com.ar\/index.php?rest_route=\/wp\/v2\/users\/3"}],"replies":[{"embeddable":true,"href":"https:\/\/revistaepocadigital.com.ar\/index.php?rest_route=%2Fwp%2Fv2%2Fcomments&post=2954"}],"version-history":[{"count":0,"href":"https:\/\/revistaepocadigital.com.ar\/index.php?rest_route=\/wp\/v2\/posts\/2954\/revisions"}],"wp:featuredmedia":[{"embeddable":true,"href":"https:\/\/revistaepocadigital.com.ar\/index.php?rest_route=\/wp\/v2\/media\/2958"}],"wp:attachment":[{"href":"https:\/\/revistaepocadigital.com.ar\/index.php?rest_route=%2Fwp%2Fv2%2Fmedia&parent=2954"}],"wp:term":[{"taxonomy":"category","embeddable":true,"href":"https:\/\/revistaepocadigital.com.ar\/index.php?rest_route=%2Fwp%2Fv2%2Fcategories&post=2954"},{"taxonomy":"post_tag","embeddable":true,"href":"https:\/\/revistaepocadigital.com.ar\/index.php?rest_route=%2Fwp%2Fv2%2Ftags&post=2954"}],"curies":[{"name":"wp","href":"https:\/\/api.w.org\/{rel}","templated":true}]}}