{"id":29542,"date":"2025-05-26T12:29:06","date_gmt":"2025-05-26T15:29:06","guid":{"rendered":"https:\/\/revistaepocadigital.com.ar\/?p=29542"},"modified":"2025-05-26T12:31:53","modified_gmt":"2025-05-26T15:31:53","slug":"el-ips-en-exaltacion-de-la-cruz-ya-funciona-en-nueva-oficina","status":"publish","type":"post","link":"https:\/\/revistaepocadigital.com.ar\/?p=29542","title":{"rendered":"EL IPS EN EXALTACI\u00d3N DE LA CRUZ YA FUNCIONA EN NUEVA OFICINA"},"content":{"rendered":"<p><strong>SE REESTABLECI\u00d3 LA ATENCI\u00d3N AL P\u00daBLICO.<\/strong><!--more--><\/p>\n<p>Es brindada en la nueva oficina ubicada en Capilla del Se\u00f1or,luego de que fuera solicitado por ANSES el espacio donde funcionaba anteriormente.<\/p>\n<p>Con instalaciones m\u00e1s c\u00f3modas y modernas la nueva oficina de atenci\u00f3n del IPS, que funciona ahora en el <strong>palacio municipal,<\/strong> favorece no solo el acercamiento entre el IPS y sus beneficiarios, para conocer sus necesidades, sino que hace posible que cientos de trabajadores, tengan garantizado el acceso a la seguridad social.<\/p>\n<p><img loading=\"lazy\" decoding=\"async\" class=\"aligncenter size-full wp-image-29544\" src=\"https:\/\/revistaepocadigital.com.ar\/wp-content\/uploads\/2025\/05\/ips-Exaltacion.jpg\" alt=\"\" width=\"700\" height=\"467\" srcset=\"https:\/\/revistaepocadigital.com.ar\/wp-content\/uploads\/2025\/05\/ips-Exaltacion.jpg 700w, https:\/\/revistaepocadigital.com.ar\/wp-content\/uploads\/2025\/05\/ips-Exaltacion-300x200.jpg 300w, https:\/\/revistaepocadigital.com.ar\/wp-content\/uploads\/2025\/05\/ips-Exaltacion-696x464.jpg 696w, https:\/\/revistaepocadigital.com.ar\/wp-content\/uploads\/2025\/05\/ips-Exaltacion-630x420.jpg 630w\" sizes=\"auto, (max-width: 700px) 100vw, 700px\" \/><\/p>\n<p>Quienes necesiten ser atendidos en Capilla del Se\u00f1or, pueden obtener un turno de atenci\u00f3n a trav\u00e9s de https:\/\/turnos.ips.gba.gob.ar\/seleccionarTramite<\/p>\n<p>El Centro de Atenci\u00f3n Previsional &#8211; CAP- IPS en Exaltaci\u00f3n de la cruz se encuentra ubicado en la municipalidad, en la calle Rivadavia 411 de Capilla del Se\u00f1or, y su horario de atenci\u00f3n es de 8.30 a 13.30 horas de lunes a viernes.<\/p>\n","protected":false},"excerpt":{"rendered":"<p>SE REESTABLECI\u00d3 LA ATENCI\u00d3N AL P\u00daBLICO.<\/p>\n","protected":false},"author":3,"featured_media":29544,"comment_status":"open","ping_status":"open","sticky":false,"template":"","format":"standard","meta":{"footnotes":"","jetpack_publicize_message":"","jetpack_publicize_feature_enabled":true,"jetpack_social_post_already_shared":true,"jetpack_social_options":{"image_generator_settings":{"template":"highway","default_image_id":0,"font":"","enabled":false},"version":2}},"categories":[15],"tags":[37,2700,3174],"class_list":["post-29542","post","type-post","status-publish","format-standard","has-post-thumbnail","hentry","category-lo-que-tenes-que-saber","tag-destacada","tag-ips","tag-nueva-oficina"],"jetpack_publicize_connections":[],"jetpack_featured_media_url":"https:\/\/revistaepocadigital.com.ar\/wp-content\/uploads\/2025\/05\/ips-Exaltacion.jpg","jetpack_likes_enabled":true,"_links":{"self":[{"href":"https:\/\/revistaepocadigital.com.ar\/index.php?rest_route=\/wp\/v2\/posts\/29542","targetHints":{"allow":["GET"]}}],"collection":[{"href":"https:\/\/revistaepocadigital.com.ar\/index.php?rest_route=\/wp\/v2\/posts"}],"about":[{"href":"https:\/\/revistaepocadigital.com.ar\/index.php?rest_route=\/wp\/v2\/types\/post"}],"author":[{"embeddable":true,"href":"https:\/\/revistaepocadigital.com.ar\/index.php?rest_route=\/wp\/v2\/users\/3"}],"replies":[{"embeddable":true,"href":"https:\/\/revistaepocadigital.com.ar\/index.php?rest_route=%2Fwp%2Fv2%2Fcomments&post=29542"}],"version-history":[{"count":0,"href":"https:\/\/revistaepocadigital.com.ar\/index.php?rest_route=\/wp\/v2\/posts\/29542\/revisions"}],"wp:featuredmedia":[{"embeddable":true,"href":"https:\/\/revistaepocadigital.com.ar\/index.php?rest_route=\/wp\/v2\/media\/29544"}],"wp:attachment":[{"href":"https:\/\/revistaepocadigital.com.ar\/index.php?rest_route=%2Fwp%2Fv2%2Fmedia&parent=29542"}],"wp:term":[{"taxonomy":"category","embeddable":true,"href":"https:\/\/revistaepocadigital.com.ar\/index.php?rest_route=%2Fwp%2Fv2%2Fcategories&post=29542"},{"taxonomy":"post_tag","embeddable":true,"href":"https:\/\/revistaepocadigital.com.ar\/index.php?rest_route=%2Fwp%2Fv2%2Ftags&post=29542"}],"curies":[{"name":"wp","href":"https:\/\/api.w.org\/{rel}","templated":true}]}}