{"id":29559,"date":"2025-05-27T11:58:54","date_gmt":"2025-05-27T14:58:54","guid":{"rendered":"https:\/\/revistaepocadigital.com.ar\/?p=29559"},"modified":"2025-05-27T12:15:57","modified_gmt":"2025-05-27T15:15:57","slug":"el-estupendo-artista-cesar-barcia-expone-en-el-centro-cultural","status":"publish","type":"post","link":"https:\/\/revistaepocadigital.com.ar\/?p=29559","title":{"rendered":"EL ESTUPENDO ARTISTA C\u00c9SAR BARCIA EXPONE EN EL CENTRO CULTURAL"},"content":{"rendered":"<div dir=\"ltr\"><\/div>\n<div dir=\"ltr\"><strong>Miembro de la Asociaci\u00f3n Internacional de Pintores con la Boca y el Pie.<\/strong><\/div>\n<p><!--more--><\/p>\n<div dir=\"ltr\">El artista capillense <strong>C\u00e9sar Barcia este s\u00e1bado 31 de mayo a las 16 horas, expone sus magn\u00edficas obras en el Centro Cultural Los Cardales.<\/strong> Al hablar con EPOCA, coment\u00f3 <em>&#8220;fu\u00ed convocado por el curador de arte V\u00edctor Medrano para ser parte del ciclo \u201cDescubriendo al Artista\u201c, una invitaci\u00f3n que agradezco mucho y me siento honrado&#8221;<\/em>.<\/div>\n<div dir=\"ltr\"><img loading=\"lazy\" decoding=\"async\" class=\"aligncenter size-full wp-image-29563\" src=\"https:\/\/revistaepocadigital.com.ar\/wp-content\/uploads\/2025\/05\/barc-1.jpg\" alt=\"\" width=\"275\" height=\"257\" \/><\/div>\n<div dir=\"ltr\"><\/div>\n<div dir=\"ltr\">Adem\u00e1s de exponer 16 obras, Barcia realizar\u00e1 <strong><em>&#8220;una entrevista mediante la cual vamos a compartir mucho arte, hablarle a la gente s sobre mis acuarelas y el porqu\u00e9 pinto con la boca. Del mismo modo charlar\u00e9 sobre lo que hacemos los artistas que integramos la Asociaci\u00f3n de Pintores con la Boca y el Pie (VDMFK). C\u00f3mo trabajamos apoyados por esta maravillosa asociaci\u00f3n, en la que somos una gran familia de m\u00e1s de 800 artistas en todo el mundo. Tambi\u00e9n comentar\u00e9 como se pueden ver lo que hacemos y conocer c\u00f3mo trabajamos, y todo lo que hace la asociaci\u00f3n para impulsar nuestro desarrollo personal y art\u00edstico&#8221;.<\/em><\/strong><\/div>\n<div dir=\"ltr\"><\/div>\n<div dir=\"ltr\"><img loading=\"lazy\" decoding=\"async\" class=\"alignleft size-full wp-image-29564\" src=\"https:\/\/revistaepocadigital.com.ar\/wp-content\/uploads\/2025\/05\/barc-4.jpg\" alt=\"\" width=\"396\" height=\"578\" srcset=\"https:\/\/revistaepocadigital.com.ar\/wp-content\/uploads\/2025\/05\/barc-4.jpg 396w, https:\/\/revistaepocadigital.com.ar\/wp-content\/uploads\/2025\/05\/barc-4-206x300.jpg 206w, https:\/\/revistaepocadigital.com.ar\/wp-content\/uploads\/2025\/05\/barc-4-288x420.jpg 288w\" sizes=\"auto, (max-width: 396px) 100vw, 396px\" \/><\/div>\n<div dir=\"ltr\"><\/div>\n<div dir=\"ltr\">Entrevistado por EPOCA, C\u00e9sar se mostr\u00f3 muy entusiasmado por concretar una nueva exposici\u00f3n, esta vez en Los Cardales, <strong><em>&#8220;los invito a todos al Centro Cultural, este s\u00e1bado a las 16. Voy a estar encantado de verlos, conversar y que puedan disfrutar al observar 16 obras originales que he realizado&#8221;.<\/em><\/strong><\/div>\n<div dir=\"ltr\"><\/div>\n<div dir=\"ltr\"><\/div>\n<div dir=\"ltr\"><\/div>\n<div dir=\"ltr\"><\/div>\n<div dir=\"ltr\"><\/div>\n<div dir=\"ltr\"><\/div>\n<div dir=\"ltr\"><\/div>\n<div dir=\"ltr\"><\/div>\n<div dir=\"ltr\"><\/div>\n<div dir=\"ltr\"><\/div>\n<div dir=\"ltr\"><\/div>\n<div dir=\"ltr\"><\/div>\n<div dir=\"ltr\"><\/div>\n<div dir=\"ltr\">A su vez, una obra de Barcia se va a exponer en el tradicional Bar Di Yorio, que hace poco cumpli\u00f3 100 a\u00f1os de existencia. En el video se muestra el proceso del trabajo expuesto en el Bar Di Yorio.<\/div>\n<div dir=\"ltr\"><\/div>\n<div dir=\"ltr\"><\/div>\n<div dir=\"ltr\"><img loading=\"lazy\" decoding=\"async\" class=\"size-full wp-image-29566 aligncenter\" src=\"https:\/\/revistaepocadigital.com.ar\/wp-content\/uploads\/2025\/05\/barc5.jpg\" alt=\"\" width=\"444\" height=\"589\" srcset=\"https:\/\/revistaepocadigital.com.ar\/wp-content\/uploads\/2025\/05\/barc5.jpg 444w, https:\/\/revistaepocadigital.com.ar\/wp-content\/uploads\/2025\/05\/barc5-226x300.jpg 226w, https:\/\/revistaepocadigital.com.ar\/wp-content\/uploads\/2025\/05\/barc5-317x420.jpg 317w\" sizes=\"auto, (max-width: 444px) 100vw, 444px\" \/><\/div>\n<div dir=\"ltr\"><\/div>\n<div dir=\"ltr\">\nhttps:\/\/www.youtube.com\/shorts\/nfRDXYsF3dU<\/div>\n","protected":false},"excerpt":{"rendered":"<p>Miembro de la Asociaci\u00f3n Internacional de Pintores con la Boca y el Pie.<\/p>\n","protected":false},"author":4,"featured_media":29562,"comment_status":"open","ping_status":"open","sticky":false,"template":"","format":"standard","meta":{"footnotes":"","jetpack_publicize_message":"","jetpack_publicize_feature_enabled":true,"jetpack_social_post_already_shared":true,"jetpack_social_options":{"image_generator_settings":{"template":"highway","default_image_id":0,"font":"","enabled":false},"version":2}},"categories":[4],"tags":[1918,3177,3176],"class_list":["post-29559","post","type-post","status-publish","format-standard","has-post-thumbnail","hentry","category-aqui-los-cardales","tag-cesar-barcia","tag-di-yorio-bar","tag-expo-cardales"],"jetpack_publicize_connections":[],"jetpack_featured_media_url":"https:\/\/revistaepocadigital.com.ar\/wp-content\/uploads\/2025\/05\/barc2.jpg","jetpack_likes_enabled":true,"_links":{"self":[{"href":"https:\/\/revistaepocadigital.com.ar\/index.php?rest_route=\/wp\/v2\/posts\/29559","targetHints":{"allow":["GET"]}}],"collection":[{"href":"https:\/\/revistaepocadigital.com.ar\/index.php?rest_route=\/wp\/v2\/posts"}],"about":[{"href":"https:\/\/revistaepocadigital.com.ar\/index.php?rest_route=\/wp\/v2\/types\/post"}],"author":[{"embeddable":true,"href":"https:\/\/revistaepocadigital.com.ar\/index.php?rest_route=\/wp\/v2\/users\/4"}],"replies":[{"embeddable":true,"href":"https:\/\/revistaepocadigital.com.ar\/index.php?rest_route=%2Fwp%2Fv2%2Fcomments&post=29559"}],"version-history":[{"count":0,"href":"https:\/\/revistaepocadigital.com.ar\/index.php?rest_route=\/wp\/v2\/posts\/29559\/revisions"}],"wp:featuredmedia":[{"embeddable":true,"href":"https:\/\/revistaepocadigital.com.ar\/index.php?rest_route=\/wp\/v2\/media\/29562"}],"wp:attachment":[{"href":"https:\/\/revistaepocadigital.com.ar\/index.php?rest_route=%2Fwp%2Fv2%2Fmedia&parent=29559"}],"wp:term":[{"taxonomy":"category","embeddable":true,"href":"https:\/\/revistaepocadigital.com.ar\/index.php?rest_route=%2Fwp%2Fv2%2Fcategories&post=29559"},{"taxonomy":"post_tag","embeddable":true,"href":"https:\/\/revistaepocadigital.com.ar\/index.php?rest_route=%2Fwp%2Fv2%2Ftags&post=29559"}],"curies":[{"name":"wp","href":"https:\/\/api.w.org\/{rel}","templated":true}]}}