{"id":29581,"date":"2025-05-28T08:29:16","date_gmt":"2025-05-28T11:29:16","guid":{"rendered":"https:\/\/revistaepocadigital.com.ar\/?p=29581"},"modified":"2025-06-02T20:55:46","modified_gmt":"2025-06-02T23:55:46","slug":"anses-quienes-cobran-este-jueves-29-de-mayo","status":"publish","type":"post","link":"https:\/\/revistaepocadigital.com.ar\/?p=29581","title":{"rendered":"ANSES. QUIENES COBRAN EN JUNIO. EL CALENDARIO"},"content":{"rendered":"<p class=\"yiv8200355691MsoNormal\"><b>CALENDARIOS DE PAGOS DE JUNIO.<\/b><!--more--><\/p>\n<p class=\"yiv8200355691MsoNormal\">ANSES, organismo dependiente del Ministerio de Capital Humano, comunic\u00f3 los calendarios de pagos de <b>junio<\/b>\u00a0para jubilados, pensionados y titulares de Pensiones No Contributivas (PNC), Asignaci\u00f3n Universal por Hijo, Asignaci\u00f3n por Embarazo, Asignaciones Familiares y Prestaci\u00f3n por Desempleo.<\/p>\n<p class=\"yiv8200355691MsoNormal\"><b>Jubilaciones y pensiones que no superen un haber m\u00ednimo<\/b><\/p>\n<p class=\"yiv8200355691MsoNormal\">\u2022 DNI terminados en 0: 9 de junio<\/p>\n<p class=\"yiv8200355691MsoNormal\">\u2022 DNI terminados en 1: 10 de junio<\/p>\n<p class=\"yiv8200355691MsoNormal\">\u2022 DNI terminados en 2: 11 de junio<\/p>\n<p class=\"yiv8200355691MsoNormal\">\u2022 DNI terminados en 3: 12 de junio<\/p>\n<p class=\"yiv8200355691MsoNormal\">\u2022 DNI terminados en 4: 13 de junio<\/p>\n<p class=\"yiv8200355691MsoNormal\">\u2022 DNI terminados en 5: 17 de junio<\/p>\n<p class=\"yiv8200355691MsoNormal\">\u2022 DNI terminados en 6 y 7: 18 de junio<\/p>\n<p class=\"yiv8200355691MsoNormal\">\u2022 DNI terminados en 8: 19 de junio<\/p>\n<p class=\"yiv8200355691MsoNormal\">\u2022 DNI terminados en 9: 23 de junio<\/p>\n<p class=\"yiv8200355691MsoNormal\"><b>\u00a0<\/b><\/p>\n<p class=\"yiv8200355691MsoNormal\"><b>Jubilaciones y pensiones que superen un haber m\u00ednimo<\/b><\/p>\n<p class=\"yiv8200355691MsoNormal\">\u2022 DNI terminados en 0 y 1: 24 de junio<\/p>\n<p class=\"yiv8200355691MsoNormal\">\u2022 DNI terminados en 2 y 3: 25 de junio<\/p>\n<p class=\"yiv8200355691MsoNormal\">\u2022 DNI terminados en 4 y 5: 26 de junio<\/p>\n<p class=\"yiv8200355691MsoNormal\">\u2022 DNI terminados en 6 y 7: 27 de junio<\/p>\n<p class=\"yiv8200355691MsoNormal\">\u2022 DNI terminados en 8 y 9: 30 de junio<\/p>\n<p class=\"yiv8200355691MsoNormal\">\n<p class=\"yiv8200355691MsoNormal\"><b>Asignaci\u00f3n Universal por Hijo y Asignaci\u00f3n Familiar por Hijo<\/b><\/p>\n<p class=\"yiv8200355691MsoNormal\">\u2022 DNI terminados en 0: 9 de junio<\/p>\n<p class=\"yiv8200355691MsoNormal\">\u2022 DNI terminados en 1: 10 de junio<\/p>\n<p class=\"yiv8200355691MsoNormal\">\u2022 DNI terminados en 2: 11 de junio<\/p>\n<p class=\"yiv8200355691MsoNormal\">\u2022 DNI terminados en 3: 12 de junio<\/p>\n<p class=\"yiv8200355691MsoNormal\">\u2022 DNI terminados en 4: 13 de junio<\/p>\n<p class=\"yiv8200355691MsoNormal\">\u2022 DNI terminados en 5: 17 de junio<\/p>\n<p class=\"yiv8200355691MsoNormal\">\u2022 DNI terminados en 6: 18 de junio<\/p>\n<p class=\"yiv8200355691MsoNormal\">\u2022 DNI terminados en 7: 19 de junio<\/p>\n<p class=\"yiv8200355691MsoNormal\">\u2022 DNI terminados en 8: 23 de junio<\/p>\n<p class=\"yiv8200355691MsoNormal\">\u2022 DNI terminados en 9: 24 de junio<\/p>\n<p class=\"yiv8200355691MsoNormal\">\n<p class=\"yiv8200355691MsoNormal\"><b>Asignaci\u00f3n por Embarazo<\/b><\/p>\n<p class=\"yiv8200355691MsoNormal\">\u2022 DNI terminados en 0: 10 de junio<\/p>\n<p class=\"yiv8200355691MsoNormal\">\u2022 DNI terminados en 1:\u00a0 11 de junio<\/p>\n<p class=\"yiv8200355691MsoNormal\">\u2022 DNI terminados en 2: 12 de junio<\/p>\n<p class=\"yiv8200355691MsoNormal\">\u2022 DNI terminados en 3: 13 de junio<\/p>\n<p class=\"yiv8200355691MsoNormal\">\u2022 DNI terminados en 4: 17 de junio<\/p>\n<p class=\"yiv8200355691MsoNormal\">\u2022 DNI terminados en 5: 18 de junio<\/p>\n<p class=\"yiv8200355691MsoNormal\">\u2022 DNI terminados en 6: 19 de junio<\/p>\n<p class=\"yiv8200355691MsoNormal\">\u2022 DNI terminados en 7: 23 de junio<\/p>\n<p class=\"yiv8200355691MsoNormal\">\u2022 DNI terminados en 8: 24 de junio<\/p>\n<p class=\"yiv8200355691MsoNormal\">\u2022 DNI terminados en 9: 25 de junio<\/p>\n<p class=\"yiv8200355691MsoNormal\"><b>\u00a0<\/b><\/p>\n<p class=\"yiv8200355691MsoNormal\"><b>Asignaci\u00f3n por Prenatal y Maternidad<\/b><\/p>\n<p class=\"yiv8200355691MsoNormal\">\u2022 DNI terminados en 0 y 1: 10 de junio<\/p>\n<p class=\"yiv8200355691MsoNormal\">\u2022 DNI terminados en 2 y 3: 11 de junio<\/p>\n<p class=\"yiv8200355691MsoNormal\">\u2022 DNI terminados en 4 y 5: 12 de junio<\/p>\n<p class=\"yiv8200355691MsoNormal\">\u2022 DNI terminados en 6 y 7: 13 de junio<\/p>\n<p class=\"yiv8200355691MsoNormal\">\u2022 DNI terminados en 8 y 9: 17 de junio<\/p>\n<p class=\"yiv8200355691MsoNormal\"><b>\u00a0<\/b><\/p>\n<p class=\"yiv8200355691MsoNormal\"><b>Asignaciones Pago \u00danico (Matrimonio, Nacimiento, Adopci\u00f3n)<\/b><\/p>\n<p class=\"yiv8200355691MsoNormal\">\u2022 Todas las terminaciones de documento: 10 de junio al 14 de julio<\/p>\n<p class=\"yiv8200355691MsoNormal\">\n<p class=\"yiv8200355691MsoNormal\"><b>Pensiones No Contributivas<\/b><\/p>\n<p class=\"yiv8200355691MsoNormal\">\u2022 DNI terminados en 0 y 1: 9 de junio<\/p>\n<p class=\"yiv8200355691MsoNormal\">\u2022 DNI terminados en 2 y 3: 10 de junio<\/p>\n<p class=\"yiv8200355691MsoNormal\">\u2022 DNI terminados en 4 y 5: 11 de junio<\/p>\n<p class=\"yiv8200355691MsoNormal\">\u2022 DNI terminados en 6 y 7: 12 de junio<\/p>\n<p class=\"yiv8200355691MsoNormal\">\u2022 DNI terminados en 8 y 9: 13 de junio<\/p>\n<p class=\"yiv8200355691MsoNormal\">\n<p class=\"yiv8200355691MsoNormal\"><b>Asignaciones Familiares de Pensiones No Contributivas<\/b><\/p>\n<p class=\"yiv8200355691MsoNormal\">\u2022 Todas las terminaciones de documento: 9 de junio al 14 de julio<\/p>\n<p class=\"yiv8200355691MsoNormal\">\n<p class=\"yiv8200355691MsoNormal\"><b>Prestaci\u00f3n por Desempleo<\/b><\/p>\n<p class=\"yiv8200355691MsoNormal\">\u2022 DNI terminados en 0 y 1: 24 de junio<\/p>\n<p class=\"yiv8200355691MsoNormal\">\u2022 DNI terminados en 2 y 3: 25 de junio<\/p>\n<p class=\"yiv8200355691MsoNormal\">\u2022 DNI terminados en 4 y 5: 26 de junio<\/p>\n<p class=\"yiv8200355691MsoNormal\">\u2022 DNI terminados en 6 y 7: 30 de junio<\/p>\n<p class=\"yiv8200355691MsoNormal\">\u2022 DNI terminados en 8 y 9: 1 de julio<\/p>\n<h3 style=\"text-align: center;\" align=\"left\"><strong>&#8212;&#8212;&#8212;&#8212;&#8212;&#8212;&#8212;&#8212;&#8212;&#8212;&#8212;&#8212;&#8212;&#8212;&#8212;&#8212;-<\/strong><\/h3>\n<p align=\"left\">nota anterior<\/p>\n<p class=\"yiv7118740735MsoNormal\" align=\"left\"><b>CALENDARIO DE PAGOS.<\/b><!--more--><\/p>\n<p class=\"yiv7118740735MsoNormal\">ANSES, organismo dependiente del Ministerio de Capital Humano, informa que este <b>jueves <\/b>finalizan los pagos de las jubilaciones y pensiones que superan un haber m\u00ednimo, e incluyen el aumento por movilidad del 3,73 por ciento, y aquellos de la Prestaci\u00f3n por Desempleo.<\/p>\n<p class=\"yiv7118740735MsoNormal\"><b>Jubilaciones y pensiones que superen un haber m\u00ednimo<\/b><\/p>\n<p class=\"yiv7118740735MsoNormal\">Titulares con documentos terminados en\u00a0<b>8\u00a0<\/b>y<b>\u00a09<\/b>.<\/p>\n<p class=\"yiv7118740735MsoNormal\"><b>Prestaci\u00f3n por Desempleo<\/b><\/p>\n<p class=\"yiv7118740735MsoNormal\">Titulares con documentos concluidos en\u00a0<b>8\u00a0<\/b>y\u00a0<b>9<\/b>.<\/p>\n<p class=\"yiv7118740735MsoNormal\"><b>\u00bfC\u00f3mo consultar lugar y fecha de cobro?<\/b><\/p>\n<div>\n<p class=\"yiv7118740735MsoNormal\">1. Desde el sitio web de ANSES, opci\u00f3n\u00a0<a href=\"https:\/\/www.anses.gob.ar\/consultas\/calendario-de-pagos\" target=\"_blank\" rel=\"nofollow noopener noreferrer\"><i>Calendario de pagos<\/i><\/a>.<\/p>\n<p class=\"yiv7118740735MsoNormal\">2. Desde\u00a0<a href=\"https:\/\/servicioscorp.anses.gob.ar\/clavelogon\/logon.aspx?system=miansesv2\" target=\"_blank\" rel=\"nofollow noopener noreferrer\">mi ANSES<\/a><span class=\"yiv7118740735MsoHyperlink\">,\u00a0<\/span>ingresando CUIL y Clave de la Seguridad Social. Ir a\u00a0<i>Cobros<\/i>, opci\u00f3n\u00a0<i>Consultar fecha<\/i>\u00a0<i>y medio de cobro<\/i>.<\/p>\n<p class=\"yiv7118740735MsoNormal\">3. Desde la\u00a0<a href=\"https:\/\/www.anses.gob.ar\/app-mi-anses\" target=\"_blank\" rel=\"nofollow noopener noreferrer\">app mi ANSES<\/a>, ingresando CUIL y Clave de la Seguridad Social. Ir a\u00a0<i>Mis datos<\/i>, opci\u00f3n\u00a0<i>Mis fechas de cobro<\/i>.<\/p>\n<p class=\"yiv7118740735MsoNormal\">4. A trav\u00e9s de la modalidad\u00a0<a href=\"https:\/\/www.anses.gob.ar\/atencion-virtual\" target=\"_blank\" rel=\"nofollow noopener noreferrer\">Atenci\u00f3n Virtual<\/a>, con CUIL y Clave de la Seguridad Social. Ir a\u00a0<i>Iniciar atenci\u00f3n<\/i>,\u00a0<i>Consultas r\u00e1pidas<\/i>,\u00a0<i>Cu\u00e1ndo y d\u00f3nde cobro<\/i>.<\/p>\n<\/div>\n<p class=\"yiv7118740735MsoNormal\">\n","protected":false},"excerpt":{"rendered":"<p>CALENDARIOS DE PAGOS DE JUNIO.<\/p>\n","protected":false},"author":3,"featured_media":29583,"comment_status":"open","ping_status":"open","sticky":false,"template":"","format":"standard","meta":{"footnotes":"","jetpack_publicize_message":"","jetpack_publicize_feature_enabled":true,"jetpack_social_post_already_shared":true,"jetpack_social_options":{"image_generator_settings":{"template":"highway","default_image_id":0,"font":"","enabled":false},"version":2}},"categories":[81],"tags":[21,142],"class_list":["post-29581","post","type-post","status-publish","format-standard","has-post-thumbnail","hentry","category-anses","tag-anses","tag-pagos"],"jetpack_publicize_connections":[],"jetpack_featured_media_url":"https:\/\/revistaepocadigital.com.ar\/wp-content\/uploads\/2025\/05\/anses-plata-04jpg.jpg-a.jpg","jetpack_likes_enabled":true,"_links":{"self":[{"href":"https:\/\/revistaepocadigital.com.ar\/index.php?rest_route=\/wp\/v2\/posts\/29581","targetHints":{"allow":["GET"]}}],"collection":[{"href":"https:\/\/revistaepocadigital.com.ar\/index.php?rest_route=\/wp\/v2\/posts"}],"about":[{"href":"https:\/\/revistaepocadigital.com.ar\/index.php?rest_route=\/wp\/v2\/types\/post"}],"author":[{"embeddable":true,"href":"https:\/\/revistaepocadigital.com.ar\/index.php?rest_route=\/wp\/v2\/users\/3"}],"replies":[{"embeddable":true,"href":"https:\/\/revistaepocadigital.com.ar\/index.php?rest_route=%2Fwp%2Fv2%2Fcomments&post=29581"}],"version-history":[{"count":0,"href":"https:\/\/revistaepocadigital.com.ar\/index.php?rest_route=\/wp\/v2\/posts\/29581\/revisions"}],"wp:featuredmedia":[{"embeddable":true,"href":"https:\/\/revistaepocadigital.com.ar\/index.php?rest_route=\/wp\/v2\/media\/29583"}],"wp:attachment":[{"href":"https:\/\/revistaepocadigital.com.ar\/index.php?rest_route=%2Fwp%2Fv2%2Fmedia&parent=29581"}],"wp:term":[{"taxonomy":"category","embeddable":true,"href":"https:\/\/revistaepocadigital.com.ar\/index.php?rest_route=%2Fwp%2Fv2%2Fcategories&post=29581"},{"taxonomy":"post_tag","embeddable":true,"href":"https:\/\/revistaepocadigital.com.ar\/index.php?rest_route=%2Fwp%2Fv2%2Ftags&post=29581"}],"curies":[{"name":"wp","href":"https:\/\/api.w.org\/{rel}","templated":true}]}}