{"id":2960,"date":"2019-08-19T20:58:16","date_gmt":"2019-08-19T23:58:16","guid":{"rendered":"https:\/\/revistaepocadigital.com.ar\/?p=2960"},"modified":"2019-08-19T21:04:43","modified_gmt":"2019-08-20T00:04:43","slug":"recolectores-de-basura-abrieron-una-biblioteca-con-6000-libros-que-rescataron","status":"publish","type":"post","link":"https:\/\/revistaepocadigital.com.ar\/?p=2960","title":{"rendered":"Recolectores de basura abrieron una biblioteca con 6000 libros que rescataron"},"content":{"rendered":"<div class=\"g1-sticky-top-wrapper g1-hb-row-2 g1-loaded\">\n<div class=\"g1-row g1-row-layout-page g1-hb-row g1-hb-row-normal g1-hb-row-b g1-hb-row-2 g1-hb-boxed g1-hb-sticky-on g1-hb-shadow-off\">\n<div class=\"g1-row-inner\">\n<div class=\"g1-column g1-dropable\"><\/div>\n<\/div>\n<\/div>\n<\/div>\n<div class=\"g1-row g1-row-layout-page g1-row-padding-m\">\n<div class=\"g1-row-inner\">\n<div id=\"primary\" class=\"g1-column g1-column-2of3\">\n<div id=\"content\" role=\"main\">\n<article id=\"post-47887\" class=\"entry-tpl-classic post-47887 post type-post status-publish format-standard has-post-thumbnail category-cultura-religion tag-turquia reaction-me-asombra reaction-me-encanta\">\n<header class=\"entry-header entry-header-01\">\n<p class=\"g1-meta g1-meta-m entry-meta entry-meta-m\"><strong>UN EJEMPLO.<!--more--><\/strong><\/p>\n<\/header>\n<figure class=\"entry-featured-media entry-featured-media-main\">\n<div class=\"g1-frame\">\n<div class=\"g1-frame-inner\"><img loading=\"lazy\" decoding=\"async\" class=\"attachment-bimber-grid-2of3 size-bimber-grid-2of3 wp-post-image\" src=\"https:\/\/intriper.com\/wp-content\/uploads\/2019\/03\/1517287533-000ws8en.jpg\" sizes=\"auto, (max-width: 758px) 100vw, 758px\" srcset=\"https:\/\/intriper.com\/wp-content\/uploads\/2019\/03\/1517287533-000ws8en.jpg 768w, https:\/\/intriper.com\/wp-content\/uploads\/2019\/03\/1517287533-000ws8en-300x200.jpg 300w, https:\/\/intriper.com\/wp-content\/uploads\/2019\/03\/1517287533-000ws8en-360x240.jpg 360w, https:\/\/intriper.com\/wp-content\/uploads\/2019\/03\/1517287533-000ws8en-545x363.jpg 545w\" alt=\"\" width=\"758\" height=\"504\" \/><\/div>\n<\/div>\n<\/figure>\n<div class=\"g1-content-narrow g1-typography-xl entry-content\">\n<p>Miles y miles de libros son tirados a la basura todos los d\u00edas. Teniendo en cuenta esto, un grupo de <strong>recolectores de basura turcos decidieron rescatar todos los libros que encontraban descartados<\/strong> o abandonados.<\/p>\n<p>Despu\u00e9s de un tiempo, cuando la cantidad de libros ya era importante, y el inter\u00e9s de la comunidad se despert\u00f3, decidieron armar y abrir una biblioteca. <strong>Hoy hay m\u00e1s de 6.000 libros<\/strong>.<\/p>\n<\/div>\n<\/article>\n<\/div>\n<\/div>\n<\/div>\n<\/div>\n<div class=\"adace-slot-wrapper adace-after-paragraph adace-slot-wrapper-main\">\n<div class=\"adace-slot\">\n<div class=\"adace_ad_5d3b086443756\">\n<div id=\"scrollerads\">\n<div>\n<div id=\"aniBox\">\n<div id=\"aniplayer_aniviewJS564c7796d9\">\n<div id=\"anibid\"><\/div>\n<\/div>\n<\/div>\n<\/div>\n<\/div>\n<\/div>\n<\/div>\n<\/div>\n<figure class=\"wp-block-image\"><img decoding=\"async\" class=\"wp-image-47890\" src=\"https:\/\/intriper1.kinsta.cloud\/wp-content\/uploads\/2019\/03\/1517287564-000ws8f1.jpg\" sizes=\"(max-width: 768px) 100vw, 768px\" srcset=\"https:\/\/intriper.com\/wp-content\/uploads\/2019\/03\/1517287564-000ws8f1.jpg 768w, https:\/\/intriper.com\/wp-content\/uploads\/2019\/03\/1517287564-000ws8f1-300x200.jpg 300w, https:\/\/intriper.com\/wp-content\/uploads\/2019\/03\/1517287564-000ws8f1-360x240.jpg 360w, https:\/\/intriper.com\/wp-content\/uploads\/2019\/03\/1517287564-000ws8f1-545x363.jpg 545w\" alt=\"\" \/><\/figure>\n<blockquote class=\"wp-block-quote\"><p>\u201cComenzamos a discutir la idea de crear una biblioteca a partir de estos libros. Y cuando todos lo apoyaron, este proyecto sucedi\u00f3 \u201c, dijo el alcalde de \u00c7ankaya, Alper Tasdelen.<\/p><\/blockquote>\n<p><strong>La biblioteca se encuentra en una antigua f\u00e1brica de ladrillos<\/strong>, cuyos largos pasillos son ideales para la lectura. El edificio en s\u00ed tambi\u00e9n sirve como un centro social comunitario, e incluye una peluquer\u00eda, una cafeter\u00eda, un sal\u00f3n con tableros de ajedrez y oficinas administrativas (algunas de las cuales est\u00e1n equipadas con muebles y equipo de oficina que tambi\u00e9n han sido rescatados de la basura).<\/p>\n<figure class=\"wp-block-image\"><img decoding=\"async\" class=\"wp-image-47891\" src=\"https:\/\/intriper1.kinsta.cloud\/wp-content\/uploads\/2019\/03\/1517287498-000ws8es-1024x576.jpg\" sizes=\"(max-width: 1024px) 100vw, 1024px\" srcset=\"https:\/\/intriper.com\/wp-content\/uploads\/2019\/03\/1517287498-000ws8es-1024x576.jpg 1024w, https:\/\/intriper.com\/wp-content\/uploads\/2019\/03\/1517287498-000ws8es-300x169.jpg 300w, https:\/\/intriper.com\/wp-content\/uploads\/2019\/03\/1517287498-000ws8es-768x432.jpg 768w, https:\/\/intriper.com\/wp-content\/uploads\/2019\/03\/1517287498-000ws8es-360x203.jpg 360w, https:\/\/intriper.com\/wp-content\/uploads\/2019\/03\/1517287498-000ws8es-545x307.jpg 545w, https:\/\/intriper.com\/wp-content\/uploads\/2019\/03\/1517287498-000ws8es.jpg 1200w\" alt=\"\" \/><\/figure>\n<p>Los libros de la biblioteca se han dividido en 17 categor\u00edas, que incluyen romance, econom\u00eda y ficci\u00f3n infantil, y la colecci\u00f3n sigue creciendo. No solo los trabajadores contin\u00faan recolectando libros mientras est\u00e1n en sus turnos, sino que hasta el \u00faltimo recuento, todav\u00eda tienen 1.500 libros que necesitan para catalogar y archivar. Adem\u00e1s, las personas ahora les est\u00e1n enviando libros por correo.<\/p>\n<p>ttps:\/\/intriper.com\/r<\/p>\n","protected":false},"excerpt":{"rendered":"<p>UN EJEMPLO.<\/p>\n","protected":false},"author":3,"featured_media":3137,"comment_status":"open","ping_status":"open","sticky":false,"template":"","format":"standard","meta":{"footnotes":"","jetpack_publicize_message":"","jetpack_publicize_feature_enabled":true,"jetpack_social_post_already_shared":false,"jetpack_social_options":{"image_generator_settings":{"template":"highway","default_image_id":0,"font":"","enabled":false},"version":2}},"categories":[6,14],"tags":[37,453,452],"class_list":["post-2960","post","type-post","status-publish","format-standard","has-post-thumbnail","hentry","category-barrios","category-la-gente","tag-destacada","tag-libros","tag-recolectores-basura"],"jetpack_publicize_connections":[],"jetpack_featured_media_url":"https:\/\/revistaepocadigital.com.ar\/wp-content\/uploads\/2019\/08\/RECOLEC.jpg","jetpack_likes_enabled":true,"_links":{"self":[{"href":"https:\/\/revistaepocadigital.com.ar\/index.php?rest_route=\/wp\/v2\/posts\/2960","targetHints":{"allow":["GET"]}}],"collection":[{"href":"https:\/\/revistaepocadigital.com.ar\/index.php?rest_route=\/wp\/v2\/posts"}],"about":[{"href":"https:\/\/revistaepocadigital.com.ar\/index.php?rest_route=\/wp\/v2\/types\/post"}],"author":[{"embeddable":true,"href":"https:\/\/revistaepocadigital.com.ar\/index.php?rest_route=\/wp\/v2\/users\/3"}],"replies":[{"embeddable":true,"href":"https:\/\/revistaepocadigital.com.ar\/index.php?rest_route=%2Fwp%2Fv2%2Fcomments&post=2960"}],"version-history":[{"count":0,"href":"https:\/\/revistaepocadigital.com.ar\/index.php?rest_route=\/wp\/v2\/posts\/2960\/revisions"}],"wp:featuredmedia":[{"embeddable":true,"href":"https:\/\/revistaepocadigital.com.ar\/index.php?rest_route=\/wp\/v2\/media\/3137"}],"wp:attachment":[{"href":"https:\/\/revistaepocadigital.com.ar\/index.php?rest_route=%2Fwp%2Fv2%2Fmedia&parent=2960"}],"wp:term":[{"taxonomy":"category","embeddable":true,"href":"https:\/\/revistaepocadigital.com.ar\/index.php?rest_route=%2Fwp%2Fv2%2Fcategories&post=2960"},{"taxonomy":"post_tag","embeddable":true,"href":"https:\/\/revistaepocadigital.com.ar\/index.php?rest_route=%2Fwp%2Fv2%2Ftags&post=2960"}],"curies":[{"name":"wp","href":"https:\/\/api.w.org\/{rel}","templated":true}]}}