{"id":29652,"date":"2025-06-06T02:45:21","date_gmt":"2025-06-06T05:45:21","guid":{"rendered":"https:\/\/revistaepocadigital.com.ar\/?p=29652"},"modified":"2025-06-06T02:48:12","modified_gmt":"2025-06-06T05:48:12","slug":"al-intendente-nanni-le-chupo-un-huevo-el-partido-de-argentina-ante-chile","status":"publish","type":"post","link":"https:\/\/revistaepocadigital.com.ar\/?p=29652","title":{"rendered":"Al intendente Nanni, le chup\u00f3 un huevo el partido de Argentina ante Chile"},"content":{"rendered":"<div class=\"xdj266r x14z9mp xat24cr x1lziwak x1vvkbs x126k92a\">\n<div dir=\"auto\"><strong>EL INTENDENTE ENCENDIDO.<!--more--><\/strong><\/div>\n<div dir=\"auto\"><\/div>\n<div dir=\"auto\"><em>&#8220;Entretiempo de Argentina Chile, tengo la tele prendida, escucho que los campeones del mundo le ganan a los transandinos, pero la verdad que me chupa un huevo\u2026 si, me re contra chupa un huevo.<\/em><\/div>\n<\/div>\n<p>&nbsp;<\/p>\n<p><em>No paro de ver reels\/videos de testimonios de trabajadores del Hopital Garraham, de pacientes, de parientes de los pacientes, de pibitos tocando la campana como celebraci\u00f3n de su \u00faltima quimio\u2026 q impotencia!<\/em><\/p>\n<div class=\"x14z9mp xat24cr x1lziwak x1vvkbs xtlvy1s x126k92a\">\n<div dir=\"auto\"><em>Tambi\u00e9n me detengo para escuchar a IAN, lo escucharon? Saben quien es IAN MOCHE?<\/em><\/div>\n<\/div>\n<div class=\"x14z9mp xat24cr x1lziwak x1vvkbs xtlvy1s x126k92a\">\n<div dir=\"auto\"><em>Perd\u00f3n comunidad del hospital pediatrico regional m\u00e1s importante de Am\u00e9rica, perd\u00f3n IAN\u2026 Perd\u00f3n por no estar a la altura de la defensa que Uds se merecen, perd\u00f3n por la siesta que no<\/em><em>\u00a0esta lucha la tenemos que dar como patriotas, cristianos, humanos y seres sensibles&#8221;.<\/em><em>s estamos pegando sin reaccionar, perd\u00f3n por meterlos en una grieta que no tiene que ver con la atenci\u00f3n y soluci\u00f3n de la problem\u00e1tica\u2026.<\/em><\/div>\n<\/div>\n<div class=\"x14z9mp xat24cr x1lziwak x1vvkbs xtlvy1s x126k92a\">\n<div dir=\"auto\"><\/div>\n<div dir=\"auto\"><em>Esta lucha NO puede ser partidaria,<\/em><\/div>\n<\/div>\n<div dir=\"auto\"><\/div>\n<div dir=\"auto\">Duro y cr\u00edtico posteo del intendente Diego Nanni en su cuenta en Facebook, trazando una vinculaci\u00f3n entre el partido a la Argentina vs Chile a prop\u00f3sito del severo conflico en el Hospital Garrahan<\/div>\n","protected":false},"excerpt":{"rendered":"<p>EL INTENDENTE ENCENDIDO.<\/p>\n","protected":false},"author":3,"featured_media":29653,"comment_status":"open","ping_status":"open","sticky":false,"template":"","format":"standard","meta":{"footnotes":"","jetpack_publicize_message":"","jetpack_publicize_feature_enabled":true,"jetpack_social_post_already_shared":true,"jetpack_social_options":{"image_generator_settings":{"template":"highway","default_image_id":0,"font":"","enabled":false},"version":2}},"categories":[13],"tags":[3195,66],"class_list":["post-29652","post","type-post","status-publish","format-standard","has-post-thumbnail","hentry","category-interes-general","tag-garraham","tag-nanni"],"jetpack_publicize_connections":[],"jetpack_featured_media_url":"https:\/\/revistaepocadigital.com.ar\/wp-content\/uploads\/2025\/06\/484845800_1064322335733837_3759324840208718065_n.jpg","jetpack_likes_enabled":true,"_links":{"self":[{"href":"https:\/\/revistaepocadigital.com.ar\/index.php?rest_route=\/wp\/v2\/posts\/29652","targetHints":{"allow":["GET"]}}],"collection":[{"href":"https:\/\/revistaepocadigital.com.ar\/index.php?rest_route=\/wp\/v2\/posts"}],"about":[{"href":"https:\/\/revistaepocadigital.com.ar\/index.php?rest_route=\/wp\/v2\/types\/post"}],"author":[{"embeddable":true,"href":"https:\/\/revistaepocadigital.com.ar\/index.php?rest_route=\/wp\/v2\/users\/3"}],"replies":[{"embeddable":true,"href":"https:\/\/revistaepocadigital.com.ar\/index.php?rest_route=%2Fwp%2Fv2%2Fcomments&post=29652"}],"version-history":[{"count":0,"href":"https:\/\/revistaepocadigital.com.ar\/index.php?rest_route=\/wp\/v2\/posts\/29652\/revisions"}],"wp:featuredmedia":[{"embeddable":true,"href":"https:\/\/revistaepocadigital.com.ar\/index.php?rest_route=\/wp\/v2\/media\/29653"}],"wp:attachment":[{"href":"https:\/\/revistaepocadigital.com.ar\/index.php?rest_route=%2Fwp%2Fv2%2Fmedia&parent=29652"}],"wp:term":[{"taxonomy":"category","embeddable":true,"href":"https:\/\/revistaepocadigital.com.ar\/index.php?rest_route=%2Fwp%2Fv2%2Fcategories&post=29652"},{"taxonomy":"post_tag","embeddable":true,"href":"https:\/\/revistaepocadigital.com.ar\/index.php?rest_route=%2Fwp%2Fv2%2Ftags&post=29652"}],"curies":[{"name":"wp","href":"https:\/\/api.w.org\/{rel}","templated":true}]}}