{"id":29658,"date":"2025-05-07T17:35:50","date_gmt":"2025-05-07T20:35:50","guid":{"rendered":"https:\/\/revistaepocadigital.com.ar\/?p=29658"},"modified":"2025-06-26T11:00:59","modified_gmt":"2025-06-26T14:00:59","slug":"dia-del-periodista-cuando-contar-lo-que-pasa-es-una-forma-de-resistir","status":"publish","type":"post","link":"https:\/\/revistaepocadigital.com.ar\/?p=29658","title":{"rendered":"D\u00eda del Periodista: cuando contar lo que pasa es una forma de resistir"},"content":{"rendered":"<p><strong>HACER PERIODISMO.<\/strong><!--more--><\/p>\n<p>En el actual contexto, ejercer el periodismo con \u00e9tica y vocaci\u00f3n de verdad es m\u00e1s necesario que nunca. No para tener raz\u00f3n, sino para hacer preguntas. No para agradar, sino para incomodar cuando haga falta. Y, sobre todo, para que no se apague la voz de quienes no tienen otra forma de ser escuchados.<\/p>\n<p>Cada 7 de junio, en homenaje a Mariano Moreno y a aquella primera Gaceta de Buenos Aires, se celebra en nuestro pa\u00eds el D\u00eda del Periodista. M\u00e1s que una conmemoraci\u00f3n, deber\u00eda ser una invitaci\u00f3n a reflexionar sobre el lugar que hoy ocupa esta profesi\u00f3n.<\/p>\n<p>Que lugar ocupa en una Argentina donde el valor de la informaci\u00f3n convive peligrosamente con la desinformaci\u00f3n, y donde ejercer el periodismo implica, muchas veces, enfrentarse al poder y a una cultura que degrada el rol de quien pregunta, investiga o simplemente no repite.<\/p>\n<h6>El presidente Javier Milei, ha mostrado en forma reiterada, una posici\u00f3n muy objetable en cuanto al rol de la prensa.\u00a0 &#8220;Entiendan que no est\u00e1n por encima de nadie&#8221;, ha sabido decir entre otras opiniones, que no condicen con el esp\u00edritu democr\u00e1tico y respetuoso a la libertad de prensa que debe mostrare un presidente elegido por el pueblo; aspectos esenciales en cualquier pa\u00eds, en cualquier \u00e1mbito. La historia argentina marca que los acechos a la prensa, han sabido aparecer con frecuencia.<\/h6>\n<h6>El periodismo, los periodistas, deben continuar y mantenerse incolumnes, ante aquellas posiciones que muestran que la intolerancia, es uno de los peores enemigos para un Ppa\u00eds.<\/h6>\n<h6>Para EPOCA, como desde 1983, el camino no ha cambiado; no cambiar\u00e1.<\/h6>\n<p>&nbsp;<\/p>\n","protected":false},"excerpt":{"rendered":"<p>HACER PERIODISMO.<\/p>\n","protected":false},"author":4,"featured_media":29662,"comment_status":"open","ping_status":"open","sticky":false,"template":"","format":"standard","meta":{"footnotes":"","jetpack_publicize_message":"","jetpack_publicize_feature_enabled":true,"jetpack_social_post_already_shared":true,"jetpack_social_options":{"image_generator_settings":{"template":"highway","default_image_id":0,"font":"","enabled":false},"version":2}},"categories":[15],"tags":[37,369],"class_list":["post-29658","post","type-post","status-publish","format-standard","has-post-thumbnail","hentry","category-lo-que-tenes-que-saber","tag-destacada","tag-dia-del-periodista"],"jetpack_publicize_connections":[],"jetpack_featured_media_url":"https:\/\/revistaepocadigital.com.ar\/wp-content\/uploads\/2025\/06\/194008_620.webp","jetpack_likes_enabled":true,"_links":{"self":[{"href":"https:\/\/revistaepocadigital.com.ar\/index.php?rest_route=\/wp\/v2\/posts\/29658","targetHints":{"allow":["GET"]}}],"collection":[{"href":"https:\/\/revistaepocadigital.com.ar\/index.php?rest_route=\/wp\/v2\/posts"}],"about":[{"href":"https:\/\/revistaepocadigital.com.ar\/index.php?rest_route=\/wp\/v2\/types\/post"}],"author":[{"embeddable":true,"href":"https:\/\/revistaepocadigital.com.ar\/index.php?rest_route=\/wp\/v2\/users\/4"}],"replies":[{"embeddable":true,"href":"https:\/\/revistaepocadigital.com.ar\/index.php?rest_route=%2Fwp%2Fv2%2Fcomments&post=29658"}],"version-history":[{"count":0,"href":"https:\/\/revistaepocadigital.com.ar\/index.php?rest_route=\/wp\/v2\/posts\/29658\/revisions"}],"wp:featuredmedia":[{"embeddable":true,"href":"https:\/\/revistaepocadigital.com.ar\/index.php?rest_route=\/wp\/v2\/media\/29662"}],"wp:attachment":[{"href":"https:\/\/revistaepocadigital.com.ar\/index.php?rest_route=%2Fwp%2Fv2%2Fmedia&parent=29658"}],"wp:term":[{"taxonomy":"category","embeddable":true,"href":"https:\/\/revistaepocadigital.com.ar\/index.php?rest_route=%2Fwp%2Fv2%2Fcategories&post=29658"},{"taxonomy":"post_tag","embeddable":true,"href":"https:\/\/revistaepocadigital.com.ar\/index.php?rest_route=%2Fwp%2Fv2%2Ftags&post=29658"}],"curies":[{"name":"wp","href":"https:\/\/api.w.org\/{rel}","templated":true}]}}