{"id":29664,"date":"2025-06-08T17:40:44","date_gmt":"2025-06-08T20:40:44","guid":{"rendered":"https:\/\/revistaepocadigital.com.ar\/?p=29664"},"modified":"2025-06-08T17:42:33","modified_gmt":"2025-06-08T20:42:33","slug":"el-papa-leon-xiv-recibio-al-presidente-milei-y-le-confirmo-que-visitara-argentina","status":"publish","type":"post","link":"https:\/\/revistaepocadigital.com.ar\/?p=29664","title":{"rendered":"El Papa Le\u00f3n XIV recibi\u00f3 al presidente Milei y le confirm\u00f3 que visitar\u00e1 Argentina"},"content":{"rendered":"<h4 id=\"spksumary\"><strong>El Vaticano emiti\u00f3 un comunicado oficial en el que destac\u00f3 &#8220;el mutuo aprecio por las s\u00f3lidas relaciones bilaterales&#8221;.<\/strong><\/h4>\n<p><!--more--><\/p>\n<div class=\"tools\">\n<div class=\"left\"><span id=\"resize1\" class=\"size sizeText\" data-customtooltip=\"Tama\u00f1o de Texto\"><i class=\"icon-text-size-regular\"><\/i><\/span>\u00a0<i class=\"icon-facebook-brands\"><\/i>\u00a0<i class=\"icon-whatsapp-brands\"><\/i><\/div>\n<\/div>\n<div id=\"articleContent\" class=\"row justify-content-center\">\n<div class=\"col-xl-10\">\n<div class=\"articleBody\" data-mrf-recirculation=\"nota-link-embebed\">\n<p>El presidente\u00a0<strong>Javier Milei\u00a0<\/strong>mantuvo una reuni\u00f3n con el Papa Le\u00f3n XIV en el Vaticano, donde el Sumo Pont\u00edfice le confirm\u00f3 su pr\u00f3xima visita a Argentina. El encuentro, calificado como &#8220;muy bueno&#8221; y con un &#8220;clima excelente&#8221; por el canciller <strong>Gerardo Werthein<\/strong>, marc\u00f3 un acercamiento significativo entre la Casa Rosada y la Santa Sede, constituy\u00e9ndose en una de los primeros encuentros del nuevo Papa con el presidente de un pa\u00eds.<\/p>\n<\/div>\n<\/div>\n<div class=\"col-xl-10\">\n<div class=\"articleBody\" data-mrf-recirculation=\"nota-link-embebed\">\n<p>Tras la audiencia con el Papa, que se prolong\u00f3 por m\u00e1s de 45 minutos (la m\u00e1s extensa que ha concedido el Pont\u00edfice a mandatarios hasta la fecha), Milei se reuni\u00f3 con el secretario de Estado Vaticano,\u00a0<strong>Pietro Parolin<\/strong>, para afianzar las relaciones bilaterales.<\/p>\n<\/div>\n<\/div>\n<div class=\"col-xl-10\">\n<div class=\"articleBody\" data-mrf-recirculation=\"nota-link-embebed\">\n<p>&#8220;El Papa Le\u00f3n XIV le confirm\u00f3 al Presidente de la Naci\u00f3n durante el encuentro que mantuvieron hace unos instantes que visitar\u00e1 la Argentina&#8221;, anunci\u00f3 el vocero presidencial,\u00a0<strong>Manuel Adorni<\/strong>, a trav\u00e9s de redes sociales.<\/p>\n<\/div>\n<p><img loading=\"lazy\" decoding=\"async\" class=\"aligncenter size-medium wp-image-29666\" src=\"https:\/\/revistaepocadigital.com.ar\/wp-content\/uploads\/2025\/06\/papa-leon-milei25-300x200.webp\" alt=\"\" width=\"300\" height=\"200\" srcset=\"https:\/\/revistaepocadigital.com.ar\/wp-content\/uploads\/2025\/06\/papa-leon-milei25-300x200.webp 300w, https:\/\/revistaepocadigital.com.ar\/wp-content\/uploads\/2025\/06\/papa-leon-milei25-768x511.webp 768w, https:\/\/revistaepocadigital.com.ar\/wp-content\/uploads\/2025\/06\/papa-leon-milei25-696x463.webp 696w, https:\/\/revistaepocadigital.com.ar\/wp-content\/uploads\/2025\/06\/papa-leon-milei25-1068x711.webp 1068w, https:\/\/revistaepocadigital.com.ar\/wp-content\/uploads\/2025\/06\/papa-leon-milei25-631x420.webp 631w, https:\/\/revistaepocadigital.com.ar\/wp-content\/uploads\/2025\/06\/papa-leon-milei25.webp 1200w\" sizes=\"auto, (max-width: 300px) 100vw, 300px\" \/><\/p>\n<\/div>\n<div class=\"col-xl-10\">\n<div class=\"articleBody\" data-mrf-recirculation=\"nota-link-embebed\">\n<p>El Vaticano emiti\u00f3 un comunicado oficial en el que destac\u00f3 &#8220;el mutuo aprecio por las s\u00f3lidas relaciones bilaterales y la voluntad de reforzarlas a\u00fan m\u00e1s&#8221;. \u00a0Adem\u00e1s, se abordaron temas de inter\u00e9s com\u00fan, como &#8220;la evoluci\u00f3n socioecon\u00f3mica, la lucha contra la pobreza y el compromiso en favor de la cohesi\u00f3n social&#8221;.<\/p>\n<\/div>\n<\/div>\n<div class=\"col-xl-10\">\n<div class=\"articleBody\" data-mrf-recirculation=\"nota-link-embebed\">\n<p>El di\u00e1logo tambi\u00e9n se extendi\u00f3 a &#8220;temas de car\u00e1cter sociopol\u00edtico regional e internacional, prestando especial atenci\u00f3n a los conflictos en curso y destacando la importancia de un compromiso urgente en favor de la paz&#8221;.<\/p>\n<\/div>\n<\/div>\n<div class=\"col-xl-10\">\n<div class=\"articleBody\" data-mrf-recirculation=\"nota-link-embebed\">\n<p>Seg\u00fan fuentes oficiales, durante la audiencia privada, a la que posteriormente se sum\u00f3 la secretaria general de la Presidencia,<strong>\u00a0Karina Milei<\/strong>, hubo intercambio de obsequios. Milei le entreg\u00f3 al Papa un poncho de vicu\u00f1a de artesanos de Catamarca, provincia que Le\u00f3n XIV visit\u00f3 antes de su pontificado. El Papa, por su parte, obsequi\u00f3 al mandatario un mosaico con la imagen de la Bas\u00edlica.<\/p>\n<p>De esta manera, el Papa Le\u00f3n XIV concretar\u00eda uno de sus viajes iniciales de su papado a nuestro pa\u00eds donde, lamentablemente, no pudieron vivir los argentinos la experiencia inolvidable de recibir al Papa Francisco en su propia tierra.<\/p>\n<\/div>\n<\/div>\n<\/div>\n<div class=\"row justify-content-center\">\n<div class=\"col-xl-10\">\n<div id=\"textFinish\" class=\"articleBody mrf-article-body\">\n<div class=\"panel\">Fuente: Diario La Gaceta<\/div>\n<\/div>\n<\/div>\n<\/div>\n","protected":false},"excerpt":{"rendered":"<p>El Vaticano emiti\u00f3 un comunicado oficial en el que destac\u00f3 &#8220;el mutuo aprecio por las s\u00f3lidas relaciones bilaterales&#8221;.<\/p>\n","protected":false},"author":3,"featured_media":29677,"comment_status":"open","ping_status":"open","sticky":false,"template":"","format":"standard","meta":{"footnotes":"","jetpack_publicize_message":"","jetpack_publicize_feature_enabled":true,"jetpack_social_post_already_shared":true,"jetpack_social_options":{"image_generator_settings":{"template":"highway","default_image_id":0,"font":"","enabled":false},"version":2}},"categories":[17],"tags":[2278,3196],"class_list":["post-29664","post","type-post","status-publish","format-standard","has-post-thumbnail","hentry","category-politica","tag-milei","tag-papa-leon"],"jetpack_publicize_connections":[],"jetpack_featured_media_url":"https:\/\/revistaepocadigital.com.ar\/wp-content\/uploads\/2025\/06\/Papa-leon-milei.jpg","jetpack_likes_enabled":true,"_links":{"self":[{"href":"https:\/\/revistaepocadigital.com.ar\/index.php?rest_route=\/wp\/v2\/posts\/29664","targetHints":{"allow":["GET"]}}],"collection":[{"href":"https:\/\/revistaepocadigital.com.ar\/index.php?rest_route=\/wp\/v2\/posts"}],"about":[{"href":"https:\/\/revistaepocadigital.com.ar\/index.php?rest_route=\/wp\/v2\/types\/post"}],"author":[{"embeddable":true,"href":"https:\/\/revistaepocadigital.com.ar\/index.php?rest_route=\/wp\/v2\/users\/3"}],"replies":[{"embeddable":true,"href":"https:\/\/revistaepocadigital.com.ar\/index.php?rest_route=%2Fwp%2Fv2%2Fcomments&post=29664"}],"version-history":[{"count":0,"href":"https:\/\/revistaepocadigital.com.ar\/index.php?rest_route=\/wp\/v2\/posts\/29664\/revisions"}],"wp:featuredmedia":[{"embeddable":true,"href":"https:\/\/revistaepocadigital.com.ar\/index.php?rest_route=\/wp\/v2\/media\/29677"}],"wp:attachment":[{"href":"https:\/\/revistaepocadigital.com.ar\/index.php?rest_route=%2Fwp%2Fv2%2Fmedia&parent=29664"}],"wp:term":[{"taxonomy":"category","embeddable":true,"href":"https:\/\/revistaepocadigital.com.ar\/index.php?rest_route=%2Fwp%2Fv2%2Fcategories&post=29664"},{"taxonomy":"post_tag","embeddable":true,"href":"https:\/\/revistaepocadigital.com.ar\/index.php?rest_route=%2Fwp%2Fv2%2Ftags&post=29664"}],"curies":[{"name":"wp","href":"https:\/\/api.w.org\/{rel}","templated":true}]}}