{"id":29695,"date":"2025-06-10T14:31:23","date_gmt":"2025-06-10T17:31:23","guid":{"rendered":"https:\/\/revistaepocadigital.com.ar\/?p=29695"},"modified":"2025-06-10T14:34:18","modified_gmt":"2025-06-10T17:34:18","slug":"asamblea-general-ordinaria-acept-32-diego-gaynor","status":"publish","type":"post","link":"https:\/\/revistaepocadigital.com.ar\/?p=29695","title":{"rendered":"ASAMBLEA GENERAL ORDINARIA ACEPT 32 &#8221; DIEGO GAYNOR&#8221;"},"content":{"rendered":"<p class=\"yiv7027075106MsoNormal\"><b><u>NUEVO CONSEJO DE ADMINISTRACI\u00d3N.<\/u><\/b><\/p>\n<p class=\"yiv7027075106MsoNormal\">Una vez realizada la Asamblea General, el pasado 30 de\u00a0 mayo, se constituy\u00f3 el nuevo Consejo de Administraci\u00f3n de la Asociaci\u00f3n del Centro Educativo para la Producci\u00f3n Total de la instituci\u00f3n educativa.<\/p>\n<p><img loading=\"lazy\" decoding=\"async\" id=\"yiv7027075106Imagen_x0020_5\" src=\"https:\/\/ecp.yusercontent.com\/mail?url=https%3A%2F%2F101737.asset.dattanet.com%2Fweb_public_shared%2Fimage%2F101737%2F6847426ada130.jpeg&amp;t=1749511049&amp;ymreqid=a1e28384-e738-286e-1c1f-d80001017900&amp;sig=gNxRVXoeOXdpTq1R8A_IUA--~D\" width=\"707\" height=\"502\" \/><\/p>\n<p class=\"yiv7027075106MsoNormal\">El nuevo presidente de la Asociaci\u00f3n es Leonardo Welbes, en tanto la Sociedad Rural de Exaltaci\u00f3n, Campana, Z\u00e1rate, colabora integrando el nuevo Consejo ocupando los cargos de Tesorero, Vocal y Revisor de Cuentas, a cargo de Fernando Boracchia, Ana Boracchia y Maximiliano Quiqueran, seg\u00fan lo informsado por la Comisi\u00f3n Directiva de la entidad ruralista.<\/p>\n<p class=\"yiv7027075106MsoNormal\">\n","protected":false},"excerpt":{"rendered":"<p>NUEVO CONSEJO DE ADMINISTRACI\u00d3N. Una vez realizada la Asamblea General, el pasado 30 de\u00a0 mayo, se constituy\u00f3 el nuevo Consejo de Administraci\u00f3n de la Asociaci\u00f3n del Centro Educativo para la Producci\u00f3n Total de la instituci\u00f3n educativa. El nuevo presidente de la Asociaci\u00f3n es Leonardo Welbes, en tanto la Sociedad Rural de Exaltaci\u00f3n, Campana, Z\u00e1rate, colabora [&hellip;]<\/p>\n","protected":false},"author":3,"featured_media":29717,"comment_status":"open","ping_status":"open","sticky":false,"template":"","format":"standard","meta":{"footnotes":"","jetpack_publicize_message":"","jetpack_publicize_feature_enabled":true,"jetpack_social_post_already_shared":true,"jetpack_social_options":{"image_generator_settings":{"template":"highway","default_image_id":0,"font":"","enabled":false},"version":2}},"categories":[11],"tags":[347],"class_list":["post-29695","post","type-post","status-publish","format-standard","has-post-thumbnail","hentry","category-entidades","tag-sociedad-rural"],"jetpack_publicize_connections":[],"jetpack_featured_media_url":"https:\/\/revistaepocadigital.com.ar\/wp-content\/uploads\/2025\/06\/mail.jpeg","jetpack_likes_enabled":true,"_links":{"self":[{"href":"https:\/\/revistaepocadigital.com.ar\/index.php?rest_route=\/wp\/v2\/posts\/29695","targetHints":{"allow":["GET"]}}],"collection":[{"href":"https:\/\/revistaepocadigital.com.ar\/index.php?rest_route=\/wp\/v2\/posts"}],"about":[{"href":"https:\/\/revistaepocadigital.com.ar\/index.php?rest_route=\/wp\/v2\/types\/post"}],"author":[{"embeddable":true,"href":"https:\/\/revistaepocadigital.com.ar\/index.php?rest_route=\/wp\/v2\/users\/3"}],"replies":[{"embeddable":true,"href":"https:\/\/revistaepocadigital.com.ar\/index.php?rest_route=%2Fwp%2Fv2%2Fcomments&post=29695"}],"version-history":[{"count":0,"href":"https:\/\/revistaepocadigital.com.ar\/index.php?rest_route=\/wp\/v2\/posts\/29695\/revisions"}],"wp:featuredmedia":[{"embeddable":true,"href":"https:\/\/revistaepocadigital.com.ar\/index.php?rest_route=\/wp\/v2\/media\/29717"}],"wp:attachment":[{"href":"https:\/\/revistaepocadigital.com.ar\/index.php?rest_route=%2Fwp%2Fv2%2Fmedia&parent=29695"}],"wp:term":[{"taxonomy":"category","embeddable":true,"href":"https:\/\/revistaepocadigital.com.ar\/index.php?rest_route=%2Fwp%2Fv2%2Fcategories&post=29695"},{"taxonomy":"post_tag","embeddable":true,"href":"https:\/\/revistaepocadigital.com.ar\/index.php?rest_route=%2Fwp%2Fv2%2Ftags&post=29695"}],"curies":[{"name":"wp","href":"https:\/\/api.w.org\/{rel}","templated":true}]}}