{"id":29707,"date":"2025-06-10T11:25:39","date_gmt":"2025-06-10T14:25:39","guid":{"rendered":"https:\/\/revistaepocadigital.com.ar\/?p=29707"},"modified":"2025-06-10T11:39:41","modified_gmt":"2025-06-10T14:39:41","slug":"cuando-enfrentas-a-la-gente-curso-de-oratoria","status":"publish","type":"post","link":"https:\/\/revistaepocadigital.com.ar\/?p=29707","title":{"rendered":"TEMAS DE HOY. CUANDO ENFRENT\u00c1S A LA GENTE. CURSO DE ORATORIA"},"content":{"rendered":"<p><strong>MUY INTERESANTES Y ACTUALES.<\/strong><!--more--><\/p>\n<p>Encabezado por <strong>Lorena Zilio,<\/strong> una profesional de destacada trayectoria en materia de comunicaci\u00f3n en el \u00e1mbito personal y empresarial, adem\u00e1s entre otros campos abordados, responsable de relaciones institucionales para luego resaltar la comunicaci\u00f3n externa en varias embajadas de pa\u00edses representados en la Argentina. A su vez responsable de marketing y relaciones p\u00fablcias de empresas de primer nivel como el caso de la\u00a0 mundialmente conocida cerveza Warsteiner-CASA Isenbeck.<\/p>\n<p><img loading=\"lazy\" decoding=\"async\" class=\"aligncenter size-full wp-image-29708\" src=\"https:\/\/revistaepocadigital.com.ar\/wp-content\/uploads\/2025\/06\/orato.jpg\" alt=\"\" width=\"720\" height=\"1018\" srcset=\"https:\/\/revistaepocadigital.com.ar\/wp-content\/uploads\/2025\/06\/orato.jpg 720w, https:\/\/revistaepocadigital.com.ar\/wp-content\/uploads\/2025\/06\/orato-212x300.jpg 212w, https:\/\/revistaepocadigital.com.ar\/wp-content\/uploads\/2025\/06\/orato-696x984.jpg 696w, https:\/\/revistaepocadigital.com.ar\/wp-content\/uploads\/2025\/06\/orato-297x420.jpg 297w, https:\/\/revistaepocadigital.com.ar\/wp-content\/uploads\/2025\/06\/orato-594x840.jpg 594w\" sizes=\"auto, (max-width: 720px) 100vw, 720px\" \/><\/p>\n","protected":false},"excerpt":{"rendered":"<p>MUY INTERESANTES Y ACTUALES.<\/p>\n","protected":false},"author":3,"featured_media":29708,"comment_status":"open","ping_status":"open","sticky":false,"template":"","format":"standard","meta":{"footnotes":"","jetpack_publicize_message":"","jetpack_publicize_feature_enabled":true,"jetpack_social_post_already_shared":true,"jetpack_social_options":{"image_generator_settings":{"template":"highway","default_image_id":0,"font":"","enabled":false},"version":2}},"categories":[4],"tags":[3202,3203],"class_list":["post-29707","post","type-post","status-publish","format-standard","has-post-thumbnail","hentry","category-aqui-los-cardales","tag-cursos-oratoria","tag-lorena-zilio"],"jetpack_publicize_connections":[],"jetpack_featured_media_url":"https:\/\/revistaepocadigital.com.ar\/wp-content\/uploads\/2025\/06\/orato.jpg","jetpack_likes_enabled":true,"_links":{"self":[{"href":"https:\/\/revistaepocadigital.com.ar\/index.php?rest_route=\/wp\/v2\/posts\/29707","targetHints":{"allow":["GET"]}}],"collection":[{"href":"https:\/\/revistaepocadigital.com.ar\/index.php?rest_route=\/wp\/v2\/posts"}],"about":[{"href":"https:\/\/revistaepocadigital.com.ar\/index.php?rest_route=\/wp\/v2\/types\/post"}],"author":[{"embeddable":true,"href":"https:\/\/revistaepocadigital.com.ar\/index.php?rest_route=\/wp\/v2\/users\/3"}],"replies":[{"embeddable":true,"href":"https:\/\/revistaepocadigital.com.ar\/index.php?rest_route=%2Fwp%2Fv2%2Fcomments&post=29707"}],"version-history":[{"count":0,"href":"https:\/\/revistaepocadigital.com.ar\/index.php?rest_route=\/wp\/v2\/posts\/29707\/revisions"}],"wp:featuredmedia":[{"embeddable":true,"href":"https:\/\/revistaepocadigital.com.ar\/index.php?rest_route=\/wp\/v2\/media\/29708"}],"wp:attachment":[{"href":"https:\/\/revistaepocadigital.com.ar\/index.php?rest_route=%2Fwp%2Fv2%2Fmedia&parent=29707"}],"wp:term":[{"taxonomy":"category","embeddable":true,"href":"https:\/\/revistaepocadigital.com.ar\/index.php?rest_route=%2Fwp%2Fv2%2Fcategories&post=29707"},{"taxonomy":"post_tag","embeddable":true,"href":"https:\/\/revistaepocadigital.com.ar\/index.php?rest_route=%2Fwp%2Fv2%2Ftags&post=29707"}],"curies":[{"name":"wp","href":"https:\/\/api.w.org\/{rel}","templated":true}]}}