{"id":2973,"date":"2019-08-01T20:01:26","date_gmt":"2019-08-01T23:01:26","guid":{"rendered":"https:\/\/revistaepocadigital.com.ar\/?p=2973"},"modified":"2019-08-01T20:04:53","modified_gmt":"2019-08-01T23:04:53","slug":"el-sindicato-de-comercio-el-festejo-del-dia-del-nino","status":"publish","type":"post","link":"https:\/\/revistaepocadigital.com.ar\/?p=2973","title":{"rendered":"El Sindicato de Comercio festeja el D\u00eda del Ni\u00f1o"},"content":{"rendered":"<p><strong>PARA TODOS LOS AFILIADOS.<\/strong><!--more--><\/p>\n<p>Uno de los d\u00edas m\u00e1s esperados por los chicos en el a\u00f1o; el D\u00eda del Ni\u00f1o. El S<strong>indicato de Empleados de Comercio,<\/strong> organiza un evento para festejarlo junto a sus afiliados, sus familias y los chicos.<\/p>\n<p><img loading=\"lazy\" decoding=\"async\" class=\"aligncenter size-full wp-image-2972\" src=\"https:\/\/revistaepocadigital.com.ar\/wp-content\/uploads\/2019\/08\/DIA-DEL-NI\u00d1O-LOL.jpg\" alt=\"\" width=\"2545\" height=\"3358\" srcset=\"https:\/\/revistaepocadigital.com.ar\/wp-content\/uploads\/2019\/08\/DIA-DEL-NI\u00d1O-LOL.jpg 2545w, https:\/\/revistaepocadigital.com.ar\/wp-content\/uploads\/2019\/08\/DIA-DEL-NI\u00d1O-LOL-227x300.jpg 227w, https:\/\/revistaepocadigital.com.ar\/wp-content\/uploads\/2019\/08\/DIA-DEL-NI\u00d1O-LOL-768x1013.jpg 768w, https:\/\/revistaepocadigital.com.ar\/wp-content\/uploads\/2019\/08\/DIA-DEL-NI\u00d1O-LOL-776x1024.jpg 776w, https:\/\/revistaepocadigital.com.ar\/wp-content\/uploads\/2019\/08\/DIA-DEL-NI\u00d1O-LOL-696x918.jpg 696w, https:\/\/revistaepocadigital.com.ar\/wp-content\/uploads\/2019\/08\/DIA-DEL-NI\u00d1O-LOL-1068x1409.jpg 1068w, https:\/\/revistaepocadigital.com.ar\/wp-content\/uploads\/2019\/08\/DIA-DEL-NI\u00d1O-LOL-318x420.jpg 318w, https:\/\/revistaepocadigital.com.ar\/wp-content\/uploads\/2019\/08\/DIA-DEL-NI\u00d1O-LOL-637x840.jpg 637w, https:\/\/revistaepocadigital.com.ar\/wp-content\/uploads\/2019\/08\/DIA-DEL-NI\u00d1O-LOL-1920x2533.jpg 1920w\" sizes=\"auto, (max-width: 2545px) 100vw, 2545px\" \/><\/p>\n","protected":false},"excerpt":{"rendered":"<p>PARA TODOS LOS AFILIADOS.<\/p>\n","protected":false},"author":3,"featured_media":2978,"comment_status":"open","ping_status":"open","sticky":false,"template":"","format":"standard","meta":{"footnotes":"","jetpack_publicize_message":"","jetpack_publicize_feature_enabled":true,"jetpack_social_post_already_shared":false,"jetpack_social_options":{"image_generator_settings":{"template":"highway","default_image_id":0,"font":"","enabled":false},"version":2}},"categories":[151],"tags":[37,427,153],"class_list":["post-2973","post","type-post","status-publish","format-standard","has-post-thumbnail","hentry","category-empleados-de-comercio","tag-destacada","tag-gente","tag-sindicato-empleados-comercio"],"jetpack_publicize_connections":[],"jetpack_featured_media_url":"https:\/\/revistaepocadigital.com.ar\/wp-content\/uploads\/2019\/08\/DIA-DEL-NI\u00d1O.jpg","jetpack_likes_enabled":true,"_links":{"self":[{"href":"https:\/\/revistaepocadigital.com.ar\/index.php?rest_route=\/wp\/v2\/posts\/2973","targetHints":{"allow":["GET"]}}],"collection":[{"href":"https:\/\/revistaepocadigital.com.ar\/index.php?rest_route=\/wp\/v2\/posts"}],"about":[{"href":"https:\/\/revistaepocadigital.com.ar\/index.php?rest_route=\/wp\/v2\/types\/post"}],"author":[{"embeddable":true,"href":"https:\/\/revistaepocadigital.com.ar\/index.php?rest_route=\/wp\/v2\/users\/3"}],"replies":[{"embeddable":true,"href":"https:\/\/revistaepocadigital.com.ar\/index.php?rest_route=%2Fwp%2Fv2%2Fcomments&post=2973"}],"version-history":[{"count":0,"href":"https:\/\/revistaepocadigital.com.ar\/index.php?rest_route=\/wp\/v2\/posts\/2973\/revisions"}],"wp:featuredmedia":[{"embeddable":true,"href":"https:\/\/revistaepocadigital.com.ar\/index.php?rest_route=\/wp\/v2\/media\/2978"}],"wp:attachment":[{"href":"https:\/\/revistaepocadigital.com.ar\/index.php?rest_route=%2Fwp%2Fv2%2Fmedia&parent=2973"}],"wp:term":[{"taxonomy":"category","embeddable":true,"href":"https:\/\/revistaepocadigital.com.ar\/index.php?rest_route=%2Fwp%2Fv2%2Fcategories&post=2973"},{"taxonomy":"post_tag","embeddable":true,"href":"https:\/\/revistaepocadigital.com.ar\/index.php?rest_route=%2Fwp%2Fv2%2Ftags&post=2973"}],"curies":[{"name":"wp","href":"https:\/\/api.w.org\/{rel}","templated":true}]}}