{"id":29732,"date":"2025-06-13T01:19:15","date_gmt":"2025-06-13T04:19:15","guid":{"rendered":"https:\/\/revistaepocadigital.com.ar\/?p=29732"},"modified":"2025-06-13T01:32:48","modified_gmt":"2025-06-13T04:32:48","slug":"alto-voltaje-politico-en-el-justicialismo-nanni-candidato-a-diputado-no-lo-descartes","status":"publish","type":"post","link":"https:\/\/revistaepocadigital.com.ar\/?p=29732","title":{"rendered":"ALTO VOLTAJE POL\u00cdTICO EN EL JUSTICIALISMO EN EL PA\u00cdS. NANNI CANDIDATO A DIPUTADO, NO LO DESCARTES"},"content":{"rendered":"<p><strong>ENTREVISTA AL INTENDENTE EN UN MOMENTO CRUCIAL EN EL PERONISMO, LA DISPUTA ENTRE KICILLOF Y CRISTINA FERN\u00c1NDEZ Y LA CONFIRMACI\u00d3N DEL FALLO DE LA CORTE.\u00a0<\/strong><\/p>\n<p><strong>LA TAN COMENTADA POSIBILIDAD QUE SEA CANDIDATO A DIPUTADO PROVINCIAL.<\/strong><!--more--><\/p>\n<p>&nbsp;<\/p>\n<p>&#8211;<strong>Uno de los temas de verdadera importancia que abordan los concejos deliberantes, es la rendicii\u00f3n de cuentas que anualmente debe presentar el Departamento Ejecutivo de cada municipio. En el caso del presentado hace poco al HCD local, la situaci\u00f3n no ha quedado suficientemente clara El presidente del Concejo, Ra\u00fal Sancho, la ha cuestionado.<\/strong><\/p>\n<p>&#8211;<em>Como es costumbre en los \u00faltimos a\u00f1os, y desde ya desde que ocupo el cargo de intendente, es presentada la revisi\u00f3n de cuentas anual, funcionarios municipales la elaboran y luego es presentada en ewl HCD, ocasi\u00f3n en que el contador municipal y otros funcionarios, exponen acerca de la rendici\u00f3n de cuentas.<\/em><\/p>\n<p><em>En esta ocasi\u00f3n, por tratarses de un a\u00f1o electoral, quiz\u00e1 la oposici\u00f3n pretendi\u00f3 poner un manto de sospecha sobre la rendici\u00f3n de cuentas del municipio, que est\u00e1 clar\u00edsimo y muy bien rendidas las cuentas. Como debe ser pore otra parte, caso contrario ser\u00edan penalizados por el Tribunal de Cuentas de la provincia de Buenos Aires que, dicho sea dev paso, es un ente aut\u00f3nomo que no tiene color partidario alguno. Y adem\u00e1s se rige el Tribunal en forma rigurosa, considerando las partidas de dinero recibidas y el manejo que se hace de ese dinero que es un recursos del municipio,<\/em><\/p>\n<p>L<em>amentablemente el tema de la revisi\u00f3n de cuentas, era algo que nosotros desde el municipio, dabamos por descontado. La oposici\u00f3n siempre se manifiesta en contra, hay legisladores provinciales que saben votar en contra y otros a favor, en cambio en Exaltaci\u00f3n de la Cruz, la oposici\u00f3n la vota en contra o\u00a0 directamente no la votan.<\/em><\/p>\n<p><em>Reitero, entiendo que el 2025 es un a\u00f1o electoral y vemos que en el HCD, la oposici\u00f3n\u00a0 se mueve a ritmo de campa\u00f1a electoral, poniendo un manto de dudas insisto, sobre\u00a0 algo que est\u00e1 completamente bien explicado, todo claro, y de hecho, no ha recibido cuestionamiento alguno de los organismos competentes. En fin, m\u00e1s all\u00e1 de lo que sostengo, es decir que quieren aprovechar el a\u00f1o electoral, resulta raro que la oposici\u00f3n se conduzca as\u00ec en un momento tan importante. Y a ver, hasta puedo considerar que el rol de la oposici\u00f3n mal entendido, pueda llevarlo a esas posturas, pero que ocurre; a la hora de votar la rendici\u00f3n no lo hacen o ni siquiera van a la sesi\u00f3n., y como digo si votan, lo hacen en contra pensando en los votos en las elecciones&#8230; Es como si estuvieran en el HCD para entorpecer el accionar del municipio.<\/em><\/p>\n<p><strong>-La candidatura de Cristina Fern\u00e1ndez, a diputada provincial por la tercera secci\u00f3n, hab\u00eda tensado la cuerda m\u00e1s a\u00fan entre la ex-presidente y el gobernador Axel Kicillof, m\u00e1s todav\u00eda cuando Kicillof antes resolvi\u00f3 desdoblar las elecciones para septiembre y octubre. Y eso, hubo que sumarle el hecho que ha dado tanto que hablar como ha sido, la condena ratificada a Cristina Fern\u00e1ndez por parte de la Corte Suprema. El peronismo pareci\u00f3 dejar atr\u00e1s serias diferencias para encolumnarse detr\u00e1s Cristina presa, sin embargo, no todos piensan de la misma maneraa en el PJ.<\/strong><\/p>\n<p><em>-Es imposible negar que han existido diferencias importantes entre Cristina Kirchner y el gobernador Kicillof. Yo no dir\u00eda un enfrentamiento, pero s\u00ed, diferencias para tener muy en cuenta. Y la situaci\u00f3n hizo que en lo que respecta a una cuesti\u00f3n de mucho peso, como es designar la conducci\u00f3n del partido justicalista, tambi\u00e9n se haya visto influenciada, todo esto antes que se conociera la resoluci\u00f3n de la Corte Suprema, ratificando el fallo contra Cristina Fern\u00e1ndez que sin dudas, a abierto otro panorama. Para designar al Consejo del partido justicialista, entran en juego no s\u00f3lo los dirigentes que se encuentran en funcione, as\u00ed como tienen intenciones de sumarse, como pol\u00edticos, sindicalistas entre otros y todo eso lleva a un gran debate interno.<\/em><\/p>\n<p><em>Se ha venido hablando de unidad en el justicialismo, desde antes del fallo de la Corte relacionado a Cristina. Esa unidad estaba dif\u00edcil de alcanzar, y m\u00e1s cuando Cristina Fern\u00e1ndez se postulo a diputada por la tercera secci\u00f3n de la pro<\/em>vincia, donde el peronismo <em>siempre gan\u00f3, postul\u00e1ndose por esa secci\u00f3n, busc\u00f3 un resultado.<\/em><\/p>\n<p><em>En lo personal, no es que haya estado en desacuerdo con su postulaci\u00f3n, sino con la forma en que se dio. Muchos en el justicialismo para ser candidatos a intendentes, concejales, diputados, debemos buscar concensos, entiendo que Cristina Fern\u00e1ndez tiene mucha historia, fue senadora, vicepresidenta, primera dama, presidenta, de todas formas llegar a\u00a0 \u00a0alcanzar concensos es muy importante. La forma en que se autopostul\u00f3 Cristina y en un programa de televisi\u00f3n, en mi opini\u00f3n y me hago cargo de lo que digo, no ha sido la mejor. Yo entiendo desde ya, tambi\u00e9n ante la nueva realidad que ha surgido luego de la decisi\u00f3n de la Corte, que es el momento para unir a este espacio pol\u00edtico que se fue desmembrando de a poco como pas\u00f3 por ejemplo, con la UCR, Y volviendo a Cristina Fern\u00e1ndez, que la quieran proscribir una decisi\u00f3n de apuro de la Corte, es harina de otro costal. Y e<\/em>n lo que ha<em>ce a algunos, en lo que respecta a laa interna, quieren forzar la direcci\u00f3n que le damos a nuestra propuesta, y en este sentido y tambi\u00e9n relacionado con la presidencia del PJ nacional, el gobernador Kicillof percibe que no lo est\u00e1n acompa\u00f1ando como corresponde en este a\u00f1o electoral y en la pelea frente a las pol\u00edticas que viene instrumentando el gobierno nacional. Al gobernador hay que acompa\u00f1arlo como deber\u00eda ser contra las pol\u00edticas nacionales, esto es as\u00ed, entendemos cuando se habla de tensiones internas<\/em><\/p>\n<p><strong>-A nivel local, uno de los temas que m\u00e1s comentarios y especulaciones origina, es sobre el de su alejamiento del cargo de intendente para sumarse, alineado a Kicillof, como candidato a diputado provincial en las elecciones de este a\u00f1o y que en caso de concretarse, su reemplazante en el cargo ser\u00eda Luis Mariano Mart\u00edn.<\/strong><\/p>\n<p>&#8211;<em>Veamos, yo vengo participando junto al intendente de Ramallo Mario Poletti de la segunda secci\u00f3n y al intendente de Salto, Ricardo D\u00b4alessandro en un armado politico de una lista de diputados provinciales en el caso de la segunda secci\u00f3n. consideramos que ser\u00edan elegidos cuatro o cinco. Pero bueno, adem\u00e1s teniendo en cuenta la paridad de g\u00e9nero, hay un mont\u00f3n de\u00a0 cuestiones que son negociables con quienes corresponda. Y obviamente, m\u00e1s ahora que se habla de unidad de distintos partidos pol\u00edticos. Habr\u00e1 que ver los diputados a quienes le vencen los mandatos y deber\u00edan renovar si se decidiera;de todas formas, al momento del armado de la lista de candidatos a diputados, deber\u00edan haber de estas secciones, pero bueno hay muchas cuestiones por resolver, como ya dije la participaci\u00f3n de gremios por ejemplo. .Pero bueno, en relaci\u00f3n a este espacio no hay nada concreto, y por otro lado, estoy apoyando al Movimiento Derecho al Futuro, al que sabemos tambi\u00e9n se integrar\u00eda Sergio Verne, intendente de Z\u00e1rate.<\/em><\/p>\n<p><em>\u00bfYo candidato a diputado?; no es f\u00e1cil serlo; de todas formas en mi cabeza no es prioridad; la alternativa puede surgir pero uno tampoco tiene la seguridad de ocupar ese lugar. Como digo en m\u00e1s de una ocasi\u00f3n, yo en lo que pienso es en mi mandato como intendente hasta 2027, y como por el momento no hay posibilidades de otra reelecci\u00f3n, me gustar\u00eda terminar con este mandato completo. De esa manera, me permitir\u00eda al menos casi terminar un mont\u00f3n de proyectos que tenemos en agenda y que algunos ya se vienen llevando adelante. Despu\u00e9s, conclu\u00edda esta etapa, ver\u00e9. Como digo siempre, yo voy a estar en el mejor lugar para, realmente, traer beneficios para Exaltaci\u00f3n de la Cruz.<\/em><\/p>\n<p>NOTA EN DESARROLLO<\/p>\n","protected":false},"excerpt":{"rendered":"<p>ENTREVISTA AL INTENDENTE EN UN MOMENTO CRUCIAL EN EL PERONISMO, LA DISPUTA ENTRE KICILLOF Y CRISTINA FERN\u00c1NDEZ Y LA CONFIRMACI\u00d3N DEL FALLO DE LA CORTE.\u00a0 LA TAN COMENTADA POSIBILIDAD QUE SEA CANDIDATO A DIPUTADO PROVINCIAL.<\/p>\n","protected":false},"author":4,"featured_media":29753,"comment_status":"open","ping_status":"open","sticky":false,"template":"","format":"standard","meta":{"footnotes":"","jetpack_publicize_message":"","jetpack_publicize_feature_enabled":true,"jetpack_social_post_already_shared":true,"jetpack_social_options":{"image_generator_settings":{"template":"highway","default_image_id":0,"font":"","enabled":false},"version":2}},"categories":[17],"tags":[2908,925,478,66,1267],"class_list":["post-29732","post","type-post","status-publish","format-standard","has-post-thumbnail","hentry","category-politica","tag-cfk","tag-diputado","tag-kicillof","tag-nanni","tag-pj"],"jetpack_publicize_connections":[],"jetpack_featured_media_url":"https:\/\/revistaepocadigital.com.ar\/wp-content\/uploads\/2025\/06\/NAN.jpg","jetpack_likes_enabled":true,"_links":{"self":[{"href":"https:\/\/revistaepocadigital.com.ar\/index.php?rest_route=\/wp\/v2\/posts\/29732","targetHints":{"allow":["GET"]}}],"collection":[{"href":"https:\/\/revistaepocadigital.com.ar\/index.php?rest_route=\/wp\/v2\/posts"}],"about":[{"href":"https:\/\/revistaepocadigital.com.ar\/index.php?rest_route=\/wp\/v2\/types\/post"}],"author":[{"embeddable":true,"href":"https:\/\/revistaepocadigital.com.ar\/index.php?rest_route=\/wp\/v2\/users\/4"}],"replies":[{"embeddable":true,"href":"https:\/\/revistaepocadigital.com.ar\/index.php?rest_route=%2Fwp%2Fv2%2Fcomments&post=29732"}],"version-history":[{"count":0,"href":"https:\/\/revistaepocadigital.com.ar\/index.php?rest_route=\/wp\/v2\/posts\/29732\/revisions"}],"wp:featuredmedia":[{"embeddable":true,"href":"https:\/\/revistaepocadigital.com.ar\/index.php?rest_route=\/wp\/v2\/media\/29753"}],"wp:attachment":[{"href":"https:\/\/revistaepocadigital.com.ar\/index.php?rest_route=%2Fwp%2Fv2%2Fmedia&parent=29732"}],"wp:term":[{"taxonomy":"category","embeddable":true,"href":"https:\/\/revistaepocadigital.com.ar\/index.php?rest_route=%2Fwp%2Fv2%2Fcategories&post=29732"},{"taxonomy":"post_tag","embeddable":true,"href":"https:\/\/revistaepocadigital.com.ar\/index.php?rest_route=%2Fwp%2Fv2%2Ftags&post=29732"}],"curies":[{"name":"wp","href":"https:\/\/api.w.org\/{rel}","templated":true}]}}