{"id":29765,"date":"2025-06-18T09:32:09","date_gmt":"2025-06-18T12:32:09","guid":{"rendered":"https:\/\/revistaepocadigital.com.ar\/?p=29765"},"modified":"2025-06-18T09:32:09","modified_gmt":"2025-06-18T12:32:09","slug":"musica-sabores-y-emociones-compartidas","status":"publish","type":"post","link":"https:\/\/revistaepocadigital.com.ar\/?p=29765","title":{"rendered":"M\u00fasica, sabores y emociones compartidas"},"content":{"rendered":"<p><img loading=\"lazy\" decoding=\"async\" class=\" wp-image-29766 alignleft\" src=\"https:\/\/revistaepocadigital.com.ar\/wp-content\/uploads\/2025\/06\/celestina.jpg\" alt=\"\" width=\"506\" height=\"379\" srcset=\"https:\/\/revistaepocadigital.com.ar\/wp-content\/uploads\/2025\/06\/celestina.jpg 680w, https:\/\/revistaepocadigital.com.ar\/wp-content\/uploads\/2025\/06\/celestina-300x225.jpg 300w, https:\/\/revistaepocadigital.com.ar\/wp-content\/uploads\/2025\/06\/celestina-80x60.jpg 80w, https:\/\/revistaepocadigital.com.ar\/wp-content\/uploads\/2025\/06\/celestina-160x120.jpg 160w, https:\/\/revistaepocadigital.com.ar\/wp-content\/uploads\/2025\/06\/celestina-265x198.jpg 265w, https:\/\/revistaepocadigital.com.ar\/wp-content\/uploads\/2025\/06\/celestina-530x396.jpg 530w, https:\/\/revistaepocadigital.com.ar\/wp-content\/uploads\/2025\/06\/celestina-560x420.jpg 560w\" sizes=\"auto, (max-width: 506px) 100vw, 506px\" \/>La Celestina Casa de Campo \u2014 reconocida por su c\u00e1lido entorno, almuerzos campestres y organizaci\u00f3n de eventos \u2014 abre en esta ocasi\u00f3n el living de la casa para una noche especial:<br \/>\nUn encuentro \u00edntimo entre amigos, para compartir m\u00fasica en vivo, buena comida y momentos inolvidables.<\/p>\n<p>Nos acompa\u00f1an artistas de excelencia:<br \/>\n\ud83c\udfa4 Mar\u00eda Castillo de Lima, soprano del Teatro Col\u00f3n<br \/>\n\ud83c\udfb9 Javier Ulmete, pianista<br \/>\n\ud83c\udfbc Adri\u00e1n Gonzales, pianista y bandoneonista<br \/>\n\ud83c\udf99 Con la conducci\u00f3n y participaci\u00f3n de nuestro anfitri\u00f3n, Gustavo Vargas<\/p>\n<p>\ud83d\udd6f El show se divide en dos momentos:<br \/>\n\ud83c\udfb6 Primera parte: interpretaciones de repertorio cl\u00e1sico y popular latinoamericano, a cargo de los m\u00fasicos invitados.<br \/>\n\ud83c\udfa4 Segunda parte (tras la cena): espacio participativo para quienes quieran cantar o tocar, \u00a1y cerrar la noche cantando entre todos!<\/p>\n<p>\ud83c\udf7d Cena de tres pasos incluida:<br \/>\n\u2013 Empanadas<br \/>\n\u2013 Lomo y bondiola a la mostaza en figacitas de manteca<br \/>\n\u2013 Caf\u00e9 con cuadraditos dulces<br \/>\n\ud83e\udd42 Incluye bebida sin alcohol y una copa de vino<\/p>\n<p>\ud83d\udcc5 S\u00e1bado 21 \u2013 21 hs<br \/>\n\ud83d\udccd La Celestina, Los Cardales<br \/>\n\ud83d\udcf2 Reservas por WhatsApp: 11 5388 8840<br \/>\n\ud83c\udf9f Cupo limitado \u2013 Reserv\u00e1 tu lugar<\/p>\n<p>Una noche con alma, sabor y m\u00fasica compartida.\u00a0\u00a1Te\u00a0esperamos!<\/p>\n","protected":false},"excerpt":{"rendered":"<p>La Celestina Casa de Campo \u2014 reconocida por su c\u00e1lido entorno, almuerzos campestres y organizaci\u00f3n de eventos \u2014 abre en esta ocasi\u00f3n el living de la casa para una noche especial: Un encuentro \u00edntimo entre amigos, para compartir m\u00fasica en vivo, buena comida y momentos inolvidables. Nos acompa\u00f1an artistas de excelencia: \ud83c\udfa4 Mar\u00eda Castillo de [&hellip;]<\/p>\n","protected":false},"author":3,"featured_media":29766,"comment_status":"open","ping_status":"open","sticky":false,"template":"","format":"standard","meta":{"footnotes":"","jetpack_publicize_message":"","jetpack_publicize_feature_enabled":true,"jetpack_social_post_already_shared":true,"jetpack_social_options":{"image_generator_settings":{"template":"highway","default_image_id":0,"font":"","enabled":false},"version":2}},"categories":[6],"tags":[],"class_list":["post-29765","post","type-post","status-publish","format-standard","has-post-thumbnail","hentry","category-barrios"],"jetpack_publicize_connections":[],"jetpack_featured_media_url":"https:\/\/revistaepocadigital.com.ar\/wp-content\/uploads\/2025\/06\/celestina.jpg","jetpack_likes_enabled":true,"_links":{"self":[{"href":"https:\/\/revistaepocadigital.com.ar\/index.php?rest_route=\/wp\/v2\/posts\/29765","targetHints":{"allow":["GET"]}}],"collection":[{"href":"https:\/\/revistaepocadigital.com.ar\/index.php?rest_route=\/wp\/v2\/posts"}],"about":[{"href":"https:\/\/revistaepocadigital.com.ar\/index.php?rest_route=\/wp\/v2\/types\/post"}],"author":[{"embeddable":true,"href":"https:\/\/revistaepocadigital.com.ar\/index.php?rest_route=\/wp\/v2\/users\/3"}],"replies":[{"embeddable":true,"href":"https:\/\/revistaepocadigital.com.ar\/index.php?rest_route=%2Fwp%2Fv2%2Fcomments&post=29765"}],"version-history":[{"count":0,"href":"https:\/\/revistaepocadigital.com.ar\/index.php?rest_route=\/wp\/v2\/posts\/29765\/revisions"}],"wp:featuredmedia":[{"embeddable":true,"href":"https:\/\/revistaepocadigital.com.ar\/index.php?rest_route=\/wp\/v2\/media\/29766"}],"wp:attachment":[{"href":"https:\/\/revistaepocadigital.com.ar\/index.php?rest_route=%2Fwp%2Fv2%2Fmedia&parent=29765"}],"wp:term":[{"taxonomy":"category","embeddable":true,"href":"https:\/\/revistaepocadigital.com.ar\/index.php?rest_route=%2Fwp%2Fv2%2Fcategories&post=29765"},{"taxonomy":"post_tag","embeddable":true,"href":"https:\/\/revistaepocadigital.com.ar\/index.php?rest_route=%2Fwp%2Fv2%2Ftags&post=29765"}],"curies":[{"name":"wp","href":"https:\/\/api.w.org\/{rel}","templated":true}]}}