{"id":29768,"date":"2025-06-18T09:35:36","date_gmt":"2025-06-18T12:35:36","guid":{"rendered":"https:\/\/revistaepocadigital.com.ar\/?p=29768"},"modified":"2025-06-18T09:35:36","modified_gmt":"2025-06-18T12:35:36","slug":"memorable-victoria-argentina-en-mundial-con-sindrome-de-down","status":"publish","type":"post","link":"https:\/\/revistaepocadigital.com.ar\/?p=29768","title":{"rendered":"Memorable victoria Argentina en mundial con sindrome de down."},"content":{"rendered":"<p>La selecci\u00f3n Argentina de b\u00e1squet con s\u00edndrome de down aplast\u00f3 a Estados Unidos, 51-04 luego de una brillante actuacion en en mundial en Italia . Entre los integrantes se la seleccion argentina se encuentra el gran jugador capillense Tobias Martinez. Tobias viajo junto al plantel y a s<br \/>\nFelicitaciones a todos el plantel y con su padre nestor Albarenque junto a Claudio Gonz\u00e1lez Johansenn. Ambos como es sabido conducen el equipo local\u00a0Los\u00a0Tigres<\/p>\n","protected":false},"excerpt":{"rendered":"<p>La selecci\u00f3n Argentina de b\u00e1squet con s\u00edndrome de down aplast\u00f3 a Estados Unidos, 51-04 luego de una brillante actuacion en en mundial en Italia . Entre los integrantes se la seleccion argentina se encuentra el gran jugador capillense Tobias Martinez. Tobias viajo junto al plantel y a s Felicitaciones a todos el plantel y con [&hellip;]<\/p>\n","protected":false},"author":3,"featured_media":29769,"comment_status":"open","ping_status":"open","sticky":false,"template":"","format":"standard","meta":{"footnotes":"","jetpack_publicize_message":"","jetpack_publicize_feature_enabled":true,"jetpack_social_post_already_shared":true,"jetpack_social_options":{"image_generator_settings":{"template":"highway","default_image_id":0,"font":"","enabled":false},"version":2}},"categories":[13],"tags":[],"class_list":["post-29768","post","type-post","status-publish","format-standard","has-post-thumbnail","hentry","category-interes-general"],"jetpack_publicize_connections":[],"jetpack_featured_media_url":"https:\/\/revistaepocadigital.com.ar\/wp-content\/uploads\/2025\/06\/mundial.jpg","jetpack_likes_enabled":true,"_links":{"self":[{"href":"https:\/\/revistaepocadigital.com.ar\/index.php?rest_route=\/wp\/v2\/posts\/29768","targetHints":{"allow":["GET"]}}],"collection":[{"href":"https:\/\/revistaepocadigital.com.ar\/index.php?rest_route=\/wp\/v2\/posts"}],"about":[{"href":"https:\/\/revistaepocadigital.com.ar\/index.php?rest_route=\/wp\/v2\/types\/post"}],"author":[{"embeddable":true,"href":"https:\/\/revistaepocadigital.com.ar\/index.php?rest_route=\/wp\/v2\/users\/3"}],"replies":[{"embeddable":true,"href":"https:\/\/revistaepocadigital.com.ar\/index.php?rest_route=%2Fwp%2Fv2%2Fcomments&post=29768"}],"version-history":[{"count":0,"href":"https:\/\/revistaepocadigital.com.ar\/index.php?rest_route=\/wp\/v2\/posts\/29768\/revisions"}],"wp:featuredmedia":[{"embeddable":true,"href":"https:\/\/revistaepocadigital.com.ar\/index.php?rest_route=\/wp\/v2\/media\/29769"}],"wp:attachment":[{"href":"https:\/\/revistaepocadigital.com.ar\/index.php?rest_route=%2Fwp%2Fv2%2Fmedia&parent=29768"}],"wp:term":[{"taxonomy":"category","embeddable":true,"href":"https:\/\/revistaepocadigital.com.ar\/index.php?rest_route=%2Fwp%2Fv2%2Fcategories&post=29768"},{"taxonomy":"post_tag","embeddable":true,"href":"https:\/\/revistaepocadigital.com.ar\/index.php?rest_route=%2Fwp%2Fv2%2Ftags&post=29768"}],"curies":[{"name":"wp","href":"https:\/\/api.w.org\/{rel}","templated":true}]}}