{"id":29817,"date":"2025-06-26T01:03:31","date_gmt":"2025-06-26T04:03:31","guid":{"rendered":"https:\/\/revistaepocadigital.com.ar\/?p=29817"},"modified":"2025-06-26T01:08:08","modified_gmt":"2025-06-26T04:08:08","slug":"la-juventud-de-defensa-comunal-se-suma-al-arco-politico-exaltacrucense","status":"publish","type":"post","link":"https:\/\/revistaepocadigital.com.ar\/?p=29817","title":{"rendered":"LA JUVENTUD DE DEFENSA COMUNAL SE SUMA AL ARCO POL\u00cdTICO EXALTACRUCENSE"},"content":{"rendered":"<p><strong>LA INAUGURACI\u00d3N DEL ESPACIO PROPIO EN LA TRADICIONAL SEDE DEL PARTIDO.<\/strong><!--more--><\/p>\n<p>Un nuevo punto para encuentros y reuniones pol\u00edticas y con la mira en desarrollarse de cara al futuro. Una cena congreg\u00f3 a jovenes del partido, sum\u00e1ndose referentes desde\u00a0 hace a\u00f1os, quienes acaso apuesten a que la juventud revitalizar\u00e1 al partido pol\u00ectico local.<\/p>\n<p>La reuni\u00f3n fue Manuel S\u00e1nchez y Carmelo Graciano, quienes apuntan a encabezar a los jovenes de DC. \u201cEstamos todos muy orgullosos de lo que pudimos lograr\u201d, expresaron los j\u00f3venes, al peri\u00f3dico El Lugare\u00f1o al presentar el nuevo sector que donde mantendr\u00e1n reuniones y elaboraran proyectos.<\/p>\n<p>A la reuni\u00f3n tambi\u00e9n asisti\u00f3 el ex jefe comunal Ricardo Bozzani, figura de Defensa Comunal, cuya presencia a\u00f9n pretende Bozzani que se mantenga vigente, quien fue bien recibido por los jovenes.<\/p>\n<p>Defensa Comunal con su esp\u00edritu nitidamente veinalista, ha sumado ahora a la juventud partidaria y en un a\u00f1o electoral.<\/p>\n","protected":false},"excerpt":{"rendered":"<p>LA INAUGURACI\u00d3N DEL ESPACIO PROPIO EN LA TRADICIONAL SEDE DEL PARTIDO.<\/p>\n","protected":false},"author":3,"featured_media":29819,"comment_status":"open","ping_status":"open","sticky":false,"template":"","format":"standard","meta":{"footnotes":"","jetpack_publicize_message":"","jetpack_publicize_feature_enabled":true,"jetpack_social_post_already_shared":true,"jetpack_social_options":{"image_generator_settings":{"template":"highway","default_image_id":0,"font":"","enabled":false},"version":2}},"categories":[17],"tags":[3210],"class_list":["post-29817","post","type-post","status-publish","format-standard","has-post-thumbnail","hentry","category-politica","tag-juventud-defensa-comunal"],"jetpack_publicize_connections":[],"jetpack_featured_media_url":"https:\/\/revistaepocadigital.com.ar\/wp-content\/uploads\/2025\/06\/Juventud-Defensa-Comunal.jpg","jetpack_likes_enabled":true,"_links":{"self":[{"href":"https:\/\/revistaepocadigital.com.ar\/index.php?rest_route=\/wp\/v2\/posts\/29817","targetHints":{"allow":["GET"]}}],"collection":[{"href":"https:\/\/revistaepocadigital.com.ar\/index.php?rest_route=\/wp\/v2\/posts"}],"about":[{"href":"https:\/\/revistaepocadigital.com.ar\/index.php?rest_route=\/wp\/v2\/types\/post"}],"author":[{"embeddable":true,"href":"https:\/\/revistaepocadigital.com.ar\/index.php?rest_route=\/wp\/v2\/users\/3"}],"replies":[{"embeddable":true,"href":"https:\/\/revistaepocadigital.com.ar\/index.php?rest_route=%2Fwp%2Fv2%2Fcomments&post=29817"}],"version-history":[{"count":0,"href":"https:\/\/revistaepocadigital.com.ar\/index.php?rest_route=\/wp\/v2\/posts\/29817\/revisions"}],"wp:featuredmedia":[{"embeddable":true,"href":"https:\/\/revistaepocadigital.com.ar\/index.php?rest_route=\/wp\/v2\/media\/29819"}],"wp:attachment":[{"href":"https:\/\/revistaepocadigital.com.ar\/index.php?rest_route=%2Fwp%2Fv2%2Fmedia&parent=29817"}],"wp:term":[{"taxonomy":"category","embeddable":true,"href":"https:\/\/revistaepocadigital.com.ar\/index.php?rest_route=%2Fwp%2Fv2%2Fcategories&post=29817"},{"taxonomy":"post_tag","embeddable":true,"href":"https:\/\/revistaepocadigital.com.ar\/index.php?rest_route=%2Fwp%2Fv2%2Ftags&post=29817"}],"curies":[{"name":"wp","href":"https:\/\/api.w.org\/{rel}","templated":true}]}}