{"id":29822,"date":"2025-06-26T01:41:11","date_gmt":"2025-06-26T04:41:11","guid":{"rendered":"https:\/\/revistaepocadigital.com.ar\/?p=29822"},"modified":"2025-06-26T01:42:20","modified_gmt":"2025-06-26T04:42:20","slug":"tomo-el-volante-cristina-ponce-de-leon-nueva-presidenta-de-copesel","status":"publish","type":"post","link":"https:\/\/revistaepocadigital.com.ar\/?p=29822","title":{"rendered":"TOMO EL VOLANTE. CRISTINA PONCE DE LE\u00d3N, NUEVA PRESIDENTA DE COPESEL"},"content":{"rendered":"<p><strong>Docente, jubilada, exconcejal, pol\u00edtica, oriunda de Los Cardales.<\/strong><!--more--><\/p>\n<p>Fue designada como presidenta de la cooperativa tras la \u00faltima asamblea de socios. Se convirti\u00f3 as\u00ed en la primera mujer en asumir el m\u00e1ximo cargo de la hist\u00f3rica entidad de servicios cardalera. La mujer de larga trayectoria p\u00fablica encar\u00f3 otro desaf\u00edo en su vida<\/p>\n<p>\u201cViv\u00ed en Los Cardales desde que nac\u00ed, soy docente jubilada y ejerc\u00ed siempre en este distrito\u201d, dijo Ponce de Le\u00f3n al periodico El Lugare\u00f1o dispuesta a &#8220;aportar un granito de arena para mejorar la calidad de vida desde los servicios que brinda Copesel\u201d.<\/p>\n<p>Hasta hace poco, Ponce de Le\u00f3n se desempe\u00f1\u00f3 como secretaria de la cooperativa. Su designaci\u00f3n como presidenta surgi\u00f3 en el marco de la Asamblea General Ordinaria, tal como lo establece el estatuto de la entidad. Sin embargo, remarc\u00f3 que su nombramiento fue una propuesta del equipo: \u201cLa postulaci\u00f3n no fue propia, sino que surgi\u00f3 del resto de los consejeros que conforman el Consejo de Administraci\u00f3n con quien mantenemos comunicaci\u00f3n y consulta permanentemente, por lo tanto, ser presidente es ocupar un lugar m\u00e1s dentro del mismo. Somos todos un equipo\u201d.<img loading=\"lazy\" decoding=\"async\" class=\"aligncenter size-full wp-image-29824\" src=\"https:\/\/revistaepocadigital.com.ar\/wp-content\/uploads\/2025\/06\/copesel.jpeg\" alt=\"\" width=\"225\" height=\"225\" srcset=\"https:\/\/revistaepocadigital.com.ar\/wp-content\/uploads\/2025\/06\/copesel.jpeg 225w, https:\/\/revistaepocadigital.com.ar\/wp-content\/uploads\/2025\/06\/copesel-150x150.jpeg 150w\" sizes=\"auto, (max-width: 225px) 100vw, 225px\" \/><\/p>\n<p>Copesel es una entidad clave para el desarrollo de Los Cardales y zonas aleda\u00f1as. \u201cBrinda el servicio de agua potable a Cardales y barrios aleda\u00f1os y atiende el servicio de cloacas en la planta potabilizadora que es propiedad del Municipio. Adem\u00e1s, envasa el agua en botellas y fabrica hielo, estas tareas se hacen en la sede de la colectora de la Ruta 6\u201d, explic\u00f3 la flamante presidenta al mismo peri\u00f3dico.<\/p>\n<p>En cuanto a la concientizaci\u00f3n y educaci\u00f3n ambiental, subray\u00f3: \u201cGeneralmente, se hacen cartillas con informaci\u00f3n por las redes sociales. La semana pasada, el jefe t\u00e9cnico de la cooperativa, Alejandro Olivencia, fue a dar una charla al Jard\u00edn de Infantes N\u00b010 sobre el uso responsable del agua. Seguramente a lo largo del a\u00f1o surgir\u00e1n ideas nuevas, las evaluaremos y las pondremos en acci\u00f3n\u201d.<\/p>\n<p>Finalmente, le consultamos qu\u00e9 significa para ella ser la primera mujer en presidir la cooperativa: \u201cPara m\u00ed es un orgullo pertenecer a este equipo, donde no hay distinci\u00f3n de cargos para escuchar las propuestas, sino que cuenta la unidad, el consenso y el deseo de acompa\u00f1ar el crecimiento de Los Cardales. Me siento honrada, espero aportar un pensamiento y una mirada desde mi lugar de mujer. La responsabilidad es mucha, pues, adem\u00e1s del cargo, estoy comprometida con mi g\u00e9nero\u201d.<\/p>\n<p>Fuente:\u00a0 peri\u00f3dico El Lugare\u00f1o.<\/p>\n","protected":false},"excerpt":{"rendered":"<p>Docente, jubilada, exconcejal, pol\u00edtica, oriunda de Los Cardales.<\/p>\n","protected":false},"author":3,"featured_media":29827,"comment_status":"open","ping_status":"open","sticky":false,"template":"","format":"standard","meta":{"footnotes":"","jetpack_publicize_message":"","jetpack_publicize_feature_enabled":true,"jetpack_social_post_already_shared":true,"jetpack_social_options":{"image_generator_settings":{"template":"highway","default_image_id":0,"font":"","enabled":false},"version":2}},"categories":[4],"tags":[827,3211],"class_list":["post-29822","post","type-post","status-publish","format-standard","has-post-thumbnail","hentry","category-aqui-los-cardales","tag-copesel","tag-ponce-de-leon-presidenta"],"jetpack_publicize_connections":[],"jetpack_featured_media_url":"https:\/\/revistaepocadigital.com.ar\/wp-content\/uploads\/2025\/06\/images.jpeg","jetpack_likes_enabled":true,"_links":{"self":[{"href":"https:\/\/revistaepocadigital.com.ar\/index.php?rest_route=\/wp\/v2\/posts\/29822","targetHints":{"allow":["GET"]}}],"collection":[{"href":"https:\/\/revistaepocadigital.com.ar\/index.php?rest_route=\/wp\/v2\/posts"}],"about":[{"href":"https:\/\/revistaepocadigital.com.ar\/index.php?rest_route=\/wp\/v2\/types\/post"}],"author":[{"embeddable":true,"href":"https:\/\/revistaepocadigital.com.ar\/index.php?rest_route=\/wp\/v2\/users\/3"}],"replies":[{"embeddable":true,"href":"https:\/\/revistaepocadigital.com.ar\/index.php?rest_route=%2Fwp%2Fv2%2Fcomments&post=29822"}],"version-history":[{"count":0,"href":"https:\/\/revistaepocadigital.com.ar\/index.php?rest_route=\/wp\/v2\/posts\/29822\/revisions"}],"wp:featuredmedia":[{"embeddable":true,"href":"https:\/\/revistaepocadigital.com.ar\/index.php?rest_route=\/wp\/v2\/media\/29827"}],"wp:attachment":[{"href":"https:\/\/revistaepocadigital.com.ar\/index.php?rest_route=%2Fwp%2Fv2%2Fmedia&parent=29822"}],"wp:term":[{"taxonomy":"category","embeddable":true,"href":"https:\/\/revistaepocadigital.com.ar\/index.php?rest_route=%2Fwp%2Fv2%2Fcategories&post=29822"},{"taxonomy":"post_tag","embeddable":true,"href":"https:\/\/revistaepocadigital.com.ar\/index.php?rest_route=%2Fwp%2Fv2%2Ftags&post=29822"}],"curies":[{"name":"wp","href":"https:\/\/api.w.org\/{rel}","templated":true}]}}