{"id":29830,"date":"2025-07-14T10:51:03","date_gmt":"2025-07-14T13:51:03","guid":{"rendered":"https:\/\/revistaepocadigital.com.ar\/?p=29830"},"modified":"2025-07-16T22:02:55","modified_gmt":"2025-07-17T01:02:55","slug":"buchanan-no-levanta-el-pie-del-pedal","status":"publish","type":"post","link":"https:\/\/revistaepocadigital.com.ar\/?p=29830","title":{"rendered":"FRANCO BUCHANAN INTEGRA EL SELECCIONADO ARGENTINO QUE CORRE EN BRASIL"},"content":{"rendered":"<p><strong>DESDE CHACO A BRASIL.<\/strong><\/p>\n<p><!--more--><\/p>\n<p>Considerado uno de los destacados ciclistas argentino, el capillense Franco Buchanan le apunta en otro paso de su campa\u00f1a en el ciclismo, a la Copa Brasil de nuevo integrando el seleccionado argentino a desarrollarse en suelo brasile\u00f1o entre el 24 y 27 de julio.<\/p>\n<p>Mientras tanto, y a modo de preparaci\u00f3n para la importante Copa Brasil, Buchanan compiti\u00f3 en Las Bre\u00f1as, provincia de Chaco, &#8220;<em>As\u00ed es corr\u00ed dentro del plan de preparaci\u00f3n para afrontar la Copa Brasil con el seleccionado que, sin dudas, ser\u00e1\u00a0 muy dura&#8221; <\/em>coment\u00f3 el clclista a EPOCA.<\/p>\n<p><em>&#8220;En Las Bre\u00f1as llegu\u00e9 quinto en una carrera a los puntos, fueron 104 vueltas con sprint y cada 8 vueltas que sumaban puntos; al finalizar el d\u00eda de competencia, el que mas puntos resulta el ganaador&#8221;<\/em>, apunt\u00f3 Buchanan. El dia 21, integrando la seleccion nacional, part\u00eda hacia Maringa, Brasil, donde tendr\u00e1 lugar el evento cicl\u00ecstico.<\/p>\n<h3 style=\"text-align: center;\"><strong>&#8212;&#8212;&#8212;&#8212;&#8212;&#8212;&#8212;&#8212;&#8212;&#8212;&#8212;&#8212;&#8212;&#8212;<\/strong><\/h3>\n<h5 style=\"text-align: left;\">nota anterior<\/h5>\n<h3>BUCHANAN NO LEVANTA EL PIE DEL PEDAL<\/h3>\n<p><strong>POCAS VECES EN LA HISTORIA DEL DEPORTE DE EXALTACI\u00d3N DE LA CRUZ.<\/strong><!--more--><\/p>\n<p>Han surgido y destac\u00e1ndose a alto nivel, deportistas del distrito con importante proyecci\u00f3n en los deportes que practican. Un ejemplo claro es el de Franco Buchanan, el notable ciclista que en los \u00faltimos a\u00f1os ha estado compitiendo en la Argentina y en el exterior, incluso integrando el seleccionado argentino.<\/p>\n<p>De cara a sus pr\u00f3ximos objetivos, Franco viene realizando una intensa preparaci\u00f3n para afrontar competencias muy exigentes y ante rivales tambi\u00e9n encumbrados. EPOCA convers\u00f3 con el. &#8220;<em>Recientemente estuve concentrando en la provincia de San Juan, entren\u00e9 muy duro en el Vel\u00f3dromo que es exclente y existe all\u00e1, donde tienen lugar competencias de alto nivel, es techado y la pista de madera. All\u00ed estuve en busca de una buena forma para correr en los Campeonatos Nacionales de pista 2025 en el mes de agosto&#8221;, comenta Buchanan.<\/em><\/p>\n<p><em>&#8220;Por lo pront<\/em>o -agrega-<em> las proximas carreras serian el 12 de julio en Las Bre\u00f1as, provincia de Chaco, y la Ccopa UCI a fines de Julio en Maringa, Brasil y formando parte otra vez de la seleccion argentina. Y luego de los N<\/em><em>acionales, nos estaremos perfilando para lo que va a ser la temporada de ruta 2025\/2026&#8243;.<\/em><\/p>\n<p><img loading=\"lazy\" decoding=\"async\" class=\"aligncenter size-full wp-image-29834\" src=\"https:\/\/revistaepocadigital.com.ar\/wp-content\/uploads\/2025\/06\/bu2.jpg\" alt=\"\" width=\"640\" height=\"370\" srcset=\"https:\/\/revistaepocadigital.com.ar\/wp-content\/uploads\/2025\/06\/bu2.jpg 640w, https:\/\/revistaepocadigital.com.ar\/wp-content\/uploads\/2025\/06\/bu2-300x173.jpg 300w\" sizes=\"auto, (max-width: 640px) 100vw, 640px\" \/><\/p>\n<p><img loading=\"lazy\" decoding=\"async\" class=\"aligncenter size-full wp-image-29835\" src=\"https:\/\/revistaepocadigital.com.ar\/wp-content\/uploads\/2025\/06\/bu3.jpg\" alt=\"\" width=\"640\" height=\"426\" srcset=\"https:\/\/revistaepocadigital.com.ar\/wp-content\/uploads\/2025\/06\/bu3.jpg 640w, https:\/\/revistaepocadigital.com.ar\/wp-content\/uploads\/2025\/06\/bu3-300x200.jpg 300w, https:\/\/revistaepocadigital.com.ar\/wp-content\/uploads\/2025\/06\/bu3-631x420.jpg 631w\" sizes=\"auto, (max-width: 640px) 100vw, 640px\" \/><br \/>\nFranco entren\u00f3 con intensidad en el magn\u00edfico escenario en San Juan, provincia donde el ciclismo tiene gran preponderancia.<\/p>\n","protected":false},"excerpt":{"rendered":"<p>DESDE CHACO A BRASIL.<\/p>\n","protected":false},"author":4,"featured_media":30066,"comment_status":"open","ping_status":"open","sticky":false,"template":"","format":"standard","meta":{"footnotes":"","jetpack_publicize_message":"","jetpack_publicize_feature_enabled":true,"jetpack_social_post_already_shared":true,"jetpack_social_options":{"image_generator_settings":{"template":"highway","default_image_id":0,"font":"","enabled":false},"version":2}},"categories":[15],"tags":[2941,324,37],"class_list":["post-29830","post","type-post","status-publish","format-standard","has-post-thumbnail","hentry","category-lo-que-tenes-que-saber","tag-buchanan","tag-ciclismo","tag-destacada"],"jetpack_publicize_connections":[],"jetpack_featured_media_url":"https:\/\/revistaepocadigital.com.ar\/wp-content\/uploads\/2025\/06\/BUCHA-CHACO.jpeg","jetpack_likes_enabled":true,"_links":{"self":[{"href":"https:\/\/revistaepocadigital.com.ar\/index.php?rest_route=\/wp\/v2\/posts\/29830","targetHints":{"allow":["GET"]}}],"collection":[{"href":"https:\/\/revistaepocadigital.com.ar\/index.php?rest_route=\/wp\/v2\/posts"}],"about":[{"href":"https:\/\/revistaepocadigital.com.ar\/index.php?rest_route=\/wp\/v2\/types\/post"}],"author":[{"embeddable":true,"href":"https:\/\/revistaepocadigital.com.ar\/index.php?rest_route=\/wp\/v2\/users\/4"}],"replies":[{"embeddable":true,"href":"https:\/\/revistaepocadigital.com.ar\/index.php?rest_route=%2Fwp%2Fv2%2Fcomments&post=29830"}],"version-history":[{"count":0,"href":"https:\/\/revistaepocadigital.com.ar\/index.php?rest_route=\/wp\/v2\/posts\/29830\/revisions"}],"wp:featuredmedia":[{"embeddable":true,"href":"https:\/\/revistaepocadigital.com.ar\/index.php?rest_route=\/wp\/v2\/media\/30066"}],"wp:attachment":[{"href":"https:\/\/revistaepocadigital.com.ar\/index.php?rest_route=%2Fwp%2Fv2%2Fmedia&parent=29830"}],"wp:term":[{"taxonomy":"category","embeddable":true,"href":"https:\/\/revistaepocadigital.com.ar\/index.php?rest_route=%2Fwp%2Fv2%2Fcategories&post=29830"},{"taxonomy":"post_tag","embeddable":true,"href":"https:\/\/revistaepocadigital.com.ar\/index.php?rest_route=%2Fwp%2Fv2%2Ftags&post=29830"}],"curies":[{"name":"wp","href":"https:\/\/api.w.org\/{rel}","templated":true}]}}