{"id":29848,"date":"2025-06-30T19:44:57","date_gmt":"2025-06-30T22:44:57","guid":{"rendered":"https:\/\/revistaepocadigital.com.ar\/?p=29848"},"modified":"2025-07-02T21:08:03","modified_gmt":"2025-07-03T00:08:03","slug":"eden-el-invierno-y-el-consumo-de-energia-electrica","status":"publish","type":"post","link":"https:\/\/revistaepocadigital.com.ar\/?p=29848","title":{"rendered":"EDEN. EL INVIERNO, EL CONSUMO DE ENERG\u00cdA EL\u00c9CTRICA Y LAS MEDIDAS A ADOPTAR"},"content":{"rendered":"<p><strong>MOMENTOS PARA TOMAR PREVISIONES.<\/strong><!--more--><\/p>\n<p><iframe loading=\"lazy\" title=\"frio\" width=\"696\" height=\"392\" src=\"https:\/\/www.youtube.com\/embed\/j-71fN6yKhY?feature=oembed\" frameborder=\"0\" allow=\"accelerometer; autoplay; clipboard-write; encrypted-media; gyroscope; picture-in-picture; web-share\" referrerpolicy=\"strict-origin-when-cross-origin\" allowfullscreen><\/iframe><\/p>\n<p><iframe loading=\"lazy\" title=\"frio\" width=\"696\" height=\"392\" src=\"https:\/\/www.youtube.com\/embed\/j-71fN6yKhY?feature=oembed\" frameborder=\"0\" allow=\"accelerometer; autoplay; clipboard-write; encrypted-media; gyroscope; picture-in-picture; web-share\" referrerpolicy=\"strict-origin-when-cross-origin\" allowfullscreen><\/iframe><\/p>\n<p>Ante el vigente alerta meteorol\u00f3gico por la ola de intenso fr\u00edo, EDEN recomend\u00f3 a los usuarios tomar medidas de seguridad:<\/p>\n<p>-Evitar el contacto con cables cortados o instalaciones el\u00e9ctricas expuestas.<br \/>\n-Cortar el suministro desde el interruptor general, en caso que el agua ingresara al hogar.<br \/>\n-Reducir las salidas en veh\u00edculo o a pie durante las horas m\u00e1s fr\u00edas (especialmente en zonas con viento fuerte o calles anegadas), y permanecer resguardados en lugares seguros hasta que mejoren las condiciones<\/p>\n<p>Adem\u00e1s, la compa\u00f1\u00eda subray\u00f3 la importancia de reportar cualquier situaci\u00f3n de riesgo al 0800 999 3336 o por WhatsApp (+54 9 336 452 6944), reforzando su monitoreo del estado del servicio durante el fen\u00f3meno. Seg\u00fan los registros de la empresa en la regi\u00f3n, las temperaturas m\u00ednimas estimadas oscilan entre \u20134\u00b0C y 1\u00b0C, con m\u00e1ximas que no superar\u00edan los 9\u00b0C, por lo que se advierte a la poblaci\u00f3n reforzar las precauciones, abrigarse en m\u00faltiples capas y cuidar de grupos vulnerables como ni\u00f1as\/os, adultos mayores o personas con enfermedades respiratorias.<\/p>\n","protected":false},"excerpt":{"rendered":"<p>MOMENTOS PARA TOMAR PREVISIONES.<\/p>\n","protected":false},"author":3,"featured_media":29884,"comment_status":"open","ping_status":"open","sticky":false,"template":"","format":"standard","meta":{"footnotes":"","jetpack_publicize_message":"","jetpack_publicize_feature_enabled":true,"jetpack_social_post_already_shared":true,"jetpack_social_options":{"image_generator_settings":{"template":"highway","default_image_id":0,"font":"","enabled":false},"version":2}},"categories":[15],"tags":[37,39],"class_list":["post-29848","post","type-post","status-publish","format-standard","has-post-thumbnail","hentry","category-lo-que-tenes-que-saber","tag-destacada","tag-eden"],"jetpack_publicize_connections":[],"jetpack_featured_media_url":"https:\/\/revistaepocadigital.com.ar\/wp-content\/uploads\/2025\/06\/FRIO-GENTE-300x169-1.jpg","jetpack_likes_enabled":true,"_links":{"self":[{"href":"https:\/\/revistaepocadigital.com.ar\/index.php?rest_route=\/wp\/v2\/posts\/29848","targetHints":{"allow":["GET"]}}],"collection":[{"href":"https:\/\/revistaepocadigital.com.ar\/index.php?rest_route=\/wp\/v2\/posts"}],"about":[{"href":"https:\/\/revistaepocadigital.com.ar\/index.php?rest_route=\/wp\/v2\/types\/post"}],"author":[{"embeddable":true,"href":"https:\/\/revistaepocadigital.com.ar\/index.php?rest_route=\/wp\/v2\/users\/3"}],"replies":[{"embeddable":true,"href":"https:\/\/revistaepocadigital.com.ar\/index.php?rest_route=%2Fwp%2Fv2%2Fcomments&post=29848"}],"version-history":[{"count":0,"href":"https:\/\/revistaepocadigital.com.ar\/index.php?rest_route=\/wp\/v2\/posts\/29848\/revisions"}],"wp:featuredmedia":[{"embeddable":true,"href":"https:\/\/revistaepocadigital.com.ar\/index.php?rest_route=\/wp\/v2\/media\/29884"}],"wp:attachment":[{"href":"https:\/\/revistaepocadigital.com.ar\/index.php?rest_route=%2Fwp%2Fv2%2Fmedia&parent=29848"}],"wp:term":[{"taxonomy":"category","embeddable":true,"href":"https:\/\/revistaepocadigital.com.ar\/index.php?rest_route=%2Fwp%2Fv2%2Fcategories&post=29848"},{"taxonomy":"post_tag","embeddable":true,"href":"https:\/\/revistaepocadigital.com.ar\/index.php?rest_route=%2Fwp%2Fv2%2Ftags&post=29848"}],"curies":[{"name":"wp","href":"https:\/\/api.w.org\/{rel}","templated":true}]}}