{"id":29854,"date":"2026-03-12T18:38:40","date_gmt":"2026-03-12T21:38:40","guid":{"rendered":"https:\/\/revistaepocadigital.com.ar\/?p=29854"},"modified":"2026-03-22T00:27:15","modified_gmt":"2026-03-22T03:27:15","slug":"anses-denuncio-a-un-estudio-contable-por-presunto-fraude-con-jubilaciones-en-la-provincia-de-chaco","status":"publish","type":"post","link":"https:\/\/revistaepocadigital.com.ar\/?p=29854","title":{"rendered":"ANSES. CALENDARIOS DE PAGOS EN MARZO"},"content":{"rendered":"<p><strong>INFORMACI\u00d3N \u00daTIL.<\/strong><!--more--><\/p>\n<div class=\"yiv3500803919WordSection1\">\n<div class=\"ab_C k_w D_F H_7bcz en_0 P_2bJhi p_R m_Z14vXdP I_ZkbNhI gl_FM\" role=\"toolbar\" data-test-id=\"message-toolbar\" aria-label=\"Grupo de navegaci\u00f3n del teclado. Usa las flechas para navegar o el tabulador para pasar al siguiente grupo.\">\n<div class=\"D_F em_N gl_C\">\n<div class=\"M_1MYwXA cdPFi_Z1oI2WW C_Z1oI2WW C4_Z29WjXl cdPFi4_Z29WjXl\"><\/div>\n<\/div>\n<\/div>\n<div class=\"iz_A I_ZkbNhI em_0 Z_0\" role=\"main\" data-test-id=\"message-group-view-scroller\" aria-label=\"Vista de mensajes\">\n<div data-test-id=\"focus-group\" aria-label=\"Grupo de navegaci\u00f3n del teclado. Usa las flechas para navegar o el tabulador para pasar al siguiente grupo.\">\n<div class=\"p_R b_2w4lU5 I_ZkbNhI em_N it_689y X_fq7 N_6LEV iu_FJ is_Z2bg7IA iv_0 iv3_dRA cZdTOHS_28Otf4 j_ZUs0f0 message-view\" tabindex=\"40\" data-test-id=\"message-view\" data-test-expanded=\"true\" data-iskeynav=\"true\">\n<div data-test-id=\"message-body-container\">\n<div class=\"I_ZkbNhI D_FY W_6D6F\" data-test-id=\"message-view-body\">\n<div class=\"msg-body P_wpofO mq_AS\" data-test-id=\"message-view-body-content\">\n<div class=\"jb_0 X_6MGW N_6Fd5\">\n<div id=\"yiv1467591262\">\n<div class=\"yiv1467591262WordSection1\">\n<p class=\"yiv1467591262MsoNormal\">ANSES, organismo dependiente del Ministerio de Capital Humano, inform\u00f3 que el martes 10\u00a0 de marzo<b>,<\/b> continuaban los pagos de las Pensiones No Contributivas, jubilaciones y pensiones m\u00ednimas, Asignaci\u00f3n Universal por Hijo y Asignaci\u00f3n Familiar por Hijo; en tanto, inician los de las Asignaciones de Pago \u00danico y Asignaci\u00f3n por Embarazo. Todas las prestaciones tendr\u00e1n el aumento por movilidad del 2,88 por ciento.<\/p>\n<p class=\"yiv1467591262MsoNormal\"><b>Pensiones No Contributivas<\/b><\/p>\n<p class=\"yiv1467591262MsoNormal\">Titulares con documentos terminados en\u00a0<b>2\u00a0<\/b>y<b>\u00a03\u00a0<\/b>cobran su haber y el bono de 70 mil pesos.<\/p>\n<p class=\"yiv1467591262MsoNormal\"><b>Jubilaciones y pensiones que no superen un haber m\u00ednimo<\/b><\/p>\n<p class=\"yiv1467591262MsoNormal\">Titulares con documentos finalizados en\u00a0<b>1<\/b>\u00a0cobran su haber y el bono de 70 mil pesos.<\/p>\n<p class=\"yiv1467591262MsoNormal\"><b>Asignaci\u00f3n Universal por Hijo y Asignaci\u00f3n Familiar por Hijo<\/b><\/p>\n<p class=\"yiv1467591262MsoNormal\">Titulares con documentos concluidos en\u00a0<b>1<\/b>.<b><\/b><\/p>\n<p class=\"yiv1467591262MsoNormal\"><b>\u00a0<\/b><\/p>\n<p class=\"yiv1467591262MsoNormal\"><b>Asignaci\u00f3n por Embarazo<\/b><\/p>\n<p class=\"yiv1467591262MsoNormal\">Titulares con documentos terminados en\u00a0<b>0<\/b>.<\/p>\n<p class=\"yiv1467591262MsoNormal\"><b>Asignaciones de Pago \u00danico (Matrimonio, Nacimiento, Adopci\u00f3n)<\/b><b><\/b><\/p>\n<p class=\"yiv1467591262MsoNormal\">Todas las finalizaciones de documento hasta el 10 de abril.<b><\/b><\/p>\n<div>\n<p class=\"yiv1467591262MsoNormal\"><b>\u00bfC\u00f3mo consultar fecha y medio de cobro?<\/b><\/p>\n<p class=\"yiv1467591262MsoNormal\">1. Desde el sitio web de ANSES, opci\u00f3n\u00a0<a href=\"https:\/\/www.anses.gob.ar\/consultas\/calendario-de-pagos\" target=\"_blank\" rel=\"nofollow noopener noreferrer\"><i>Calendario de pagos<\/i><\/a>.<\/p>\n<p class=\"yiv1467591262MsoNormal\">2. Desde\u00a0<a href=\"https:\/\/servicioscorp.anses.gob.ar\/clavelogon\/logon.aspx?system=miansesv2\" target=\"_blank\" rel=\"nofollow noopener noreferrer\"><i>mi ANSES<\/i><\/a><span class=\"yiv1467591262MsoHyperlink\">,\u00a0<\/span>ingresando CUIL y Clave de la Seguridad Social. Ir a\u00a0<i>Cobros<\/i>, opci\u00f3n\u00a0<i>Consultar fecha<\/i>\u00a0<i>y medio de cobro<\/i>.<\/p>\n<p class=\"yiv1467591262MsoNormal\">3. Desde la\u00a0<a href=\"https:\/\/www.anses.gob.ar\/app-mi-anses\" target=\"_blank\" rel=\"nofollow noopener noreferrer\">app mi ANSES<\/a>, ingresando CUIL y Clave de la Seguridad Social. Ir a\u00a0<i>Mis datos<\/i>, opci\u00f3n\u00a0<i>Mis fechas de cobro<\/i>.<\/p>\n<p class=\"yiv1467591262MsoNormal\">4. A trav\u00e9s de la modalidad\u00a0<a href=\"https:\/\/www.anses.gob.ar\/atencion-virtual\" target=\"_blank\" rel=\"nofollow noopener noreferrer\">Atenci\u00f3n Virtual<\/a>, con CUIL y Clave de la Seguridad Social. Ir a\u00a0<i>Iniciar atenci\u00f3n<\/i>,\u00a0<i>Consultas r\u00e1pidas<\/i>,\u00a0<i>Cu\u00e1ndo y d\u00f3nde cobro<\/i>.<\/p>\n<\/div>\n<p class=\"yiv1467591262MsoNormal\">&#8230;&#8230;&#8230;&#8230;&#8230;&#8230;&#8230;&#8230;.<\/p>\n<\/div>\n<\/div>\n<\/div>\n<\/div>\n<\/div>\n<\/div>\n<\/div>\n<\/div>\n<\/div>\n<p><strong>PAGOS MARZO 2026<\/strong><\/p>\n<p class=\"yiv3908223897MsoNormal\">ANSES, organismo dependiente del Ministerio de Capital Humano, comunic\u00f3 los calendarios de pagos de <b>marzo<\/b>\u00a0para jubilados, pensionados y titulares de Pensiones No Contributivas, Asignaci\u00f3n Universal por Hijo, Asignaciones Familiares, Asignaci\u00f3n por Embarazo, por Prenatal, por Maternidad, de Pago \u00danico y Prestaci\u00f3n por Desempleo.<\/p>\n<p class=\"yiv3908223897MsoNormal\"><b>Jubilaciones y pensiones que no superen un haber m\u00ednimo<\/b><\/p>\n<p class=\"yiv3908223897MsoNormal\">\u2022 DNI terminados en 0: 9 de marzo<\/p>\n<p class=\"yiv3908223897MsoNormal\">\u2022 DNI terminados en 1: 10 de marzo<\/p>\n<p class=\"yiv3908223897MsoNormal\">\u2022 DNI terminados en 2: 11 de marzo<\/p>\n<p class=\"yiv3908223897MsoNormal\">\u2022 DNI terminados en 3: 12 de marzo<\/p>\n<p class=\"yiv3908223897MsoNormal\">\u2022 DNI terminados en 4: 13 de marzo<\/p>\n<p class=\"yiv3908223897MsoNormal\">\u2022 DNI terminados en 5: 16 de marzo<\/p>\n<p class=\"yiv3908223897MsoNormal\">\u2022 DNI terminados en 6: 17 de marzo<\/p>\n<p class=\"yiv3908223897MsoNormal\">\u2022 DNI terminados en 7: 18 de marzo<\/p>\n<p class=\"yiv3908223897MsoNormal\">\u2022 DNI terminados en 8: 19 de marzo<\/p>\n<p class=\"yiv3908223897MsoNormal\">\u2022 DNI terminados en 9: 20 de marzo<\/p>\n<p class=\"yiv3908223897MsoNormal\"><b>\u00a0<\/b><\/p>\n<p class=\"yiv3908223897MsoNormal\"><b>Jubilaciones y pensiones que superen un haber m\u00ednimo<\/b><\/p>\n<p class=\"yiv3908223897MsoNormal\">\u2022 DNI terminados en 0 y 1: 20 de marzo<\/p>\n<p class=\"yiv3908223897MsoNormal\">\u2022 DNI terminados en 2 y 3: 25 de marzo<\/p>\n<p class=\"yiv3908223897MsoNormal\">\u2022 DNI terminados en 4 y 5: 26 de marzo<\/p>\n<p class=\"yiv3908223897MsoNormal\">\u2022 DNI terminados en 6 y 7: 27 de marzo<\/p>\n<p class=\"yiv3908223897MsoNormal\">\u2022 DNI terminados en 8 y 9: 30 de marzo<\/p>\n<p class=\"yiv3908223897MsoNormal\"><b>Asignaci\u00f3n Universal por Hijo y Asignaci\u00f3n Familiar por Hijo<\/b><\/p>\n<p class=\"yiv3908223897MsoNormal\">\u2022 DNI terminados en 0: 9 de marzo<\/p>\n<p class=\"yiv3908223897MsoNormal\">\u2022 DNI terminados en 1: 10 de marzo<\/p>\n<p class=\"yiv3908223897MsoNormal\">\u2022 DNI terminados en 2: 11 de marzo<\/p>\n<p class=\"yiv3908223897MsoNormal\">\u2022 DNI terminados en 3: 12 de marzo<\/p>\n<p class=\"yiv3908223897MsoNormal\">\u2022 DNI terminados en 4: 13 de marzo<\/p>\n<p class=\"yiv3908223897MsoNormal\">\u2022 DNI terminados en 5: 16 de marzo<\/p>\n<p class=\"yiv3908223897MsoNormal\">\u2022 DNI terminados en 6: 17 de marzo<\/p>\n<p class=\"yiv3908223897MsoNormal\">\u2022 DNI terminados en 7: 18 de marzo<\/p>\n<p class=\"yiv3908223897MsoNormal\">\u2022 DNI terminados en 8: 19 de marzo<\/p>\n<p class=\"yiv3908223897MsoNormal\">\u2022 DNI terminados en 9: 20 de marzo<\/p>\n<p class=\"yiv3908223897MsoNormal\"><b>Asignaci\u00f3n por Embarazo<\/b><\/p>\n<p class=\"yiv3908223897MsoNormal\">\u2022 DNI terminados en 0: 10 de marzo<\/p>\n<p class=\"yiv3908223897MsoNormal\">\u2022 DNI terminados en 1: 11 de marzo<\/p>\n<p class=\"yiv3908223897MsoNormal\">\u2022 DNI terminados en 2: 12 de marzo<\/p>\n<p class=\"yiv3908223897MsoNormal\">\u2022 DNI terminados en 3: 13 de marzo<\/p>\n<p class=\"yiv3908223897MsoNormal\">\u2022 DNI terminados en 4: 16 de marzo<\/p>\n<p class=\"yiv3908223897MsoNormal\">\u2022 DNI terminados en 5: 17 de marzo<\/p>\n<p class=\"yiv3908223897MsoNormal\">\u2022 DNI terminados en 6: 18 de marzo<\/p>\n<p class=\"yiv3908223897MsoNormal\">\u2022 DNI terminados en 7: 19 de marzo<\/p>\n<p class=\"yiv3908223897MsoNormal\">\u2022 DNI terminados en 8: 20 de marzo<\/p>\n<p class=\"yiv3908223897MsoNormal\">\u2022 DNI terminados en 9: 25 de marzo<\/p>\n<p class=\"yiv3908223897MsoNormal\"><b>\u00a0<\/b><\/p>\n<p class=\"yiv3908223897MsoNormal\"><b>Asignaci\u00f3n por Prenatal<\/b><\/p>\n<p class=\"yiv3908223897MsoNormal\">\u2022 DNI terminados en 0 y 1: 13 de marzo<\/p>\n<p class=\"yiv3908223897MsoNormal\">\u2022 DNI terminados en 2 y 3: 16 de marzo<\/p>\n<p class=\"yiv3908223897MsoNormal\">\u2022 DNI terminados en 4 y 5: 17 de marzo<\/p>\n<p class=\"yiv3908223897MsoNormal\">\u2022 DNI terminados en 6 y 7: 18 de marzo<\/p>\n<p class=\"yiv3908223897MsoNormal\">\u2022 DNI terminados en 8 y 9: 19 de marzo<\/p>\n<p class=\"yiv3908223897MsoNormal\"><b>\u00a0<\/b><\/p>\n<p class=\"yiv3908223897MsoNormal\"><b>Asignaci\u00f3n por Maternidad<\/b><\/p>\n<p class=\"yiv3908223897MsoNormal\">\u2022 Todas las terminaciones de documento: 13 de marzo al 10 de abril<\/p>\n<p class=\"yiv3908223897MsoNormal\"><b>\u00a0<\/b><\/p>\n<p class=\"yiv3908223897MsoNormal\"><b>Asignaciones Pago \u00danico (Matrimonio, Nacimiento, Adopci\u00f3n)<\/b><\/p>\n<p class=\"yiv3908223897MsoNormal\">\u2022 Todas las terminaciones de documento: 10 de marzo al 10 de abril<\/p>\n<p class=\"yiv3908223897MsoNormal\"><b>Pensiones No Contributivas<\/b><\/p>\n<p class=\"yiv3908223897MsoNormal\">\u2022 DNI terminados en 0 y 1: 9 de marzo<\/p>\n<p class=\"yiv3908223897MsoNormal\">\u2022 DNI terminados en 2 y 3: 10 de marzo<\/p>\n<p class=\"yiv3908223897MsoNormal\">\u2022 DNI terminados en 4 y 5: 11 de marzo<\/p>\n<p class=\"yiv3908223897MsoNormal\">\u2022 DNI terminados en 6 y 7: 12 de marzo<\/p>\n<p class=\"yiv3908223897MsoNormal\">\u2022 DNI terminados en 8 y 9: 13 de marzo<\/p>\n<p class=\"yiv3908223897MsoNormal\"><b>Asignaciones Familiares de Pensiones No Contributivas<\/b><\/p>\n<p class=\"yiv3908223897MsoNormal\">\u2022 Todas las terminaciones de documento: 9 de marzo al 10 de abril<\/p>\n<p class=\"yiv3908223897MsoNormal\"><b>Prestaci\u00f3n por Desempleo<\/b><\/p>\n<p class=\"yiv3908223897MsoNormal\">\u2022 DNI terminados en 0 y 1: 20 de marzo<\/p>\n<p class=\"yiv3908223897MsoNormal\">\u2022 DNI terminados en 2 y 3: 25 de marzo<\/p>\n<p class=\"yiv3908223897MsoNormal\">\u2022 DNI terminados en 4 y 5: 26 de marzo<\/p>\n<p class=\"yiv3908223897MsoNormal\">\u2022 DNI terminados en 6 y 7: 27 de marzo<\/p>\n<p class=\"yiv3908223897MsoNormal\">\u2022 DNI terminados en 8 y 9: 30 de marzo<\/p>\n<p style=\"text-align: center;\"><strong>&#8212;&#8212;&#8212;&#8212;&#8212;&#8212;&#8212;&#8212;<\/strong><\/p>\n<p><strong>CONSULTAS Y TR\u00c1MITES EN LOS OPERATIVOS DE ATENCI\u00d3N DE ANSES<\/strong><\/p>\n<p class=\"yiv3500803919MsoNormal\">ANSES, organismo dependiente del Ministerio de Capital Humano, recuerda que, a trav\u00e9s de operativos de atenci\u00f3n en diferentes ciudades del pa\u00eds, recibe consultas y realiza tr\u00e1mites de la Seguridad Social.<\/p>\n<p class=\"yiv3500803919MsoNormal\">Los interesados pueden acercarse con DNI y la documentaci\u00f3n requerida para realizar gestiones sobre la Asignaci\u00f3n Universal por Hijo y por Embarazo, asignaciones familiares y de pago \u00fanico (Nacimiento, Matrimonio y Adopci\u00f3n), presentaci\u00f3n del certificado escolar, Prestaci\u00f3n por Desempleo, Tarifa Social, cambio de lugar de cobro, designaci\u00f3n de apoderados, generaci\u00f3n de Clave de la Seguridad Social, constancia de empadronamiento a una Obra Social, actualizaci\u00f3n de datos personales, entre otras.<\/p>\n<p class=\"yiv3500803919MsoNormal\">Las ubicaciones, d\u00edas y horarios se pueden consultar desde\u00a0<a href=\"https:\/\/www.anses.gob.ar\/operativos-territoriales\" target=\"_blank\" rel=\"nofollow noopener noreferrer\">aqu\u00ed<\/a>.<\/p>\n<p class=\"yiv3500803919MsoNormal\">\n<\/div>\n<p>&nbsp;<\/p>\n<p style=\"text-align: center;\"><strong>&#8212;&#8212;&#8212;&#8212;&#8212;&#8212;&#8212;&#8212;&#8212;&#8212;-<\/strong><\/p>\n<p>ANSES, organismo dependiente del Ministerio de Capital Humano, comunic\u00f3 los calendarios de pagos de <b>febrero<\/b>\u00a0para jubilados, pensionados y titulares de Pensiones No Contributivas, Asignaci\u00f3n Universal por Hijo, Asignaci\u00f3n por Embarazo, por Prenatal, por Maternidad, Asignaciones Familiares, de Pago \u00danico y Prestaci\u00f3n por Desempleo.<\/p>\n<div class=\"yiv8907160501WordSection1\">\n<p class=\"yiv8907160501MsoNormal\"><b>Jubilaciones y pensiones que no superen un haber m\u00ednimo<\/b><\/p>\n<p class=\"yiv8907160501MsoNormal\">\u2022 DNI terminados en 0: 9 de febrero<\/p>\n<p class=\"yiv8907160501MsoNormal\">\u2022 DNI terminados en 1: 10 de febrero<\/p>\n<p class=\"yiv8907160501MsoNormal\">\u2022 DNI terminados en 2: 11 de febrero<\/p>\n<p class=\"yiv8907160501MsoNormal\">\u2022 DNI terminados en 3: 12 de febrero<\/p>\n<p class=\"yiv8907160501MsoNormal\">\u2022 DNI terminados en 4: 13 de febrero<\/p>\n<p class=\"yiv8907160501MsoNormal\">\u2022 DNI terminados en 5: 18 de febrero<\/p>\n<p class=\"yiv8907160501MsoNormal\">\u2022 DNI terminados en 6 y 7: 19 de febrero<\/p>\n<p class=\"yiv8907160501MsoNormal\">\u2022 DNI terminados en 8 y 9: 20 de febrero<\/p>\n<p class=\"yiv8907160501MsoNormal\"><b>Jubilaciones y pensiones que superen un haber m\u00ednimo<\/b><\/p>\n<p class=\"yiv8907160501MsoNormal\">\u2022 DNI terminados en 0 y 1: 23 de febrero<\/p>\n<p class=\"yiv8907160501MsoNormal\">\u2022 DNI terminados en 2 y 3: 24 de febrero<\/p>\n<p class=\"yiv8907160501MsoNormal\">\u2022 DNI terminados en 4 y 5: 25 de febrero<\/p>\n<p class=\"yiv8907160501MsoNormal\">\u2022 DNI terminados en 6 y 7: 26 de febrero<\/p>\n<p class=\"yiv8907160501MsoNormal\">\u2022 DNI terminados en 8 y 9: 27 de febrero<\/p>\n<p class=\"yiv8907160501MsoNormal\"><b>Asignaci\u00f3n Universal por Hijo y Asignaci\u00f3n Familiar por Hijo<\/b><\/p>\n<p class=\"yiv8907160501MsoNormal\">\u2022 DNI terminados en 0: 9 de febrero<\/p>\n<p class=\"yiv8907160501MsoNormal\">\u2022 DNI terminados en 1: 10 de febrero<\/p>\n<p class=\"yiv8907160501MsoNormal\">\u2022 DNI terminados en 2: 11 de febrero<\/p>\n<p class=\"yiv8907160501MsoNormal\">\u2022 DNI terminados en 3: 12 de febrero<\/p>\n<p class=\"yiv8907160501MsoNormal\">\u2022 DNI terminados en 4: 13 de febrero<\/p>\n<p class=\"yiv8907160501MsoNormal\">\u2022 DNI terminados en 5: 18 de febrero<\/p>\n<p class=\"yiv8907160501MsoNormal\">\u2022 DNI terminados en 6: 19 de febrero<\/p>\n<p class=\"yiv8907160501MsoNormal\">\u2022 DNI terminados en 7: 20 de febrero<\/p>\n<p class=\"yiv8907160501MsoNormal\">\u2022 DNI terminados en 8: 23 de febrero<\/p>\n<p class=\"yiv8907160501MsoNormal\">\u2022 DNI terminados en 9: 24 de febrero<\/p>\n<p class=\"yiv8907160501MsoNormal\"><b>Asignaci\u00f3n por Embarazo<\/b><\/p>\n<p class=\"yiv8907160501MsoNormal\">\u2022 DNI terminados en 0: 10 de febrero<\/p>\n<p class=\"yiv8907160501MsoNormal\">\u2022 DNI terminados en 1: 11 de febrero<\/p>\n<p class=\"yiv8907160501MsoNormal\">\u2022 DNI terminados en 2: 12 de febrero<\/p>\n<p class=\"yiv8907160501MsoNormal\">\u2022 DNI terminados en 3: 13 de febrero<\/p>\n<p class=\"yiv8907160501MsoNormal\">\u2022 DNI terminados en 4: 18 de febrero<\/p>\n<p class=\"yiv8907160501MsoNormal\">\u2022 DNI terminados en 5: 19 de febrero<\/p>\n<p class=\"yiv8907160501MsoNormal\">\u2022 DNI terminados en 6: 20 de febrero<\/p>\n<p class=\"yiv8907160501MsoNormal\">\u2022 DNI terminados en 7: 23 de febrero<\/p>\n<p class=\"yiv8907160501MsoNormal\">\u2022 DNI terminados en 8: 24 de febrero<\/p>\n<p class=\"yiv8907160501MsoNormal\">\u2022 DNI terminados en 9: 25 de febrero<\/p>\n<p class=\"yiv8907160501MsoNormal\"><b>Asignaci\u00f3n por Prenatal<\/b><\/p>\n<p class=\"yiv8907160501MsoNormal\">\u2022 DNI terminados en 0 y 1: 11 de febrero<\/p>\n<p class=\"yiv8907160501MsoNormal\">\u2022 DNI terminados en 2 y 3: 12 de febrero<\/p>\n<p class=\"yiv8907160501MsoNormal\">\u2022 DNI terminados en 4 y 5: 13 de febrero<\/p>\n<p class=\"yiv8907160501MsoNormal\">\u2022 DNI terminados en 6 y 7: 18 de febrero<\/p>\n<p class=\"yiv8907160501MsoNormal\">\u2022 DNI terminados en 8 y 9: 19 de febrero<\/p>\n<p class=\"yiv8907160501MsoNormal\"><b>Asignaci\u00f3n por Maternidad<\/b><\/p>\n<p class=\"yiv8907160501MsoNormal\">\u2022 Todas las terminaciones de documento: 11 de febrero al 12 de marzo<\/p>\n<p class=\"yiv8907160501MsoNormal\"><b>Asignaciones Pago \u00danico (Matrimonio, Nacimiento, Adopci\u00f3n)<\/b><\/p>\n<p class=\"yiv8907160501MsoNormal\">\u2022 Todas las terminaciones de documento: 10 de febrero al 12 de marzo<\/p>\n<p class=\"yiv8907160501MsoNormal\"><b>Pensiones No Contributivas<\/b><\/p>\n<p class=\"yiv8907160501MsoNormal\">\u2022 DNI terminados en 0 y 1: 9 de febrero<\/p>\n<p class=\"yiv8907160501MsoNormal\">\u2022 DNI terminados en 2 y 3: 10 de febrero<\/p>\n<p class=\"yiv8907160501MsoNormal\">\u2022 DNI terminados en 4 y 5: 11 de febrero<\/p>\n<p class=\"yiv8907160501MsoNormal\">\u2022 DNI terminados en 6 y 7: 12 de febrero<\/p>\n<p class=\"yiv8907160501MsoNormal\">\u2022 DNI terminados en 8 y 9: 13 de febrero<\/p>\n<p class=\"yiv8907160501MsoNormal\"><b>Asignaciones Familiares de Pensiones No Contributivas<\/b><\/p>\n<p class=\"yiv8907160501MsoNormal\">\u2022 Todas las terminaciones de documento: 9 de febrero al 12 de marzo<\/p>\n<p class=\"yiv8907160501MsoNormal\"><b>Prestaci\u00f3n por Desempleo<\/b><\/p>\n<p class=\"yiv8907160501MsoNormal\">\u2022 DNI terminados en 0 y 1: 24 de febrero<\/p>\n<p class=\"yiv8907160501MsoNormal\">\u2022 DNI terminados en 2 y 3: 25 de febrero<\/p>\n<p class=\"yiv8907160501MsoNormal\">\u2022 DNI terminados en 4 y 5: 26 de febrero<\/p>\n<p class=\"yiv8907160501MsoNormal\">\u2022 DNI terminados en 6 y 7: 27 de febrero<\/p>\n<p class=\"yiv8907160501MsoNormal\">\u2022 DNI terminados en 8 y 9: 2 de marzo<\/p>\n<p>&#8212;&#8212;&#8212;&#8212;&#8212;&#8212;&#8212;&#8212;&#8212;&#8212;&#8212;&#8212;&#8212;&#8211;<\/p>\n<p>ACCIONES.<!--more--><\/p>\n<div data-test-id=\"message-body-container\">\n<div class=\"&quot;I_Zk&lt;\/p\">\n<div class=\"yiv5806503125WordSection1\">\n<p class=\"yiv5806503125MsoNormal\">ANSES, organismo dependiente del Ministerio de Capital Humano, recuerda que recibe consultas y realiza tr\u00e1mites de la Seguridad Social, a trav\u00e9s de los operativos de atenci\u00f3n en diferentes puntos del pa\u00eds.<\/p>\n<p class=\"yiv5806503125MsoNormal\">Los interesados pueden acercarse con DNI y la documentaci\u00f3n requerida para realizar gestiones sobre la Asignaci\u00f3n Universal por Hijo y por Embarazo, asignaciones familiares y de Pago \u00danico (Nacimiento, Matrimonio y Adopci\u00f3n), presentaci\u00f3n del certificado escolar, Prestaci\u00f3n por Desempleo, cambio de lugar de cobro, designaci\u00f3n de apoderados, generaci\u00f3n de Clave de la Seguridad Social, constancia de empadronamiento a una Obra Social, actualizaci\u00f3n de datos personales, entre otras.<\/p>\n<p class=\"yiv5806503125MsoNormal\">Las ubicaciones, d\u00edas y horarios se pueden consultar desde\u00a0<a href=\"https:\/\/www.anses.gob.ar\/operativos-territoriales\" target=\"_blank\" rel=\"nofollow noopener noreferrer\">aqu\u00ed<\/a>.<\/p>\n<p class=\"yiv5806503125MsoNormal\" style=\"text-align: center;\"><strong>&#8230;&#8230;&#8230;&#8230;&#8230;&#8230;&#8230;&#8230;&#8230;&#8230;&#8230;&#8230;&#8230;&#8230;&#8230;&#8230;&#8230;.<\/strong><\/p>\n<\/div>\n<\/div>\n<\/div>\n<\/div>\n","protected":false},"excerpt":{"rendered":"<p>INFORMACI\u00d3N \u00daTIL.<\/p>\n","protected":false},"author":3,"featured_media":32476,"comment_status":"open","ping_status":"open","sticky":false,"template":"","format":"standard","meta":{"footnotes":"","jetpack_publicize_message":"","jetpack_publicize_feature_enabled":true,"jetpack_social_post_already_shared":true,"jetpack_social_options":{"image_generator_settings":{"template":"highway","default_image_id":0,"font":"","enabled":false},"version":2}},"categories":[81],"tags":[21,3212,2676],"class_list":["post-29854","post","type-post","status-publish","format-standard","has-post-thumbnail","hentry","category-anses","tag-anses","tag-denuncia","tag-operativos"],"jetpack_publicize_connections":[],"jetpack_featured_media_url":"https:\/\/revistaepocadigital.com.ar\/wp-content\/uploads\/2026\/01\/anses_pensionados-1-1.webp","jetpack_likes_enabled":true,"_links":{"self":[{"href":"https:\/\/revistaepocadigital.com.ar\/index.php?rest_route=\/wp\/v2\/posts\/29854","targetHints":{"allow":["GET"]}}],"collection":[{"href":"https:\/\/revistaepocadigital.com.ar\/index.php?rest_route=\/wp\/v2\/posts"}],"about":[{"href":"https:\/\/revistaepocadigital.com.ar\/index.php?rest_route=\/wp\/v2\/types\/post"}],"author":[{"embeddable":true,"href":"https:\/\/revistaepocadigital.com.ar\/index.php?rest_route=\/wp\/v2\/users\/3"}],"replies":[{"embeddable":true,"href":"https:\/\/revistaepocadigital.com.ar\/index.php?rest_route=%2Fwp%2Fv2%2Fcomments&post=29854"}],"version-history":[{"count":7,"href":"https:\/\/revistaepocadigital.com.ar\/index.php?rest_route=\/wp\/v2\/posts\/29854\/revisions"}],"predecessor-version":[{"id":32897,"href":"https:\/\/revistaepocadigital.com.ar\/index.php?rest_route=\/wp\/v2\/posts\/29854\/revisions\/32897"}],"wp:featuredmedia":[{"embeddable":true,"href":"https:\/\/revistaepocadigital.com.ar\/index.php?rest_route=\/wp\/v2\/media\/32476"}],"wp:attachment":[{"href":"https:\/\/revistaepocadigital.com.ar\/index.php?rest_route=%2Fwp%2Fv2%2Fmedia&parent=29854"}],"wp:term":[{"taxonomy":"category","embeddable":true,"href":"https:\/\/revistaepocadigital.com.ar\/index.php?rest_route=%2Fwp%2Fv2%2Fcategories&post=29854"},{"taxonomy":"post_tag","embeddable":true,"href":"https:\/\/revistaepocadigital.com.ar\/index.php?rest_route=%2Fwp%2Fv2%2Ftags&post=29854"}],"curies":[{"name":"wp","href":"https:\/\/api.w.org\/{rel}","templated":true}]}}