{"id":29861,"date":"2025-07-07T19:11:04","date_gmt":"2025-07-07T22:11:04","guid":{"rendered":"https:\/\/revistaepocadigital.com.ar\/?p=29861"},"modified":"2025-07-11T00:13:04","modified_gmt":"2025-07-11T03:13:04","slug":"29861","status":"publish","type":"post","link":"https:\/\/revistaepocadigital.com.ar\/?p=29861","title":{"rendered":"CEPRAL. EN TODOS LOS FRENTES"},"content":{"rendered":"<div>\n<p><strong>MANTENIMIENTO.<!--more--><\/strong><\/p>\n<p><strong>Estimados Usuarios<\/strong><\/p>\n<p>El <strong>MI\u00c9RCOLES 9 DE JULIO entre las 8 y las 13 horas<\/strong>\u00a0estaremos realizando tareas de mantenimiento y reestructuraci\u00f3n sobre la Red de Media Tensi\u00f3n en el\u00a0<strong>tramo El Remanso-Sakura<\/strong>.<\/p>\n<p>Las zonas que podr\u00edan verse afectadas con\u00a0<strong>cortes del Servicio El\u00e9ctrico en el horario de 8 a 13 horas, aproximadamente<\/strong>, \u00a0son los barrios:\u00a0<strong>Pav\u00f3n<\/strong>,\u00a0<strong>Sakura, Nortes de Pilar, Estaci\u00f3n de Servicio YPF, Peaje Larena, Corredor vial y zonas aleda\u00f1as al cruce de la Ruta Nacional N\u00b08 y \u00a0Provincial N\u00b0 6.<\/strong><\/p>\n<p><strong>Solicitamos a los usuarios de las \u00e1reas implicadas hacer un uso racional de energ\u00eda durante dicho tramo horario.<\/strong><\/p>\n<p><strong>\u00a0<\/strong>En caso de condiciones clim\u00e1ticas adversas, se reprogramar\u00e1n las tareas para otro d\u00eda.<\/p>\n<p>\u00a1Muchas Gracias!<\/p>\n<p><strong>Consejo de Administraci\u00f3n<\/strong><\/p>\n<p><strong>CEPRAL<\/strong><\/p>\n<\/div>\n<p>&nbsp;<\/p>\n<p style=\"text-align: center;\"><strong>&#8212;&#8212;&#8212;&#8212;&#8212;&#8212;&#8212;&#8212;&#8212;&#8212;&#8212;&#8212;<\/strong><\/p>\n<p>nota anterior<\/p>\n<p><strong>CA\u00cdDA DE RAMAS.<\/strong><!--more--><\/p>\n<table class=\"yiv9445863887r9-o\" role=\"presentation\" border=\"0\" width=\"100%\" cellspacing=\"0\" cellpadding=\"0\" align=\"left\">\n<tbody>\n<tr>\n<td class=\"yiv9445863887r17-i yiv9445863887nl2go-default-textstyle\" align=\"center\" valign=\"top\">\n<div>\n<p><strong>Barrios Barrio El Remanso y zonas aleda\u00f1as<\/strong><\/p>\n<p style=\"text-align: left;\">El<strong>\u00a07 de julio alrededor de las 15.30 horas se produjo la ca\u00edda de ramas, por tareas que estaban realizando unos podadores en la zona ubicada entre las calles Chamarrita y Golondrina<\/strong>.<\/p>\n<p style=\"text-align: left;\">Desde nuestra Cooperativa venimos solicitando que ante podas de \u00e1rboles de gran porte, por favor se comuniquen con nuestra Administraci\u00f3n para que podamos coordinar la bajada de los cables.<\/p>\n<p style=\"text-align: left;\">De esta manera se puede\u00a0<strong>evitar este tipo de da\u00f1os en la red el\u00e9ctrica que terminan dejando sin Servicios a muchos vecinos del lugar y de zonas aleda\u00f1as, como ocurre en este momento.\u00a0<\/strong><strong>\u00a0\u00a0 \u00a0 \u00a0 \u00a0 \u00a0 \u00a0 \u00a0 \u00a0 \u00a0 \u00a0 \u00a0 \u00a0 \u00a0 \u00a0 \u00a0 \u00a0 \u00a0\u00a0<\/strong><\/p>\n<\/div>\n<\/td>\n<\/tr>\n<\/tbody>\n<\/table>\n<table class=\"yiv9445863887r3-o\" role=\"presentation\" border=\"0\" width=\"550\" cellspacing=\"0\" cellpadding=\"0\" align=\"center\">\n<tbody>\n<tr>\n<td class=\"yiv9445863887r18-i\"><img decoding=\"async\" src=\"https:\/\/ecp.yusercontent.com\/mail?url=https%3A%2F%2F41sau.img.a.d.sendibm1.com%2Fim%2Fsh%2FXoQLVZdh0r3P.jpeg%3Fu%3DWtVElij8PJZGcrw8TYlM3EPRBDVrJBlC&amp;t=1751931824&amp;ymreqid=a1e28384-e738-286e-1c59-9f000301fa00&amp;sig=XRJDh_SfO5FJczxHPbKpHg--~D\" width=\"550\" border=\"0\" \/><\/td>\n<\/tr>\n<\/tbody>\n<\/table>\n<table class=\"yiv9445863887r9-o\" role=\"presentation\" border=\"0\" width=\"100%\" cellspacing=\"0\" cellpadding=\"0\" align=\"left\">\n<tbody>\n<tr>\n<td class=\"yiv9445863887r19-i yiv9445863887nl2go-default-textstyle\" align=\"left\" valign=\"top\">\n<div>\n<p>Nuestras cuadrillas trabajaban en el lugar, pero la reparaci\u00f3n de todos los da\u00f1os ocasionados pod\u00eda llevar m\u00e1s de dos horas de trabajo antes de poder restablecer el servicio.<\/p>\n<p><strong>Los cortes del cableado el\u00e9ctrico pueden ocasionar riesgos en la vida de las personas<\/strong>\u00a0adem\u00e1s de costos econ\u00f3micos.<\/p>\n<p>Como se viene remarc\u00e1ndo: <strong>\u00a1si se puede evitar no es un accidente!<\/strong><\/p>\n<p>\u00a1Muchas Gracias!<\/p>\n<p><strong>Consejo de Administraci\u00f3n<\/strong><\/p>\n<p><strong>CEPRAL<\/strong><\/p>\n<\/div>\n<\/td>\n<\/tr>\n<\/tbody>\n<\/table>\n<table class=\"yiv6347790743r0-o\" role=\"presentation\" border=\"0\" width=\"590\" cellspacing=\"0\" cellpadding=\"0\" align=\"center\">\n<tbody>\n<tr>\n<td class=\"yiv6347790743r1-i\" valign=\"top\">\n<table class=\"yiv6347790743r3-o\" role=\"presentation\" border=\"0\" width=\"100%\" cellspacing=\"0\" cellpadding=\"0\" align=\"center\">\n<tbody>\n<tr>\n<td class=\"yiv6347790743r4-i\">\n<table role=\"presentation\" border=\"0\" width=\"100%\" cellspacing=\"0\" cellpadding=\"0\">\n<tbody>\n<tr>\n<th class=\"yiv6347790743r5-c\" valign=\"top\" width=\"100%\">\n<table class=\"yiv6347790743r6-o\" role=\"presentation\" border=\"0\" width=\"100%\" cellspacing=\"0\" cellpadding=\"0\">\n<tbody>\n<tr>\n<td class=\"yiv6347790743r7-i\" valign=\"top\">\n<table role=\"presentation\" border=\"0\" width=\"100%\" cellspacing=\"0\" cellpadding=\"0\">\n<tbody>\n<tr>\n<td class=\"yiv6347790743r8-c\" align=\"left\">\n<table class=\"yiv6347790743r9-o\" role=\"presentation\" border=\"0\" width=\"100%\" cellspacing=\"0\" cellpadding=\"0\">\n<tbody>\n<tr>\n<td class=\"yiv6347790743r10-i yiv6347790743nl2go-default-textstyle\" align=\"center\" valign=\"top\">\n<div>\n<p><span style=\"color: #ffffff;\">Servicio El\u00e9ctrico\u00a0<\/span><\/p>\n<\/div>\n<\/td>\n<\/tr>\n<\/tbody>\n<\/table>\n<\/td>\n<\/tr>\n<\/tbody>\n<\/table>\n<\/td>\n<\/tr>\n<\/tbody>\n<\/table>\n<\/th>\n<\/tr>\n<\/tbody>\n<\/table>\n<\/td>\n<\/tr>\n<\/tbody>\n<\/table>\n<table class=\"yiv6347790743r11-o\" role=\"presentation\" border=\"0\" width=\"100%\" cellspacing=\"0\" cellpadding=\"0\" align=\"center\">\n<tbody>\n<tr>\n<td class=\"yiv6347790743r12-i\">\n<table role=\"presentation\" border=\"0\" width=\"100%\" cellspacing=\"0\" cellpadding=\"0\">\n<tbody>\n<tr>\n<th class=\"yiv6347790743r5-c\" valign=\"top\" width=\"100%\">\n<table class=\"yiv6347790743r3-o\" role=\"presentation\" border=\"0\" width=\"590\" cellspacing=\"0\" cellpadding=\"0\" align=\"center\">\n<tbody>\n<tr>\n<td class=\"yiv6347790743r13-i\"><img decoding=\"async\" src=\"https:\/\/ecp.yusercontent.com\/mail?url=https%3A%2F%2F41sau.img.a.d.sendibm1.com%2Fim%2Fsh%2FLQFi0QOodd7U.jpg%3Fu%3DWtVElij8PJZGcPbQH8MzxJFB7O82KS38&amp;t=1751606846&amp;ymreqid=a1e28384-e738-286e-1cca-e00001013d00&amp;sig=LeD2Jh8gOEAYLzTO5_3pcQ--~D\" width=\"590\" border=\"0\" \/><\/td>\n<\/tr>\n<\/tbody>\n<\/table>\n<\/th>\n<\/tr>\n<\/tbody>\n<\/table>\n<\/td>\n<\/tr>\n<\/tbody>\n<\/table>\n<table class=\"yiv6347790743r3-o\" role=\"presentation\" border=\"0\" width=\"100%\" cellspacing=\"0\" cellpadding=\"0\" align=\"center\">\n<tbody>\n<tr>\n<td class=\"yiv6347790743r14-i\">\n<table role=\"presentation\" border=\"0\" width=\"100%\" cellspacing=\"0\" cellpadding=\"0\">\n<tbody>\n<tr>\n<th class=\"yiv6347790743r5-c\" valign=\"top\" width=\"100%\">\n<table class=\"yiv6347790743r6-o\" role=\"presentation\" border=\"0\" width=\"100%\" cellspacing=\"0\" cellpadding=\"0\">\n<tbody>\n<tr>\n<td class=\"yiv6347790743r7-i\" valign=\"top\">\n<table role=\"presentation\" border=\"0\" width=\"100%\" cellspacing=\"0\" cellpadding=\"0\">\n<tbody>\n<tr>\n<td class=\"yiv6347790743r8-c\" align=\"left\">\n<table class=\"yiv6347790743r9-o\" role=\"presentation\" border=\"0\" width=\"100%\" cellspacing=\"0\" cellpadding=\"0\">\n<tbody>\n<tr>\n<td class=\"yiv6347790743r10-i yiv6347790743nl2go-default-textstyle\" align=\"center\" valign=\"top\">\n<div>\n<p><strong>CORTES DE ENERG\u00cdA PROGRAMADOS PARA VIERNES 4 DE JULIO DE 2025<\/strong><\/p>\n<\/div>\n<\/td>\n<\/tr>\n<\/tbody>\n<\/table>\n<\/td>\n<\/tr>\n<\/tbody>\n<\/table>\n<\/td>\n<\/tr>\n<\/tbody>\n<\/table>\n<\/th>\n<\/tr>\n<\/tbody>\n<\/table>\n<\/td>\n<\/tr>\n<\/tbody>\n<\/table>\n<table class=\"yiv6347790743r3-o\" role=\"presentation\" border=\"0\" width=\"100%\" cellspacing=\"0\" cellpadding=\"0\" align=\"center\">\n<tbody>\n<tr>\n<td class=\"yiv6347790743r15-i\">\n<table role=\"presentation\" border=\"0\" width=\"100%\" cellspacing=\"0\" cellpadding=\"0\">\n<tbody>\n<tr>\n<th class=\"yiv6347790743r5-c\" valign=\"top\" width=\"100%\">\n<table class=\"yiv6347790743r6-o\" role=\"presentation\" border=\"0\" width=\"100%\" cellspacing=\"0\" cellpadding=\"0\">\n<tbody>\n<tr>\n<td class=\"yiv6347790743r7-i\" valign=\"top\">\n<table role=\"presentation\" border=\"0\" width=\"100%\" cellspacing=\"0\" cellpadding=\"0\">\n<tbody>\n<tr>\n<td class=\"yiv6347790743r8-c\" align=\"left\">\n<table class=\"yiv6347790743r9-o\" role=\"presentation\" border=\"0\" width=\"100%\" cellspacing=\"0\" cellpadding=\"0\">\n<tbody>\n<tr>\n<td class=\"yiv6347790743r10-i yiv6347790743nl2go-default-textstyle\" align=\"center\" valign=\"top\">\n<div>\n<p>&nbsp;<\/p>\n<\/div>\n<\/td>\n<\/tr>\n<\/tbody>\n<\/table>\n<\/td>\n<\/tr>\n<\/tbody>\n<\/table>\n<\/td>\n<\/tr>\n<\/tbody>\n<\/table>\n<\/th>\n<\/tr>\n<\/tbody>\n<\/table>\n<\/td>\n<\/tr>\n<\/tbody>\n<\/table>\n<table class=\"yiv6347790743r3-o\" role=\"presentation\" border=\"0\" width=\"100%\" cellspacing=\"0\" cellpadding=\"0\" align=\"center\">\n<tbody>\n<tr>\n<td class=\"yiv6347790743r14-i\">\n<table role=\"presentation\" border=\"0\" width=\"100%\" cellspacing=\"0\" cellpadding=\"0\">\n<tbody>\n<tr>\n<th class=\"yiv6347790743r5-c\" valign=\"top\" width=\"100%\">\n<table class=\"yiv6347790743r9-o\" role=\"presentation\" border=\"0\" width=\"100%\" cellspacing=\"0\" cellpadding=\"0\" align=\"left\">\n<tbody>\n<tr>\n<td class=\"yiv6347790743r16-i yiv6347790743nl2go-default-textstyle\" align=\"center\" valign=\"top\">\n<div>\n<p>&nbsp;<\/p>\n<p><strong>Estimados Usuarios<\/strong><\/p>\n<p>Comunicamos que HOY<strong>\u00a0VIERNES 4 DE JULIO<\/strong>\u00a0estaremos realizando tareas de mantenimiento y reestructuraci\u00f3n sobre la Red de Media Tensi\u00f3n en el\u00a0<strong>tramo Los Pinos-Sakura<\/strong>.<\/p>\n<p>&nbsp;<\/p>\n<p>Por esta raz\u00f3n, deberemos efectuar un\u00a0<strong>corte del Servicio El\u00e9ctrico en el horario de 11:00 a 13:00 hs. aproximadamente<\/strong>, que afectar\u00e1 a los usuarios de los barrios:\u00a0<strong>Sakura, Nortes de Pilar, Estaci\u00f3n de Servicio, Peaje Larena, El Jag\u00fcel y zona aleda\u00f1as al cruce de la Ruta Nacional N\u00b08 y \u00a0Provincial N\u00b0 6.<\/strong><\/p>\n<p><strong>\u00a0\u00a0<\/strong><\/p>\n<p>En caso de condiciones clim\u00e1ticas adversas, se reprogramar\u00e1n las tareas para otro d\u00eda.<\/p>\n<p>\u00a1Muchas Gracias!<\/p>\n<p><strong>Consejo de Administraci\u00f3n<\/strong><\/p>\n<p><strong>CEPRAL<\/strong><\/p>\n<\/div>\n<\/td>\n<\/tr>\n<\/tbody>\n<\/table>\n<\/th>\n<\/tr>\n<\/tbody>\n<\/table>\n<\/td>\n<\/tr>\n<\/tbody>\n<\/table>\n<\/td>\n<\/tr>\n<\/tbody>\n<\/table>\n<p>&nbsp;<\/p>\n<p style=\"text-align: center;\"><strong>&#8212;&#8212;&#8212;&#8212;&#8212;&#8212;&#8212;&#8212;&#8212;&#8212;&#8212;&#8212;&#8212;-<\/strong><\/p>\n<hr \/>\n<p><strong>CEPRAL EN VARIOS FRENTES<\/strong><\/p>\n<p><strong>PORMENORIZADA INFORMACI\u00d3N VINCULADA A DISTINTAS \u00c1REAS.<\/strong><!--more--><\/p>\n<p>Cepral puso<strong> en funcionamiento su \u00faltima adquisici\u00f3n: El nuevo cami\u00f3n gr\u00faa de \u00faltima generaci\u00f3n adquirido recientemente,. y <\/strong>realizaron tareas de mantenimiento en el barrio Sakura.<\/p>\n<p>Recomendamos hacer un\u00a0<strong>uso eficiente de la energ\u00eda el\u00e9ctrica durante los meses de invierno para<\/strong>\u00a0no aumentar los consumos y\u00a0<strong>evitar altos montos en las pr\u00f3ximas facturas.<\/strong><\/p>\n<p><strong>Sumamos una nueva modalidad de pago<\/strong>\u00a0para nuestras facturas, ya est\u00e1 activo el pago\u00a0<strong>por QR<\/strong>\u00a0que viene impreso en las mismas.<\/p>\n<p><span style=\"color: #008000;\"><em><strong>El s\u00e1bado 5 de julio, en el marco del A\u00f1o Internacional de las Cooperativas, se celebra el D\u00eda Internacional de las Cooperativas.<\/strong><\/em><\/span><\/p>\n<p>Para este a\u00f1o el lema elegido es\u00a0<i><strong>\u00abLas Cooperativas promueven soluciones inclusivas y sostenibles para un mundo mejor\u00bb .\u00a0<\/strong><\/i>Desde Cepral adherimos al mismo, conscientes del lugar que representamos las Cooperativas en aquellos lugares donde las grandes empresas no est\u00e1n dispuestas a desarrollar sus productos y servicios.<\/p>\n<p>Volvemos a recordar<strong>\u00a0la necesidad de que los frentistas realicen el mantenimiento de sus \u00e1rboles y vegetaci\u00f3n para que no invadan el tendido de servicios p\u00fablicos. \u00a0<\/strong>De esta manera<strong>\u00a0se podr\u00e1 evitar que la ca\u00edda de los mismos da\u00f1en las redes dejando sin Servicios a miles de usuarios.<\/strong><\/p>\n<p>Crece nuestra alianza\u00a0<strong>Directv &#8211; Cepral<\/strong>\u00a0para que puedas ver la\u00a0<strong>Copa Mundial de Clubes en directo, con las mejores series y pel\u00edculas tambi\u00e9n.<\/strong><\/p>\n<p><strong>Consejo de Administraci\u00f3n\u00a0<\/strong><br \/>\n<strong>Cepral<\/strong><\/p>\n<p>&nbsp;<\/p>\n<table class=\"yiv6819918774r3-o\" role=\"presentation\" border=\"0\" width=\"550\" cellspacing=\"0\" cellpadding=\"0\" align=\"center\">\n<tbody>\n<tr>\n<td class=\"yiv6819918774r9-i\">\n<table role=\"presentation\" border=\"0\" width=\"100%\" cellspacing=\"0\" cellpadding=\"0\">\n<tbody>\n<tr>\n<td>\n<table class=\"yiv6819918774r9-i\" role=\"presentation\" border=\"0\" width=\"100%\" cellspacing=\"0\" cellpadding=\"0\">\n<tbody>\n<tr>\n<td height=\"0\">\u00ad<\/td>\n<\/tr>\n<\/tbody>\n<\/table>\n<\/td>\n<\/tr>\n<\/tbody>\n<\/table>\n<\/td>\n<\/tr>\n<\/tbody>\n<\/table>\n<table class=\"yiv6819918774r12-o\" role=\"presentation\" border=\"0\" width=\"550\" cellspacing=\"0\" cellpadding=\"0\" align=\"center\">\n<tbody>\n<tr>\n<td class=\"yiv6819918774r13-i\"><img decoding=\"async\" src=\"https:\/\/ecp.yusercontent.com\/mail?url=https%3A%2F%2F41sau.img.a.d.sendibm1.com%2Fim%2Fsh%2FVW6uwI9krWrE.png%3Fu%3DWtVElij8PJZGdKGqfz9i99ZhF2tgHvTG&amp;t=1751320417&amp;ymreqid=a1e28384-e738-286e-1cb5-b90032013700&amp;sig=2szb4RbZ5fR7NnXYxPL3Tw--~D\" width=\"550\" border=\"0\" \/><\/td>\n<\/tr>\n<\/tbody>\n<\/table>\n<table class=\"yiv6819918774r10-o\" role=\"presentation\" border=\"0\" width=\"100%\" cellspacing=\"0\" cellpadding=\"0\" align=\"left\">\n<tbody>\n<tr>\n<td class=\"yiv6819918774r14-i yiv6819918774nl2go-default-textstyle\" align=\"left\" valign=\"top\">\n<div>\n<p><strong>Sumamos otra Modalidad de Pago<\/strong><\/p>\n<p>Para que \u00a0tengas m\u00e1s opciones que agilicen tus tr\u00e0mites,\u00a0<strong>ya est\u00e1 disponible el pago mediante QR<\/strong>. \u00a0Lo encontr\u00e1s impreso al lado de los c\u00f3digos de pago, en el margen inferior derecho de tu factura.<\/p>\n<p>Es muy simple:<\/p>\n<ul>\n<li>Ingresas a tu billetera virtual<\/li>\n<li>Seleccionas Pago por QR<\/li>\n<li>Scaneas el c\u00f3digo en tu factura y listo.<\/li>\n<\/ul>\n<p>\u00a1No te moviste de tu casa y tus servicios ya est\u00e1n pagos!<\/p>\n<p>&#8220;<strong>Porque tu tiempo vale y mucho&#8221;<\/strong><\/p>\n<\/div>\n<\/td>\n<\/tr>\n<\/tbody>\n<\/table>\n<table class=\"yiv6819918774r3-o\" role=\"presentation\" border=\"0\" width=\"550\" cellspacing=\"0\" cellpadding=\"0\" align=\"center\">\n<tbody>\n<tr>\n<td class=\"yiv6819918774r9-i\">\n<table role=\"presentation\" border=\"0\" width=\"100%\" cellspacing=\"0\" cellpadding=\"0\">\n<tbody>\n<tr>\n<td>\n<table class=\"yiv6819918774r9-i\" role=\"presentation\" border=\"0\" width=\"100%\" cellspacing=\"0\" cellpadding=\"0\">\n<tbody>\n<tr>\n<td height=\"0\">\u00ad<\/td>\n<\/tr>\n<\/tbody>\n<\/table>\n<\/td>\n<\/tr>\n<\/tbody>\n<\/table>\n<\/td>\n<\/tr>\n<\/tbody>\n<\/table>\n<table class=\"yiv6819918774r12-o\" role=\"presentation\" border=\"0\" width=\"550\" cellspacing=\"0\" cellpadding=\"0\" align=\"center\">\n<tbody>\n<tr>\n<td class=\"yiv6819918774r13-i\"><img decoding=\"async\" src=\"https:\/\/ecp.yusercontent.com\/mail?url=https%3A%2F%2F41sau.img.a.d.sendibm1.com%2Fim%2Fsh%2FEj62Pk8_iw_k.png%3Fu%3DWtVElij8PJZGdmbYsPY4F4jxIsHVGfBK&amp;t=1751320417&amp;ymreqid=a1e28384-e738-286e-1cb5-b90032013700&amp;sig=j3P5r989e.vh9Hq1J6T9TA--~D\" width=\"550\" border=\"0\" \/><\/td>\n<\/tr>\n<\/tbody>\n<\/table>\n<table class=\"yiv6819918774r10-o\" role=\"presentation\" border=\"0\" width=\"100%\" cellspacing=\"0\" cellpadding=\"0\" align=\"left\">\n<tbody>\n<tr>\n<td class=\"yiv6819918774r15-i yiv6819918774nl2go-default-textstyle\" align=\"left\" valign=\"top\">\n<div>\n<p><strong>Bloqueo del sitio web de Celuapuestas\u00a0<\/strong><\/p>\n<p>Desde nuestros organismos de control nos solicitaron a todos los proveedores del Servicio de Internet que\u00a0<strong>bloquearamos los accesos al sitio de apuestas\u00a0<\/strong><a href=\"https:\/\/41sau.r.a.d.sendibm1.com\/mk\/cl\/f\/sh\/1t6Af4OiGsDg0dtECwUktAHTAZdnnO\/Da_5q8QyzNeA\" target=\"_blank\" rel=\"nofollow noopener noreferrer\"><strong>https:\/\/www1.celuapuestas.io\/<\/strong><\/a>\u00a0. \u00a0Mediante el mismo se estar\u00edan organizando juegos de azar sin contar con la autorizaci\u00f3n pertinente emanada de la autoridad jurisdiccional competente\u201d<\/p>\n<p><strong>Regulaci\u00f3n jur\u00eddica de los juegos <\/strong><i><strong>online<\/strong><\/i><strong>\u00a0de apuestas en Argentina<\/strong><\/p>\n<p>Argentina no tiene una ley nacional sobre juegos en l\u00ednea. Hay 17 provincias que dictaron su propia legislaci\u00f3n. El gran problema consiste en los\u00a0<strong>sitios ilegales que no est\u00e1n sometidos a ning\u00fan control estatal<\/strong>\u00a0haciendo publicidad por redes sociales donde\u00a0<strong>incentivan a los adolescentes para que apuesten su dinero<\/strong>.<\/p>\n<p><strong>Recordamos que los menores de 18 a\u00f1os no pueden participar en apuestas.<\/strong><\/p>\n<\/div>\n<\/td>\n<\/tr>\n<\/tbody>\n<\/table>\n<table class=\"yiv6819918774r3-o\" role=\"presentation\" border=\"0\" width=\"550\" cellspacing=\"0\" cellpadding=\"0\" align=\"center\">\n<tbody>\n<tr>\n<td class=\"yiv6819918774r9-i\">\n<table role=\"presentation\" border=\"0\" width=\"100%\" cellspacing=\"0\" cellpadding=\"0\">\n<tbody>\n<tr>\n<td>\n<table class=\"yiv6819918774r9-i\" role=\"presentation\" border=\"0\" width=\"100%\" cellspacing=\"0\" cellpadding=\"0\">\n<tbody>\n<tr>\n<td height=\"0\">\u00ad<\/td>\n<\/tr>\n<\/tbody>\n<\/table>\n<\/td>\n<\/tr>\n<\/tbody>\n<\/table>\n<\/td>\n<\/tr>\n<\/tbody>\n<\/table>\n<table class=\"yiv6819918774r12-o\" role=\"presentation\" border=\"0\" width=\"550\" cellspacing=\"0\" cellpadding=\"0\" align=\"center\">\n<tbody>\n<tr>\n<td class=\"yiv6819918774r13-i\"><img decoding=\"async\" src=\"https:\/\/ecp.yusercontent.com\/mail?url=https%3A%2F%2F41sau.img.a.d.sendibm1.com%2Fim%2Fsh%2FLZprqQgqjrh-.jpeg%3Fu%3DWtVElij8PJZGeEwH4pwQKzuDMhfKFOtO&amp;t=1751320417&amp;ymreqid=a1e28384-e738-286e-1cb5-b90032013700&amp;sig=fte9Vq7CmVQPrVWVwNQaoQ--~D\" width=\"550\" border=\"0\" \/><\/td>\n<\/tr>\n<\/tbody>\n<\/table>\n<table class=\"yiv6819918774r10-o\" role=\"presentation\" border=\"0\" width=\"100%\" cellspacing=\"0\" cellpadding=\"0\" align=\"left\">\n<tbody>\n<tr>\n<td class=\"yiv6819918774r16-i yiv6819918774nl2go-default-textstyle\" align=\"left\" valign=\"top\">\n<div>\n<p><strong>TELECOMUNICACIONES:\u00a0<\/strong><\/p>\n<p><strong>Mantenimiento de Redes y Postaci\u00f3n:<\/strong><\/p>\n<p><strong>\u00a0Los equipos de Cepral,<\/strong><strong>\u00a0se encuentran realizando tareas de mantenimiento de las redes<\/strong>, retirando cableado de cobre y l\u00edneas en desuso en todos los barrios.<\/p>\n<p>Como as\u00ed tambi\u00e9n estamos renovando postaci\u00f3n y rectificaci\u00f3n de trazas.<\/p>\n<p><strong>Hace d\u00edas, trabajaron sobre Ruta N\u00b0 192 entre Colectora Autov\u00eda N\u00b0 8 y Barrio Arturo Mateo.<\/strong><\/p>\n<\/div>\n<\/td>\n<\/tr>\n<\/tbody>\n<\/table>\n<table class=\"yiv6819918774r3-o\" role=\"presentation\" border=\"0\" width=\"550\" cellspacing=\"0\" cellpadding=\"0\" align=\"center\">\n<tbody>\n<tr>\n<td class=\"yiv6819918774r9-i\">\n<table role=\"presentation\" border=\"0\" width=\"100%\" cellspacing=\"0\" cellpadding=\"0\">\n<tbody>\n<tr>\n<td>\n<table class=\"yiv6819918774r9-i\" role=\"presentation\" border=\"0\" width=\"100%\" cellspacing=\"0\" cellpadding=\"0\">\n<tbody>\n<tr>\n<td height=\"0\">\u00ad<\/td>\n<\/tr>\n<\/tbody>\n<\/table>\n<\/td>\n<\/tr>\n<\/tbody>\n<\/table>\n<\/td>\n<\/tr>\n<\/tbody>\n<\/table>\n<table class=\"yiv6819918774r12-o\" role=\"presentation\" border=\"0\" width=\"550\" cellspacing=\"0\" cellpadding=\"0\" align=\"center\">\n<tbody>\n<tr>\n<td class=\"yiv6819918774r13-i\"><img decoding=\"async\" src=\"https:\/\/ecp.yusercontent.com\/mail?url=https%3A%2F%2F41sau.img.a.d.sendibm1.com%2Fim%2Fsh%2FTO5flPpm1AK2.jpg%3Fu%3DWtVElij8PJZGehGzHGKmQv4TQX39E8bS&amp;t=1751320417&amp;ymreqid=a1e28384-e738-286e-1cb5-b90032013700&amp;sig=155exjHLuVcmbF7wrL6oYw--~D\" width=\"550\" border=\"0\" \/><\/td>\n<\/tr>\n<\/tbody>\n<\/table>\n<table class=\"yiv6819918774r10-o\" role=\"presentation\" border=\"0\" width=\"100%\" cellspacing=\"0\" cellpadding=\"0\" align=\"left\">\n<tbody>\n<tr>\n<td class=\"yiv6819918774r17-i yiv6819918774nl2go-default-textstyle\" align=\"left\" valign=\"top\">\n<div>\n<p><strong>LA NUEVA GR\u00daA\u00a0 SE ENCUENTRA OPERATIVA<\/strong><\/p>\n<p><strong>\u00a0<\/strong>Se puso en funcionamiento la nueva integrante de nuestra flota de camiones gr\u00faa. \u00a0Estuvimos realizando tareas de tendido y mantenimiento de redes en el Barrio Sakura.<\/p>\n<p>Seguimos invirtiendo en pos de mejorar nuestros servicios ante una poblaci\u00f3n en continuo crecimiento.<\/p>\n<p><strong>El cami\u00f3n gr\u00faa es el de mayor porte en todo el Distrito de Exaltaci\u00f3n de la Cruz.<\/strong><\/p>\n<\/div>\n<\/td>\n<\/tr>\n<\/tbody>\n<\/table>\n<table class=\"yiv6819918774r3-o\" role=\"presentation\" border=\"0\" width=\"550\" cellspacing=\"0\" cellpadding=\"0\" align=\"center\">\n<tbody>\n<tr>\n<td class=\"yiv6819918774r9-i\">\n<table role=\"presentation\" border=\"0\" width=\"100%\" cellspacing=\"0\" cellpadding=\"0\">\n<tbody>\n<tr>\n<td>\n<table class=\"yiv6819918774r9-i\" role=\"presentation\" border=\"0\" width=\"100%\" cellspacing=\"0\" cellpadding=\"0\">\n<tbody>\n<tr>\n<td height=\"0\">\u00ad<\/td>\n<\/tr>\n<\/tbody>\n<\/table>\n<\/td>\n<\/tr>\n<\/tbody>\n<\/table>\n<\/td>\n<\/tr>\n<\/tbody>\n<\/table>\n<table class=\"yiv6819918774r12-o\" role=\"presentation\" border=\"0\" width=\"550\" cellspacing=\"0\" cellpadding=\"0\" align=\"center\">\n<tbody>\n<tr>\n<td class=\"yiv6819918774r13-i\"><img decoding=\"async\" src=\"https:\/\/ecp.yusercontent.com\/mail?url=https%3A%2F%2F41sau.img.a.d.sendibm1.com%2Fim%2Fsh%2Fz-MkhrzSPV6x.png%3Fu%3D2BpAyz2gMiWncgU4TYdokwyIBPHkVZ5Me2&amp;t=1751320417&amp;ymreqid=a1e28384-e738-286e-1cb5-b90032013700&amp;sig=cbbQJW05bos1RLYUW1d0DQ--~D\" width=\"550\" border=\"0\" \/><\/td>\n<\/tr>\n<\/tbody>\n<\/table>\n<table class=\"yiv6819918774r3-o\" role=\"presentation\" border=\"0\" width=\"550\" cellspacing=\"0\" cellpadding=\"0\" align=\"center\">\n<tbody>\n<tr>\n<td class=\"yiv6819918774r9-i\">\n<table role=\"presentation\" border=\"0\" width=\"100%\" cellspacing=\"0\" cellpadding=\"0\">\n<tbody>\n<tr>\n<td>\n<table class=\"yiv6819918774r9-i\" role=\"presentation\" border=\"0\" width=\"100%\" cellspacing=\"0\" cellpadding=\"0\">\n<tbody>\n<tr>\n<td height=\"0\">\u00ad<\/td>\n<\/tr>\n<\/tbody>\n<\/table>\n<\/td>\n<\/tr>\n<\/tbody>\n<\/table>\n<\/td>\n<\/tr>\n<\/tbody>\n<\/table>\n<table class=\"yiv6819918774r12-o\" role=\"presentation\" border=\"0\" width=\"550\" cellspacing=\"0\" cellpadding=\"0\" align=\"center\">\n<tbody>\n<tr>\n<td class=\"yiv6819918774r13-i\"><img decoding=\"async\" src=\"https:\/\/ecp.yusercontent.com\/mail?url=https%3A%2F%2F41sau.img.a.d.sendibm1.com%2Fim%2Fsh%2F-Rrn8QmxHXln.jpg%3Fu%3DWtVElij8PJZGf9bhTgj8WqEjUMQyCsJW&amp;t=1751320417&amp;ymreqid=a1e28384-e738-286e-1cb5-b90032013700&amp;sig=DenQMYSBtZ4edCjKP8eQQw--~D\" width=\"550\" border=\"0\" \/><\/td>\n<\/tr>\n<\/tbody>\n<\/table>\n<table class=\"yiv6819918774r10-o\" role=\"presentation\" border=\"0\" width=\"100%\" cellspacing=\"0\" cellpadding=\"0\" align=\"left\">\n<tbody>\n<tr>\n<td class=\"yiv6819918774r11-i yiv6819918774nl2go-default-textstyle\" valign=\"top\">\n<div>\n<p><strong>&#8220;Ahorremos Energ\u00eda y Evitemos<\/strong><\/p>\n<p><strong>Montos Excesivos en Nuestros Consumos&#8221;<\/strong><\/p>\n<p>Ante las bajas temperaturas previstas para este invierno,<strong>\u00a0recomendamos hacer un uso eficiente de la energ\u00eda el\u00e9ctrica. \u00a0Recordamos que los consumos de junio y julio se ver\u00e1n reflejados en las facturas de agosto y septiembre.<\/strong><\/p>\n<p>\u00a1El fr\u00edo no tiene que significar un aumento en tu consumo de energ\u00eda!<\/p>\n<p><strong>Con peque\u00f1os cambios, pod\u00e9s mantener tu hogar c\u00e1lido y ahorrar en tu factura.<\/strong><\/p>\n<p>Pongamos en pr\u00e1ctica estas recomendaciones:<\/p>\n<p><strong>Ajustemos la temperatura de manera inteligente<\/strong><\/p>\n<ul>\n<li>Mant\u00e9n la calefacci\u00f3n entre 18\u00b0C y 23\u00b0C. Cada grado adicional aumenta el consumo energ\u00e9tico.<\/li>\n<li>Usa termostatos programables para regular la temperatura seg\u00fan tus horarios.<\/li>\n<\/ul>\n<p>&nbsp;<\/p>\n<p><strong>Aprovechemos la energ\u00eda solar y la luz natural<\/strong><\/p>\n<p>&nbsp;<\/p>\n<ul>\n<li>Abre cortinas y persianas durante el d\u00eda para que el sol caliente naturalmente tu hogar.<\/li>\n<li>Cierra cortinas al atardecer para conservar el calor.<\/li>\n<\/ul>\n<p><strong>Aislar nuestros hogares<\/strong><\/p>\n<ul>\n<li>Usa burletes en puertas y ventanas para evitar corrientes de aire.<\/li>\n<li>Aseg\u00farate de que puertas y ventanas cierren bien y no permitan la entrada de aire fr\u00edo.<\/li>\n<\/ul>\n<p><strong>Usemos ropa adecuada para mantener el calor corporal<\/strong><\/p>\n<ul>\n<li>Usa varias capas de ropa, mant\u00e9n los pies y las manos abrigados.<\/li>\n<li>Usa mantas y cobijas para reducir la necesidad de subir la calefacci\u00f3n.<\/li>\n<\/ul>\n<p><strong>Optimicemos el uso de la calefacci\u00f3n<\/strong><\/p>\n<ul>\n<li>No dejes la calefacci\u00f3n encendida en habitaciones vac\u00edas.<\/li>\n<li>Apaga o reduce la calefacci\u00f3n cuando duermes o no est\u00e1s en casa.<\/li>\n<li>En caso de hogares y salamandras, extrema los cuidados para evitar incendios.<\/li>\n<\/ul>\n<p><strong>Mantengamos los electrodom\u00e9sticos en buen estado y no sobrecarguemos los enchufes<\/strong><\/p>\n<ul>\n<li>Limpia los filtros de los calefactores y radiadores para que funcionen eficientemente.<\/li>\n<li>Desconecta aparatos que no uses para evitar consumo en modo standby.<\/li>\n<li>No tener varios electrodom\u00e9sticos enchufados en un mismo toma corriente.<\/li>\n<li>Evita el uso de calefactores y caloventores con resistencia.<\/li>\n<\/ul>\n<p>Recordemos que<strong>\u00a0ahorrar energ\u00eda ayuda a reducir costos y a cuidar nuestro planeta.<\/strong><\/p>\n<p><i>Peque\u00f1as acciones diarias suman y contribuyen a un hogar m\u00e1s c\u00e1lido y econ\u00f3mico.<\/i><\/p>\n<\/div>\n<\/td>\n<\/tr>\n<\/tbody>\n<\/table>\n<table class=\"yiv6819918774r3-o\" role=\"presentation\" border=\"0\" width=\"550\" cellspacing=\"0\" cellpadding=\"0\" align=\"center\">\n<tbody>\n<tr>\n<td class=\"yiv6819918774r9-i\">\n<table role=\"presentation\" border=\"0\" width=\"100%\" cellspacing=\"0\" cellpadding=\"0\">\n<tbody>\n<tr>\n<td>\n<table class=\"yiv6819918774r9-i\" role=\"presentation\" border=\"0\" width=\"100%\" cellspacing=\"0\" cellpadding=\"0\">\n<tbody>\n<tr>\n<td height=\"0\">\u00ad<\/td>\n<\/tr>\n<\/tbody>\n<\/table>\n<\/td>\n<\/tr>\n<\/tbody>\n<\/table>\n<\/td>\n<\/tr>\n<\/tbody>\n<\/table>\n<table class=\"yiv6819918774r12-o\" role=\"presentation\" border=\"0\" width=\"550\" cellspacing=\"0\" cellpadding=\"0\" align=\"center\">\n<tbody>\n<tr>\n<td class=\"yiv6819918774r13-i\"><img decoding=\"async\" src=\"https:\/\/ecp.yusercontent.com\/mail?url=https%3A%2F%2F41sau.img.a.d.sendibm1.com%2Fim%2Fsh%2Fltlxv_gH2ZPz.jpeg%3Fu%3DWtVElij8PJZGfbwPg77UclOzYBonBc1a&amp;t=1751320417&amp;ymreqid=a1e28384-e738-286e-1cb5-b90032013700&amp;sig=WiXCvPDv8BwcHDuPUM_WzQ--~D\" width=\"550\" border=\"0\" \/><\/td>\n<\/tr>\n<\/tbody>\n<\/table>\n<table class=\"yiv6819918774r10-o\" role=\"presentation\" border=\"0\" width=\"100%\" cellspacing=\"0\" cellpadding=\"0\" align=\"left\">\n<tbody>\n<tr>\n<td class=\"yiv6819918774r18-i yiv6819918774nl2go-default-textstyle\" align=\"left\" valign=\"top\">\n<div>\n<p><strong>TELECOMUNICACIONES:<\/strong><\/p>\n<p>Estamos realizando tareas de poda para poder avanzar con el tendido de la Red de Fibra \u00d3ptica para brindarle el\u00a0<strong>Servicio de Internet a<\/strong>\u00a0la\u00a0<strong>Escuela N\u00b0 14 de Arroyo de la Cruz<\/strong>.<\/p>\n<p>Avanzamos con el tendido de la<strong>\u00a0Red de Fibra \u00d3ptica en el barrio Las Acacias.<\/strong><\/p>\n<p>Continuamos firmando los convenios para sumar m\u00e1s usuarios de los barrios donde ya est\u00e1 disponible el Servicio Fibra \u00d3ptica en Tu Hogar.<\/p>\n<p>&nbsp;<\/p>\n<p>Recordamos que s\u00f3lo se piden datos de contacto,\u00a0<strong>nunca brindar datos personales como bancarios ni acceder a enlaces<\/strong>. Ante cualquier duda, por favor, comun\u00edquese al 02323 478111\/2.<\/p>\n<\/div>\n<\/td>\n<\/tr>\n<\/tbody>\n<\/table>\n<table class=\"yiv6819918774r3-o\" role=\"presentation\" border=\"0\" width=\"550\" cellspacing=\"0\" cellpadding=\"0\" align=\"center\">\n<tbody>\n<tr>\n<td class=\"yiv6819918774r9-i\">\n<table role=\"presentation\" border=\"0\" width=\"100%\" cellspacing=\"0\" cellpadding=\"0\">\n<tbody>\n<tr>\n<td>\n<table class=\"yiv6819918774r9-i\" role=\"presentation\" border=\"0\" width=\"100%\" cellspacing=\"0\" cellpadding=\"0\">\n<tbody>\n<tr>\n<td height=\"0\">\u00ad<\/td>\n<\/tr>\n<\/tbody>\n<\/table>\n<\/td>\n<\/tr>\n<\/tbody>\n<\/table>\n<\/td>\n<\/tr>\n<\/tbody>\n<\/table>\n<table class=\"yiv6819918774r12-o\" role=\"presentation\" border=\"0\" width=\"550\" cellspacing=\"0\" cellpadding=\"0\" align=\"center\">\n<tbody>\n<tr>\n<td class=\"yiv6819918774r13-i\"><img decoding=\"async\" src=\"https:\/\/ecp.yusercontent.com\/mail?url=https%3A%2F%2F41sau.img.a.d.sendibm1.com%2Fim%2Fsh%2F82qHBVvJn0MU.jpg%3Fu%3DWtVElij8PJZGg4H7sXVqigZFc1CcALje&amp;t=1751320417&amp;ymreqid=a1e28384-e738-286e-1cb5-b90032013700&amp;sig=_WZ0BxTlD2M_8grQ4CsgTg--~D\" width=\"550\" border=\"0\" \/><\/td>\n<\/tr>\n<\/tbody>\n<\/table>\n<table class=\"yiv6819918774r10-o\" role=\"presentation\" border=\"0\" width=\"100%\" cellspacing=\"0\" cellpadding=\"0\" align=\"left\">\n<tbody>\n<tr>\n<td class=\"yiv6819918774r18-i yiv6819918774nl2go-default-textstyle\" align=\"left\" valign=\"top\">\n<div>\n<p><strong>Optimizaci\u00f3n del Servicio Fibra \u00d3ptica en T\u00fa Hogar<\/strong><\/p>\n<p>&nbsp;<\/p>\n<p>Queremos que vivas<strong>\u00a0una mejor experiencia de nuestro Servicio de Internet,<\/strong>\u00a0por eso te compartimos algunos tips que pueden ayudarte:<\/p>\n<p><strong>1. Reinicio del m\u00f3dem tras un corte de energ\u00eda<\/strong><\/p>\n<p>En caso de interrupci\u00f3n del suministro el\u00e9ctrico:<\/p>\n<ul>\n<li>Espera a que se restablezca la energ\u00eda.<\/li>\n<li>Si la se\u00f1al de internet no regresa en un plazo de 10 minutos:\n<ul>\n<li>Desenchufa el m\u00f3dem de la corriente el\u00e9ctrica.<\/li>\n<li>Espera al menos 60 segundos.<\/li>\n<li>Vuelve a enchufarlo y espera a que reinicie completamente.<\/li>\n<\/ul>\n<\/li>\n<\/ul>\n<p><strong>2. Ubicaci\u00f3n del m\u00f3dem<\/strong><\/p>\n<p>Para asegurar una cobertura WiFi \u00f3ptima:<\/p>\n<ul>\n<li>Coloca el m\u00f3dem en una ubicaci\u00f3n\u00a0<strong>central<\/strong>\u00a0del hogar.<\/li>\n<li>Aseg\u00farate de que est\u00e9\u00a0<strong>elevado al menos 1 metro del piso<\/strong>.<\/li>\n<li>Evita colocarlo sobre o cerca de\u00a0<strong>otros aparatos electr\u00f3nicos<\/strong>.<\/li>\n<li>Mant\u00e9n el m\u00f3dem alejado de\u00a0<strong>fuentes de interferencia<\/strong>, como hornos microondas o paredes gruesas.<\/li>\n<\/ul>\n<p><strong>3. Gesti\u00f3n de dispositivos conectados<\/strong><\/p>\n<ul>\n<li>Apaga o desconecta dispositivos que no est\u00e9n en uso para\u00a0<strong>reducir la carga de la red<\/strong>.<\/li>\n<li>Demasiados dispositivos activos simult\u00e1neamente pueden\u00a0<strong>afectar el rendimiento<\/strong>\u00a0general del WiFi.<\/li>\n<\/ul>\n<p><strong>4. Conexi\u00f3n por cable (Ethernet)<\/strong><\/p>\n<p>Para actividades que demandan alta velocidad y baja latencia (como juegos en l\u00ednea, videollamadas o streaming en 4K):<\/p>\n<ul>\n<li>Conecta directamente el dispositivo al m\u00f3dem usando un\u00a0<strong>cable Ethernet Cat 5e o superior<\/strong>.<\/li>\n<li>Esto garantiza\u00a0<strong>estabilidad y mayor velocidad<\/strong>\u00a0de conexi\u00f3n.<\/li>\n<\/ul>\n<p><strong>5. Uso de redes WiFi 2.4 GHz y 5 GHz<\/strong><\/p>\n<p>Los m\u00f3dems Movistar Fibra ofrecen dos bandas WiFi:<\/p>\n<div class=\"yiv6819918774table\">\n<table class=\"yiv6819918774default-table\">\n<thead>\n<tr>\n<th class=\"yiv6819918774table-header yiv6819918774nl2go-default-textstyle\"><strong>Banda<\/strong><\/th>\n<th class=\"yiv6819918774table-header yiv6819918774nl2go-default-textstyle\"><strong>Alcance<\/strong><\/th>\n<th class=\"yiv6819918774table-header yiv6819918774nl2go-default-textstyle\"><strong>Velocidad<\/strong><\/th>\n<th class=\"yiv6819918774table-header yiv6819918774nl2go-default-textstyle\"><strong>Recomendado para&#8230;<\/strong><\/th>\n<\/tr>\n<\/thead>\n<tbody>\n<tr>\n<td class=\"yiv6819918774table-data yiv6819918774nl2go-default-textstyle\">2.4 GHz<\/td>\n<td class=\"yiv6819918774table-data yiv6819918774nl2go-default-textstyle\">\u00a0M\u00e1s amplio<\/td>\n<td class=\"yiv6819918774table-data yiv6819918774nl2go-default-textstyle\">\u00a0Menor<\/td>\n<td class=\"yiv6819918774table-data yiv6819918774nl2go-default-textstyle\">Dispositivos alejados o de baja demanda<\/td>\n<\/tr>\n<tr>\n<td class=\"yiv6819918774table-data yiv6819918774nl2go-default-textstyle\">5 GHz<\/td>\n<td class=\"yiv6819918774table-data yiv6819918774nl2go-default-textstyle\">\u00a0M\u00e1s limitado<\/td>\n<td class=\"yiv6819918774table-data yiv6819918774nl2go-default-textstyle\">\u00a0Mayor<\/td>\n<td class=\"yiv6819918774table-data yiv6819918774nl2go-default-textstyle\">Dispositivos cercanos y de alta demanda<\/td>\n<\/tr>\n<\/tbody>\n<\/table>\n<\/div>\n<p>&nbsp;<\/p>\n<ul>\n<li>Se recomienda utilizar la red de\u00a0<strong>5 GHz<\/strong>\u00a0para obtener mayor velocidad, siempre que el dispositivo sea compatible.<\/li>\n<\/ul>\n<p>&nbsp;<\/p>\n<p><strong>6. Compatibilidad de dispositivos<\/strong><\/p>\n<ul>\n<li>Verifica que tus dispositivos (celulares, laptops, TVs, etc.) sean\u00a0<strong>compatibles con WiFi 5 GHz<\/strong>\u00a0para aprovechar al m\u00e1ximo la conexi\u00f3n.<\/li>\n<li>Equipos antiguos o de gama baja podr\u00edan no soportar esta banda y limitar la velocidad de navegaci\u00f3n.<\/li>\n<\/ul>\n<p>&nbsp;<\/p>\n<p><strong>7. Band Steering (Selecci\u00f3n autom\u00e1tica de banda)<\/strong><\/p>\n<ul>\n<li>El m\u00f3dem Movistar Fibra incluye\u00a0<strong>Band Steering<\/strong>, una funci\u00f3n que\u00a0<strong>permite que el dispositivo se conecte autom\u00e1ticamente a la banda con mejor se\u00f1al (2.4 o 5 GHz)<\/strong>.<\/li>\n<li>Esta funcionalidad requiere que el dispositivo\u00a0<strong>sea compatible<\/strong> con la tecnolog\u00eda de cambio autom\u00e1tico de red.<\/li>\n<\/ul>\n<\/div>\n<\/td>\n<\/tr>\n<\/tbody>\n<\/table>\n<table class=\"yiv6819918774r10-o\" role=\"presentation\" border=\"0\" width=\"100%\" cellspacing=\"0\" cellpadding=\"0\" align=\"left\">\n<tbody>\n<tr>\n<td class=\"yiv6819918774r18-i yiv6819918774nl2go-default-textstyle\" align=\"left\" valign=\"top\">\n<div>\n<p>Seguimos trabajando<strong>\u00a0<\/strong>para tener a<strong>\u00a0todos nuestros barrios conectados con Servicios de Telecomunicaciones con tecnolog\u00eda de avanzada<\/strong>\u00a0para<strong>\u00a0facilitarles su trabajo, estudios y posibilidades de esparcimiento<\/strong>.<\/p>\n<\/div>\n<\/td>\n<\/tr>\n<\/tbody>\n<\/table>\n<table class=\"yiv6819918774r3-o\" role=\"presentation\" border=\"0\" width=\"550\" cellspacing=\"0\" cellpadding=\"0\" align=\"center\">\n<tbody>\n<tr>\n<td class=\"yiv6819918774r9-i\">\n<table role=\"presentation\" border=\"0\" width=\"100%\" cellspacing=\"0\" cellpadding=\"0\">\n<tbody>\n<tr>\n<td>\n<table class=\"yiv6819918774r9-i\" role=\"presentation\" border=\"0\" width=\"100%\" cellspacing=\"0\" cellpadding=\"0\">\n<tbody>\n<tr>\n<td height=\"0\">\u00ad<\/td>\n<\/tr>\n<\/tbody>\n<\/table>\n<\/td>\n<\/tr>\n<\/tbody>\n<\/table>\n<\/td>\n<\/tr>\n<\/tbody>\n<\/table>\n<table class=\"yiv6819918774r12-o\" role=\"presentation\" border=\"0\" width=\"550\" cellspacing=\"0\" cellpadding=\"0\" align=\"center\">\n<tbody>\n<tr>\n<td class=\"yiv6819918774r13-i\"><img decoding=\"async\" src=\"https:\/\/ecp.yusercontent.com\/mail?url=https%3A%2F%2F41sau.img.a.d.sendibm1.com%2Fim%2Fsh%2Ft6fCeGQ5QxpS.png%3Fu%3DWtVElij8PJZGgWbq4xuCobjVfqaR95Ri&amp;t=1751320417&amp;ymreqid=a1e28384-e738-286e-1cb5-b90032013700&amp;sig=lgO.VTbL7dXAi0YwIPEBlQ--~D\" width=\"550\" border=\"0\" \/><\/td>\n<\/tr>\n<\/tbody>\n<\/table>\n<table class=\"yiv6819918774r10-o\" role=\"presentation\" border=\"0\" width=\"100%\" cellspacing=\"0\" cellpadding=\"0\" align=\"left\">\n<tbody>\n<tr>\n<td class=\"yiv6819918774r18-i yiv6819918774nl2go-default-textstyle\" align=\"left\" valign=\"top\">\n<div>\n<p><strong>Consult\u00e1 en nuestra Administraci\u00f3n si quer\u00e9s disfrutar del Servicio\u00a0<\/strong><\/p>\n<p><strong>CEPRAL + DGO.<\/strong><\/p>\n<\/div>\n<\/td>\n<\/tr>\n<\/tbody>\n<\/table>\n<table class=\"yiv6819918774r3-o\" role=\"presentation\" border=\"0\" width=\"550\" cellspacing=\"0\" cellpadding=\"0\" align=\"center\">\n<tbody>\n<tr>\n<td class=\"yiv6819918774r9-i\">\n<table role=\"presentation\" border=\"0\" width=\"100%\" cellspacing=\"0\" cellpadding=\"0\">\n<tbody>\n<tr>\n<td>\n<table class=\"yiv6819918774r9-i\" role=\"presentation\" border=\"0\" width=\"100%\" cellspacing=\"0\" cellpadding=\"0\">\n<tbody>\n<tr>\n<td height=\"0\">\u00ad<\/td>\n<\/tr>\n<\/tbody>\n<\/table>\n<\/td>\n<\/tr>\n<\/tbody>\n<\/table>\n<\/td>\n<\/tr>\n<\/tbody>\n<\/table>\n<table class=\"yiv6819918774r12-o\" role=\"presentation\" border=\"0\" width=\"550\" cellspacing=\"0\" cellpadding=\"0\" align=\"center\">\n<tbody>\n<tr>\n<td class=\"yiv6819918774r13-i\"><img decoding=\"async\" src=\"https:\/\/ecp.yusercontent.com\/mail?url=https%3A%2F%2F41sau.img.a.d.sendibm1.com%2Fim%2Fsh%2FA-keUu4g-Gxt.jpg%3Fu%3D2BpAyz2gMiWncci5QY1rcU4DSlfPmZVsl0&amp;t=1751320417&amp;ymreqid=a1e28384-e738-286e-1cb5-b90032013700&amp;sig=Oxn1LYiyjMwi5nUcleKBiA--~D\" width=\"550\" border=\"0\" \/><\/td>\n<\/tr>\n<\/tbody>\n<\/table>\n<table class=\"yiv6819918774r10-o\" role=\"presentation\" border=\"0\" width=\"100%\" cellspacing=\"0\" cellpadding=\"0\" align=\"left\">\n<tbody>\n<tr>\n<td class=\"yiv6819918774r19-i yiv6819918774nl2go-default-textstyle\" align=\"left\" valign=\"top\">\n<div>\n<p><strong>CAMPA\u00d1A DE PREVENCI\u00d3N DE CIBERESTAFAS<\/strong><\/p>\n<p><strong>Cuidemos nuestro mundo digital<\/strong><\/p>\n<p><strong>&#8220;Ante el Ciberfraude: tu seguridad est\u00e1 en tus manos&#8221;<\/strong><\/p>\n<p>Desde nuestra Cooperativa seguimos alertando a nuestros usuarios para que est\u00e9n muy atentos y no caigan en las trampas de los ciberdelincuentes.<\/p>\n<p>Tener precauci\u00f3n frente a los avisos patrocinados que ofrecen grandes descuentos o premios en l\u00ednea.<\/p>\n<p><strong>\u00bfC\u00f3mo detectar promociones falsas en las redes sociales?<\/strong><\/p>\n<p>Buscar el tilde de verificaci\u00f3n de las cuentas, que puede ser dorada, azul o blanca, de acuerdo a cada red social.<\/p>\n<p>En caso de entidades bancarias, tener en cuenta que nunca pedir\u00e1n que ingrese claves o el Token para acceder a sus promociones.<\/p>\n<p>Desconfi\u00e1 si te piden compartir o ingresar claves para acceder a premios.<\/p>\n<p><strong>Te recordamos que de Cepral nunca te pediremos que ingreses a ning\u00fan link para realizar reclamos o recuperar tus Servicios.<\/strong><\/p>\n<\/div>\n<\/td>\n<\/tr>\n<\/tbody>\n<\/table>\n<table class=\"yiv6819918774r3-o\" role=\"presentation\" border=\"0\" width=\"550\" cellspacing=\"0\" cellpadding=\"0\" align=\"center\">\n<tbody>\n<tr>\n<td class=\"yiv6819918774r9-i\">\n<table role=\"presentation\" border=\"0\" width=\"100%\" cellspacing=\"0\" cellpadding=\"0\">\n<tbody>\n<tr>\n<td>\n<table class=\"yiv6819918774r9-i\" role=\"presentation\" border=\"0\" width=\"100%\" cellspacing=\"0\" cellpadding=\"0\">\n<tbody>\n<tr>\n<td height=\"0\">\u00ad<\/td>\n<\/tr>\n<\/tbody>\n<\/table>\n<\/td>\n<\/tr>\n<\/tbody>\n<\/table>\n<\/td>\n<\/tr>\n<\/tbody>\n<\/table>\n<table class=\"yiv6819918774r12-o\" role=\"presentation\" border=\"0\" width=\"550\" cellspacing=\"0\" cellpadding=\"0\" align=\"center\">\n<tbody>\n<tr>\n<td class=\"yiv6819918774r13-i\"><img decoding=\"async\" src=\"https:\/\/ecp.yusercontent.com\/mail?url=https%3A%2F%2F41sau.img.a.d.sendibm1.com%2Fim%2Fsh%2Fp29wixRVPOkS.jpeg%3Fu%3D2BpAyz2gMiWnceb4x3KqBiWFp5Ta94IchW&amp;t=1751320417&amp;ymreqid=a1e28384-e738-286e-1cb5-b90032013700&amp;sig=bt9PptDMjLKGcxlcSlL_2A--~D\" width=\"550\" border=\"0\" \/><\/td>\n<\/tr>\n<\/tbody>\n<\/table>\n<table class=\"yiv6819918774r10-o\" role=\"presentation\" border=\"0\" width=\"100%\" cellspacing=\"0\" cellpadding=\"0\" align=\"left\">\n<tbody>\n<tr>\n<td class=\"yiv6819918774r20-i yiv6819918774nl2go-default-textstyle\" align=\"left\" valign=\"top\">\n<div>\n<p><strong>CAMPA\u00d1A DE PODA 2025<\/strong><\/p>\n<p>&nbsp;<\/p>\n<p>Recordamos que\u00a0<strong>es responsabilidad de los vecinos frentistas \u00a0tomar los recaudos necesarios para evitar que las ramas de sus \u00e1rboles interfieran en la l\u00ednea de cableado<\/strong>.<\/p>\n<p>&nbsp;<\/p>\n<p>Recomendamos\u00a0<strong>realizar dichas tareas con personal id\u00f3neo y en caso de \u00e1rboles de gran tama\u00f1o, por favor \u00a0comunicarse previamente con nuestra Cooperativa para coordinar la bajada de los cables de la v\u00eda p\u00fablica<\/strong>.<\/p>\n<p>&nbsp;<\/p>\n<p><strong>De esta manera, evitaremos dejar a miles de hogares sin los Servicios de Electricidad y Telecomunicaciones<\/strong>, ante una posible ca\u00edda de \u00e1rboles o ramas.<\/p>\n<p><i><strong>\u00a1Si lo podemos evitar, no es accidente!<\/strong><\/i><\/p>\n<\/div>\n<\/td>\n<\/tr>\n<\/tbody>\n<\/table>\n<p><!--more--><\/p>\n<p><!--more--><\/p>\n<table class=\"yiv6819918774r3-o\" role=\"presentation\" border=\"0\" width=\"100%\" cellspacing=\"0\" cellpadding=\"0\" align=\"center\">\n<tbody>\n<tr>\n<td class=\"yiv6819918774r21-i\">\n<table role=\"presentation\" border=\"0\" width=\"100%\" cellspacing=\"0\" cellpadding=\"0\">\n<tbody>\n<tr>\n<th class=\"yiv6819918774r5-c\" valign=\"top\" width=\"100%\">\n<table class=\"yiv6819918774r10-o\" role=\"presentation\" border=\"0\" width=\"100%\" cellspacing=\"0\" cellpadding=\"0\" align=\"left\">\n<tbody>\n<tr>\n<td class=\"yiv6819918774r11-i yiv6819918774nl2go-default-textstyle\" valign=\"top\">\n<div>\n<p>El Uso Racional de la Energ\u00eda El\u00e9ctrica beneficia a todos.<\/p>\n<\/div>\n<\/td>\n<\/tr>\n<\/tbody>\n<\/table>\n<\/th>\n<\/tr>\n<\/tbody>\n<\/table>\n<\/td>\n<\/tr>\n<\/tbody>\n<\/table>\n<table class=\"yiv6819918774r3-o\" role=\"presentation\" border=\"0\" width=\"100%\" cellspacing=\"0\" cellpadding=\"0\" align=\"center\">\n<tbody>\n<tr>\n<td class=\"yiv6819918774r22-i\">\n<table role=\"presentation\" border=\"0\" width=\"100%\" cellspacing=\"0\" cellpadding=\"0\">\n<tbody>\n<tr>\n<th class=\"yiv6819918774r5-c\" valign=\"top\" width=\"100%\">\n<table class=\"yiv6819918774r6-o\" role=\"presentation\" border=\"0\" width=\"100%\" cellspacing=\"0\" cellpadding=\"0\">\n<tbody>\n<tr>\n<td class=\"yiv6819918774r7-i\" valign=\"top\">\n<table role=\"presentation\" border=\"0\" width=\"100%\" cellspacing=\"0\" cellpadding=\"0\">\n<tbody>\n<tr>\n<td class=\"yiv6819918774r23-c\" align=\"left\">\n<table class=\"yiv6819918774r10-o\" role=\"presentation\" border=\"0\" width=\"100%\" cellspacing=\"0\" cellpadding=\"0\">\n<tbody>\n<tr>\n<td class=\"yiv6819918774r24-i yiv6819918774nl2go-default-textstyle\" align=\"center\" valign=\"top\"><\/td>\n<\/tr>\n<\/tbody>\n<\/table>\n<\/td>\n<\/tr>\n<\/tbody>\n<\/table>\n<\/td>\n<\/tr>\n<\/tbody>\n<\/table>\n<\/th>\n<\/tr>\n<\/tbody>\n<\/table>\n<\/td>\n<\/tr>\n<\/tbody>\n<\/table>\n","protected":false},"excerpt":{"rendered":"<p>MANTENIMIENTO.<\/p>\n","protected":false},"author":3,"featured_media":29862,"comment_status":"open","ping_status":"open","sticky":false,"template":"","format":"standard","meta":{"footnotes":"","jetpack_publicize_message":"","jetpack_publicize_feature_enabled":true,"jetpack_social_post_already_shared":true,"jetpack_social_options":{"image_generator_settings":{"template":"highway","default_image_id":0,"font":"","enabled":false},"version":2}},"categories":[5],"tags":[29,582,848],"class_list":["post-29861","post","type-post","status-publish","format-standard","has-post-thumbnail","hentry","category-aqui-parada-robles","tag-cepral","tag-cortes","tag-informe"],"jetpack_publicize_connections":[],"jetpack_featured_media_url":"https:\/\/revistaepocadigital.com.ar\/wp-content\/uploads\/2025\/06\/cepra-e1751322110292.jpg","jetpack_likes_enabled":true,"_links":{"self":[{"href":"https:\/\/revistaepocadigital.com.ar\/index.php?rest_route=\/wp\/v2\/posts\/29861","targetHints":{"allow":["GET"]}}],"collection":[{"href":"https:\/\/revistaepocadigital.com.ar\/index.php?rest_route=\/wp\/v2\/posts"}],"about":[{"href":"https:\/\/revistaepocadigital.com.ar\/index.php?rest_route=\/wp\/v2\/types\/post"}],"author":[{"embeddable":true,"href":"https:\/\/revistaepocadigital.com.ar\/index.php?rest_route=\/wp\/v2\/users\/3"}],"replies":[{"embeddable":true,"href":"https:\/\/revistaepocadigital.com.ar\/index.php?rest_route=%2Fwp%2Fv2%2Fcomments&post=29861"}],"version-history":[{"count":0,"href":"https:\/\/revistaepocadigital.com.ar\/index.php?rest_route=\/wp\/v2\/posts\/29861\/revisions"}],"wp:featuredmedia":[{"embeddable":true,"href":"https:\/\/revistaepocadigital.com.ar\/index.php?rest_route=\/wp\/v2\/media\/29862"}],"wp:attachment":[{"href":"https:\/\/revistaepocadigital.com.ar\/index.php?rest_route=%2Fwp%2Fv2%2Fmedia&parent=29861"}],"wp:term":[{"taxonomy":"category","embeddable":true,"href":"https:\/\/revistaepocadigital.com.ar\/index.php?rest_route=%2Fwp%2Fv2%2Fcategories&post=29861"},{"taxonomy":"post_tag","embeddable":true,"href":"https:\/\/revistaepocadigital.com.ar\/index.php?rest_route=%2Fwp%2Fv2%2Ftags&post=29861"}],"curies":[{"name":"wp","href":"https:\/\/api.w.org\/{rel}","templated":true}]}}