{"id":29891,"date":"2025-07-02T23:52:04","date_gmt":"2025-07-03T02:52:04","guid":{"rendered":"https:\/\/revistaepocadigital.com.ar\/?p=29891"},"modified":"2025-07-02T23:52:04","modified_gmt":"2025-07-03T02:52:04","slug":"en-la-arena-politica-exaltacrucena-la-temperatura-en-ascenso-le-gana-al-crudo-invierno","status":"publish","type":"post","link":"https:\/\/revistaepocadigital.com.ar\/?p=29891","title":{"rendered":"EN LA ARENA POL\u00cdTICA EXALTACRUCE\u00d1A, LA TEMPERATURA EN ASCENSO LE GANA AL CRUDO INVIERNO"},"content":{"rendered":"<p><strong>EL INTENDENTE NANNI EN LA RECIENTE ENTREVISTA PUBLICADA POR EPOCA, CUANDO SE LE PREGUNT\u00d3 SOBRE LA VERSI\u00d3N QUE HA VENIDO INDICANDO SU CANDIDATURA A DIPUTADO PROVINCIAL, ALUDI\u00d3 AL TRABAJO LLEVADO ADELANTE JUNTO A INTENDENTES DE LA SEGUNDA SECCI\u00d3N, PARA ARRIBAR A ACUERDOS DENTRO DEL JUSTICIALISMO, PARA SUMAR CANDIDATOS A DIPUTADOS POR LA SECCI\u00d3N MENCIONADA.<\/strong><!--more--><\/p>\n<p>En relaci\u00f3n al tema, el exintendente de San Nicol\u00e1s, Manuel Passaglia, uno de los han integrado el grupo de intendentes, confirm\u00f3 su candidatura a diputado provincial por la segunda secci\u00f3n, en representaci\u00f3n del partido HECHOS. Y a prop\u00f3sito, el sitio web Capillaonline, public\u00f3 que comenz\u00f3 el armado de HECHOS en Exaltaci\u00f3n de la Cruz, donde su equipo mantiene conversaciones con referentes locales.<\/p>\n<p>El desembarco del nuevo partido HECHOS, entre otros liderado por el exintendente de San Nicol\u00e1s, Manuel Passaglia, ha comenzado a desarrollarse en Exaltaci\u00f3n de la Cruz. El dirigente confirm\u00f3 oficialmente que encabezar\u00e1 la lista seccional en las elecciones legislativas del 7 de septiembre, y con tal cometido ya sali\u00f3 a recorrer la Segunda Secci\u00f3n Electoral Bonaerense, con la intenci\u00f3n de sumar referentes locales al armado pol\u00edtico.<\/p>\n<p><img loading=\"lazy\" decoding=\"async\" class=\"size-full wp-image-29892\" style=\"text-align: center; color: #222222; font-size: 15px;\" src=\"https:\/\/revistaepocadigital.com.ar\/wp-content\/uploads\/2025\/07\/diez-flores.jpg\" alt=\"\" width=\"370\" height=\"259\" srcset=\"https:\/\/revistaepocadigital.com.ar\/wp-content\/uploads\/2025\/07\/diez-flores.jpg 370w, https:\/\/revistaepocadigital.com.ar\/wp-content\/uploads\/2025\/07\/diez-flores-300x210.jpg 300w, https:\/\/revistaepocadigital.com.ar\/wp-content\/uploads\/2025\/07\/diez-flores-100x70.jpg 100w, https:\/\/revistaepocadigital.com.ar\/wp-content\/uploads\/2025\/07\/diez-flores-200x140.jpg 200w\" sizes=\"auto, (max-width: 370px) 100vw, 370px\" \/><\/p>\n<p>Diez y Flores, quieren jugar en las elecciones.En ese marco, Passaglia estar\u00eda conversando con el dirigente vecinalista Guillermo Flores, ex funcionario, controversial para parte de la poblaci\u00f3n del distrito, con preponderancia en las gestiones municipales extendidas en las \u00faltimas d\u00e9cadas e integrante del partido Defensa Comunal. Flores, indic\u00f3 Capillaonline, recientemente realiz\u00f3 una consulta interna para definir si su fuerza pol\u00edtica, deb\u00eda integrar un frente con otros espacios provinciales. El resultado fue favorable a la conformaci\u00f3n de una alianza, y eso abri\u00f3 la puerta al di\u00e1logo con el flamante espacio HECHOS.<\/p>\n<p>Pero no es el \u00fanico movimiento en la pol\u00edtica local. Tambi\u00e9n trascendi\u00f3 que Patricio Diez, dirigente de origen radical en sus inicios pol\u00edticos, quien se volcara a\u00f1os atr\u00e1s al PRO y luego a Cambiemos y Juntos por el Cambio, liderados en el pa\u00eds por el expresidente Mauricio Macri, y en el terreno local por el actual titular del HCD, Ra\u00fal Sancho hijo, quien se presentara como candidato a intendente en tres ocasiones, y trascendi\u00f3, pretende postularse en 2025 y en 2027 (para intendente). Esa intenci\u00f3n confronta y supuestamente lo ha distanciado de Diez, uno de sus apoyos pol\u00ecticos as\u00ed como el concejal Herling. Situaci\u00f3n que se tensa m\u00e1s al haber trascendido con mucha fuerza el plan de Diez (actual concejal), para presentarse en 2027 como postulante para ser elegido como intendente municipal.<\/p>\n<p><img decoding=\"async\" src=\"https:\/\/diputadosbsas.com.ar\/wp-content\/uploads\/2025\/05\/passaglia-nuevo-partido-hechos-provincia-de-buenos-aires.avif\" \/><\/p>\n<pre>Los hermanos Passaglia en una ocasi\u00f3n de una carrera\nde Turismo Carretera en el Aut\u00f3dromo de San Nicol\u00e1s.<\/pre>\n<p>&nbsp;<\/p>\n<p>Diez, seg\u00fan el sitio web citado, a su vez estar\u00eda en tratativas con el equipo de los Passaglia. Diez busca reagrupar a distintos referentes pol\u00edticos locales heridos, provenientes del PRO, UCR y otros partidos pol\u00edticos locales.<\/p>\n<p>&#8220;Estamos hablando con todos, viendo en cada ciudad la posibilidad de presentar candidatos&#8221;, dijo Passaglia en declaraciones recientes. El mensaje apunta a romper la polarizaci\u00f3n entre La Libertad Avanza-PRO y Uni\u00f3n por la Patria, y posicionar a HECHOS como una opci\u00f3n electoral para en caso de que las urnas le dieran el respaldo, iniciar una etapa de gestiones y acuerdos.<\/p>\n<p>Fuente: Capillaonline.com<\/p>\n","protected":false},"excerpt":{"rendered":"<p>EL INTENDENTE NANNI EN LA RECIENTE ENTREVISTA PUBLICADA POR EPOCA, CUANDO SE LE PREGUNT\u00d3 SOBRE LA VERSI\u00d3N QUE HA VENIDO INDICANDO SU CANDIDATURA A DIPUTADO PROVINCIAL, ALUDI\u00d3 AL TRABAJO LLEVADO ADELANTE JUNTO A INTENDENTES DE LA SEGUNDA SECCI\u00d3N, PARA ARRIBAR A ACUERDOS DENTRO DEL JUSTICIALISMO, PARA SUMAR CANDIDATOS A DIPUTADOS POR LA SECCI\u00d3N MENCIONADA.<\/p>\n","protected":false},"author":3,"featured_media":29895,"comment_status":"open","ping_status":"open","sticky":false,"template":"","format":"standard","meta":{"footnotes":"","jetpack_publicize_message":"","jetpack_publicize_feature_enabled":true,"jetpack_social_post_already_shared":true,"jetpack_social_options":{"image_generator_settings":{"template":"highway","default_image_id":0,"font":"","enabled":false},"version":2}},"categories":[17],"tags":[2978,3216],"class_list":["post-29891","post","type-post","status-publish","format-standard","has-post-thumbnail","hentry","category-politica","tag-elecciones-2025","tag-movimientos-politicos"],"jetpack_publicize_connections":[],"jetpack_featured_media_url":"https:\/\/revistaepocadigital.com.ar\/wp-content\/uploads\/2025\/07\/diez-flores-1.jpg","jetpack_likes_enabled":true,"_links":{"self":[{"href":"https:\/\/revistaepocadigital.com.ar\/index.php?rest_route=\/wp\/v2\/posts\/29891","targetHints":{"allow":["GET"]}}],"collection":[{"href":"https:\/\/revistaepocadigital.com.ar\/index.php?rest_route=\/wp\/v2\/posts"}],"about":[{"href":"https:\/\/revistaepocadigital.com.ar\/index.php?rest_route=\/wp\/v2\/types\/post"}],"author":[{"embeddable":true,"href":"https:\/\/revistaepocadigital.com.ar\/index.php?rest_route=\/wp\/v2\/users\/3"}],"replies":[{"embeddable":true,"href":"https:\/\/revistaepocadigital.com.ar\/index.php?rest_route=%2Fwp%2Fv2%2Fcomments&post=29891"}],"version-history":[{"count":0,"href":"https:\/\/revistaepocadigital.com.ar\/index.php?rest_route=\/wp\/v2\/posts\/29891\/revisions"}],"wp:featuredmedia":[{"embeddable":true,"href":"https:\/\/revistaepocadigital.com.ar\/index.php?rest_route=\/wp\/v2\/media\/29895"}],"wp:attachment":[{"href":"https:\/\/revistaepocadigital.com.ar\/index.php?rest_route=%2Fwp%2Fv2%2Fmedia&parent=29891"}],"wp:term":[{"taxonomy":"category","embeddable":true,"href":"https:\/\/revistaepocadigital.com.ar\/index.php?rest_route=%2Fwp%2Fv2%2Fcategories&post=29891"},{"taxonomy":"post_tag","embeddable":true,"href":"https:\/\/revistaepocadigital.com.ar\/index.php?rest_route=%2Fwp%2Fv2%2Ftags&post=29891"}],"curies":[{"name":"wp","href":"https:\/\/api.w.org\/{rel}","templated":true}]}}