{"id":2990,"date":"2019-08-05T23:48:07","date_gmt":"2019-08-06T02:48:07","guid":{"rendered":"https:\/\/revistaepocadigital.com.ar\/?p=2990"},"modified":"2019-08-06T00:14:45","modified_gmt":"2019-08-06T03:14:45","slug":"paso-2019-diego-nanni-pre-candidato-a-intendente-por-el-frente-de-todos-tengo-una-formacion-familiar-de-compromiso-social-y-de-compromiso-con-el-pueblo","status":"publish","type":"post","link":"https:\/\/revistaepocadigital.com.ar\/?p=2990","title":{"rendered":"PASO 2019. Diego Nanni, pre-candidato a intendente por el Frente de Todos.  &#8220;Tengo una formaci\u00f3n familiar de compromiso social y de compromiso con el pueblo&#8221;"},"content":{"rendered":"<p><strong>PRIMER EX\u00c1MEN.<\/strong><!--more--><\/p>\n<p>La primera compulsa ante las urnas, las PASO. La instancia esperada que marca el inicio de las cruciales decisiones que adoptar\u00e1n los argentinos para elegir presidente, gobernador, legisladores, intendentes y concejales.<strong> Diego Nanni,<\/strong> actual secretario de gobierno de la comuna habl\u00f3 con EPOCA.<\/p>\n<p>-\u00bfPor que piensa que va a ganar las PASO?<\/p>\n<p><em>-Porque vengo trabajando fuerte y muy cerca del vecino, pudiendo hacerme conocer por todos. Porque siento que tenemos ese entendimiento necesario, para que conf\u00eden en m\u00ed acerca de que me he venido preparando y hoy tengo la posibilidad de administrar las decisiones del gobierno municipal en su totalidad, con el enfoque y perfil que la gente me conoce. Recibo la aceptaci\u00f3n de la gente en sus distintas manifestaciones, y conf\u00edo en que van a acompa\u00f1arme y apoyarme en las elecciones.<\/em><\/p>\n<p>-\u00bfPor que raz\u00f3n la gente de Exaltaci\u00f3n de la Cruz deber\u00eda votarlo?<\/p>\n<p><em>-Mucho de lo que coment\u00e9 anteriormente tiene que ver con esta pregunta. Sumar\u00eda que creo tener la experiencia por m\u00ed labor diaria en el gobierno municipal como secretario de gobierno durante cinco a\u00f1os. Cuento con elconocimiento concreto de c\u00f3mo llevar adelante la gesti\u00f3n, y tambi\u00e9n se d\u00f3nde tenemos que mejorar, en este sentido, siendo intendente tendr\u00e9 m\u00e1s manejo en la planificaci\u00f3n de pol\u00edticas de gobierno. Y lo otro muy importante que resalto, es que he demostrado que soy una persona que trabaja para lograr consensos, tanto con los vecinos como con los referentes de otros espacios pol\u00edticos que me acompa\u00f1an. Esto hace que tengamos una apertura mayor, para interpretar lo que nuestro distrito demanda y no nos quedamos con la mirada mezquina de un solo int\u00e9rprete.<\/em><\/p>\n<p>-\u00bfTeme que la situacion general en el pa\u00eds, pueda incidir a favor en la intencion de voto con la que cuente?<br \/>\n<em>-Debiera ser al rev\u00e9s, desde el municipio hemos sabido llevar adelante una gesti\u00f3n prolija e inclusiva, a\u00fan cuando la coyuntura provincial y nacional siempre han tirado a menos todos los planes de gobierno. Somos por ejemplo, quienes respaldamos a cada persona de la tercera edad cuando se ajustaron las prestaciones en pr\u00e1cticas y remedios desde la cobertura de salud nacional; a su vez hemos desarrollado un sistema de salud de alta complejidad gratuito para todos los exaltacrucenses.<\/em><br \/>\n<em>La inflaci\u00f3n pulveriz\u00f3 el salario de la gente, e hizo que los costos operativos de la municipalidad se multiplicaran al doble, sin embargo no hemos tenido despidos y acomodamos siempre el sueldo del empleado, aunque no haya acompa\u00f1ado el aumento del costo de vida. Podr\u00eda ofrecer muchos m\u00e1s ejemplos de lo que supo soportar la administraci\u00f3n municipal cuando desde la Provincia y Naci\u00f3n, implementaron pol\u00edticas que expulsaron a la gente del sistema.<\/em><\/p>\n<p>-\u00bfCual es el problema mas serio que afronta el partido de Exaltaci\u00f3n de la Cruz?<br \/>\n<em>-El problema habitacional. Sin dudas la p\u00e9rdida de trabajo, de poder adquisitivo del asalariado, la baja en la actividad comercial y el aumento desproporcionado de los alquileres, y m\u00e1s a\u00fan de los inmuebles al momento de la compra, han hecho que la gente quede acorralada por no decir en la calle.<\/em><\/p>\n<figure id=\"attachment_2993\" aria-describedby=\"caption-attachment-2993\" style=\"width: 960px\" class=\"wp-caption aligncenter\"><img loading=\"lazy\" decoding=\"async\" class=\"size-full wp-image-2993\" src=\"https:\/\/revistaepocadigital.com.ar\/wp-content\/uploads\/2019\/08\/NANNI-ORLANDO-SANTILLAN.jpg\" alt=\"\" width=\"960\" height=\"502\" srcset=\"https:\/\/revistaepocadigital.com.ar\/wp-content\/uploads\/2019\/08\/NANNI-ORLANDO-SANTILLAN.jpg 960w, https:\/\/revistaepocadigital.com.ar\/wp-content\/uploads\/2019\/08\/NANNI-ORLANDO-SANTILLAN-300x157.jpg 300w, https:\/\/revistaepocadigital.com.ar\/wp-content\/uploads\/2019\/08\/NANNI-ORLANDO-SANTILLAN-768x402.jpg 768w, https:\/\/revistaepocadigital.com.ar\/wp-content\/uploads\/2019\/08\/NANNI-ORLANDO-SANTILLAN-696x364.jpg 696w, https:\/\/revistaepocadigital.com.ar\/wp-content\/uploads\/2019\/08\/NANNI-ORLANDO-SANTILLAN-803x420.jpg 803w\" sizes=\"auto, (max-width: 960px) 100vw, 960px\" \/><figcaption id=\"caption-attachment-2993\" class=\"wp-caption-text\">Nanni junto a Agust\u00edn Orlando y Norma Santill\u00e1n, en la reuni\u00f3n del Club de Leones, en la que Orlando asumi\u00f3 como gobernador del distrito leon\u00edstico.<\/figcaption><\/figure>\n<p>-\u00bfQue factor considera que juega un papel clave a la hora que los vecinos emitan su voto?<\/p>\n<p><em>-Clave va a ser que quienes se proponen para ocupar el cargo de intendente y sus legisladores, tengan los fundamentos para que la gente puede creer que el candidato es capaz de cumplir con lo que propone. La gente la est\u00e1 pasando mal, por eso el 11 de diciembre necesita renovar esperanzas en relaci\u00f3n a que quien llegue a la administraci\u00f3n del municipio, sepa llevar adelante la gesti\u00f3n con convicci\u00f3n y mucho esfuerzo hasta que la situaci\u00f3n mejore.<\/em><\/p>\n<p>-\u00bfEn que se diferencia su candidatura del resto de candidatos a intendente en Exaltaci\u00f3n de la Cruz?<\/p>\n<p><em>-Insisto, en la experiencia, en conocer c\u00f3mo gestionar y no crear falsas expectativas; en tener una formaci\u00f3n familiar de compromiso social y de compromiso con el pueblo.<\/em><\/p>\n<p>-\u00bfC\u00f3mo puede jugar el resultado de las PASO en las elecciones de octubre?<\/p>\n<p><em>-El resultado de las PASO simplemente va a ordenar, en el caso del Frente de Todos, como vamos a encarar la elecci\u00f3n de octubre. Las primarias, en esta ocasi\u00f3n, pueden marcar una tendencia pero no van a reflejar las distancias num\u00e9ricas de votos entre las dos propuestas m\u00e1s firmes que son el Frente de Todos y Juntos por el Cambio. Creo que el resultado de las PASO, tiene que ser tomado para planificar la campa\u00f1a de caras a octubre, tiene m\u00e1s que ver con la estrategia electoral y no con la voluntad de la gente. La gente ya tiene su voto definido en ese sentido.<\/em><\/p>\n","protected":false},"excerpt":{"rendered":"<p>PRIMER EX\u00c1MEN.<\/p>\n","protected":false},"author":4,"featured_media":3005,"comment_status":"open","ping_status":"open","sticky":false,"template":"","format":"standard","meta":{"footnotes":"","jetpack_publicize_message":"","jetpack_publicize_feature_enabled":true,"jetpack_social_post_already_shared":false,"jetpack_social_options":{"image_generator_settings":{"template":"highway","default_image_id":0,"font":"","enabled":false},"version":2}},"categories":[17],"tags":[430],"class_list":["post-2990","post","type-post","status-publish","format-standard","has-post-thumbnail","hentry","category-politica","tag-paso-2019-nanni"],"jetpack_publicize_connections":[],"jetpack_featured_media_url":"https:\/\/revistaepocadigital.com.ar\/wp-content\/uploads\/2019\/08\/nanni-8-19.jpg","jetpack_likes_enabled":true,"_links":{"self":[{"href":"https:\/\/revistaepocadigital.com.ar\/index.php?rest_route=\/wp\/v2\/posts\/2990","targetHints":{"allow":["GET"]}}],"collection":[{"href":"https:\/\/revistaepocadigital.com.ar\/index.php?rest_route=\/wp\/v2\/posts"}],"about":[{"href":"https:\/\/revistaepocadigital.com.ar\/index.php?rest_route=\/wp\/v2\/types\/post"}],"author":[{"embeddable":true,"href":"https:\/\/revistaepocadigital.com.ar\/index.php?rest_route=\/wp\/v2\/users\/4"}],"replies":[{"embeddable":true,"href":"https:\/\/revistaepocadigital.com.ar\/index.php?rest_route=%2Fwp%2Fv2%2Fcomments&post=2990"}],"version-history":[{"count":0,"href":"https:\/\/revistaepocadigital.com.ar\/index.php?rest_route=\/wp\/v2\/posts\/2990\/revisions"}],"wp:featuredmedia":[{"embeddable":true,"href":"https:\/\/revistaepocadigital.com.ar\/index.php?rest_route=\/wp\/v2\/media\/3005"}],"wp:attachment":[{"href":"https:\/\/revistaepocadigital.com.ar\/index.php?rest_route=%2Fwp%2Fv2%2Fmedia&parent=2990"}],"wp:term":[{"taxonomy":"category","embeddable":true,"href":"https:\/\/revistaepocadigital.com.ar\/index.php?rest_route=%2Fwp%2Fv2%2Fcategories&post=2990"},{"taxonomy":"post_tag","embeddable":true,"href":"https:\/\/revistaepocadigital.com.ar\/index.php?rest_route=%2Fwp%2Fv2%2Ftags&post=2990"}],"curies":[{"name":"wp","href":"https:\/\/api.w.org\/{rel}","templated":true}]}}