{"id":29906,"date":"2025-07-09T01:49:03","date_gmt":"2025-07-09T04:49:03","guid":{"rendered":"https:\/\/revistaepocadigital.com.ar\/?p=29906"},"modified":"2025-07-10T01:43:06","modified_gmt":"2025-07-10T04:43:06","slug":"adios-a-la-ansv-y-mas-cambios-en-seguridad-vial","status":"publish","type":"post","link":"https:\/\/revistaepocadigital.com.ar\/?p=29906","title":{"rendered":"Adi\u00f3s a la ANSV y m\u00e1s cambios en seguridad vial"},"content":{"rendered":"<h5 class=\"yiv0588804029post-name\"><strong><img loading=\"lazy\" decoding=\"async\" class=\"aligncenter size-full wp-image-29950\" src=\"https:\/\/revistaepocadigital.com.ar\/wp-content\/uploads\/2025\/07\/seg-vial-j.jpg\" alt=\"\" width=\"300\" height=\"168\" \/>\u00bfQui\u00e9n toma <span style=\"color: #000000;\">el<\/span> control del tr\u00e1nsito?<\/strong><\/h5>\n<p><!--more--><\/p>\n<p>El Gobierno nacional, en sus \u00faltimas horas con facultades delegadas, elimin\u00f3 la\u00a0<strong>Agencia Nacional de Seguridad Vial (ANSV)<\/strong>, junto a la\u00a0<strong>Direcci\u00f3n Nacional de Vialidad<\/strong>\u00a0y la\u00a0<strong>Comisi\u00f3n Nacional del Tr\u00e1nsito y Seguridad Vial (CNTySV)<\/strong>, seg\u00fan anunciaron Federico Sturzenegger y Manuel Adorni en conferencia de prensa.<\/p>\n<p>La ANSV, creada en 2008 tras la Ley 26.363 impulsada por Cristina Kirchner, centraliz\u00f3 licencias, campa\u00f1as viales, registro de infracciones y coordinaba con la CNRT y Vialidad para reducir la siniestralidad.<\/p>\n<hr class=\"yiv0588804029wp-block-separator yiv0588804029has-alpha-channel-opacity\" \/>\n<h2 class=\"yiv0588804029wp-block-heading\">Gendarmer\u00eda asumir\u00e1 los controles viales<\/h2>\n<p>Seg\u00fan Adorni, \u201cla ANSV no pod\u00eda controlar el tr\u00e1nsito sin apoyo policial\u201d, por lo que ahora\u00a0<strong>Gendarmer\u00eda Nacional<\/strong>\u00a0se har\u00e1 cargo de inspecciones en 80.000 puntos anuales, un volumen de 2,5\u202fmillones de veh\u00edculos interdictados.<\/p>\n<hr class=\"yiv0588804029wp-block-separator yiv0588804029has-alpha-channel-opacity\" \/>\n<h2 class=\"yiv0588804029wp-block-heading\">Nueva estructura: licencias y licitaciones fiscales<\/h2>\n<ul class=\"yiv0588804029wp-block-list\">\n<li>La futura\u00a0<strong>Agencia de Control de Concesiones y Servicios P\u00fablicos de Transporte<\/strong>\u00a0fusionar\u00e1 funciones de CNRT y CNTySV, centralizando otorgamiento y control de rutas, trenes y transporte automotor.<\/li>\n<li>La\u00a0<strong>Secretar\u00eda de Transporte<\/strong>\u00a0pasar\u00e1 a manejar licencias, normas y prevenci\u00f3n general.<\/li>\n<li>El INTI pierde independencia y se integrar\u00e1 a la Secretar\u00eda de Industria.<\/li>\n<\/ul>\n<hr class=\"yiv0588804029wp-block-separator yiv0588804029has-alpha-channel-opacity\" \/>\n<h2 class=\"yiv0588804029wp-block-heading\">Motivos y cr\u00edticas al desmantelamiento<\/h2>\n<p>El Gobierno argumenta que se trat\u00f3 de un proceso de\u00a0<strong>desburocratizaci\u00f3n, centralizaci\u00f3n del control y eficiencia presupuestaria<\/strong>, estimando un ahorro de US$\u202f2.000 millones anuales .<\/p>\n<p>Pero sindicatos y sectores t\u00e9cnicos alertan por los riesgos: la p\u00e9rdida de\u00a0<strong>campa\u00f1as educativas, observatorio vial, datos estad\u00edsticos<\/strong>\u00a0y gesti\u00f3n preventiva podr\u00eda aumentar la siniestralidad.<\/p>\n<hr class=\"yiv0588804029wp-block-separator yiv0588804029has-alpha-channel-opacity\" \/>\n<h2 class=\"yiv0588804029wp-block-heading\">An\u00e1lisis profesional<\/h2>\n<ol class=\"yiv0588804029wp-block-list\">\n<li><strong>Cuidado con el vac\u00edo institucional<\/strong>: al eliminar los tres organismos, se concentran poderes en fuerzas de seguridad y agencias, reduciendo capacidad t\u00e9cnica y federal para pol\u00edticas de seguridad vial.<\/li>\n<li><strong>Control policial vs educaci\u00f3n vial<\/strong>: que Gendarmer\u00eda controle infracciones puede frenar la prevenci\u00f3n pedag\u00f3gica que antes realizaba la ANSV.<\/li>\n<li><strong>Planificaci\u00f3n vial en riesgo<\/strong>: sin direcci\u00f3n nacional de vialidad, provincias y municipios deber\u00e1n cubrir fondos y dise\u00f1o de rutas, lo que vulnera coherencia federal.<\/li>\n<li><strong>Reto del sistema federal<\/strong>: la estructura creada en 2008 logr\u00f3 estad\u00edsticas m\u00e1s unificadas; su desaparici\u00f3n podr\u00eda fragmentar datos e impida visibilidad real de siniestralidad.<\/li>\n<\/ol>\n<hr class=\"yiv0588804029wp-block-separator yiv0588804029has-alpha-channel-opacity\" \/>\n<p>La eliminaci\u00f3n de la\u00a0<strong>Agencia Nacional de Seguridad Vial<\/strong>\u00a0subraya una mirada orientada a reducir el Estado y a confiar en la seguridad por fuerza, en lugar de la prevenci\u00f3n participativa. El desaf\u00edo inmediato ser\u00e1 evaluar si la apuesta centralizada mejora controles sin comprometer campa\u00f1as, observatorios y reducci\u00f3n de muertes viales.<\/p>\n<p>&nbsp;<\/p>\n<div><\/div>\n","protected":false},"excerpt":{"rendered":"<p>\u00bfQui\u00e9n toma el control del tr\u00e1nsito?<\/p>\n","protected":false},"author":3,"featured_media":29976,"comment_status":"open","ping_status":"open","sticky":false,"template":"","format":"standard","meta":{"footnotes":"","jetpack_publicize_message":"","jetpack_publicize_feature_enabled":true,"jetpack_social_post_already_shared":true,"jetpack_social_options":{"image_generator_settings":{"template":"highway","default_image_id":0,"font":"","enabled":false},"version":2}},"categories":[17],"tags":[765,977],"class_list":["post-29906","post","type-post","status-publish","format-standard","has-post-thumbnail","hentry","category-politica","tag-gobierno","tag-seguridad-vial"],"jetpack_publicize_connections":[],"jetpack_featured_media_url":"https:\/\/revistaepocadigital.com.ar\/wp-content\/uploads\/2025\/07\/md-1.jpg","jetpack_likes_enabled":true,"_links":{"self":[{"href":"https:\/\/revistaepocadigital.com.ar\/index.php?rest_route=\/wp\/v2\/posts\/29906","targetHints":{"allow":["GET"]}}],"collection":[{"href":"https:\/\/revistaepocadigital.com.ar\/index.php?rest_route=\/wp\/v2\/posts"}],"about":[{"href":"https:\/\/revistaepocadigital.com.ar\/index.php?rest_route=\/wp\/v2\/types\/post"}],"author":[{"embeddable":true,"href":"https:\/\/revistaepocadigital.com.ar\/index.php?rest_route=\/wp\/v2\/users\/3"}],"replies":[{"embeddable":true,"href":"https:\/\/revistaepocadigital.com.ar\/index.php?rest_route=%2Fwp%2Fv2%2Fcomments&post=29906"}],"version-history":[{"count":0,"href":"https:\/\/revistaepocadigital.com.ar\/index.php?rest_route=\/wp\/v2\/posts\/29906\/revisions"}],"wp:featuredmedia":[{"embeddable":true,"href":"https:\/\/revistaepocadigital.com.ar\/index.php?rest_route=\/wp\/v2\/media\/29976"}],"wp:attachment":[{"href":"https:\/\/revistaepocadigital.com.ar\/index.php?rest_route=%2Fwp%2Fv2%2Fmedia&parent=29906"}],"wp:term":[{"taxonomy":"category","embeddable":true,"href":"https:\/\/revistaepocadigital.com.ar\/index.php?rest_route=%2Fwp%2Fv2%2Fcategories&post=29906"},{"taxonomy":"post_tag","embeddable":true,"href":"https:\/\/revistaepocadigital.com.ar\/index.php?rest_route=%2Fwp%2Fv2%2Ftags&post=29906"}],"curies":[{"name":"wp","href":"https:\/\/api.w.org\/{rel}","templated":true}]}}