{"id":29946,"date":"2025-07-09T01:26:47","date_gmt":"2025-07-09T04:26:47","guid":{"rendered":"https:\/\/revistaepocadigital.com.ar\/?p=29946"},"modified":"2025-07-09T01:26:47","modified_gmt":"2025-07-09T04:26:47","slug":"en-el-hospital-de-capilla-mas-capacitados-para-luchar-contra-la-epoc","status":"publish","type":"post","link":"https:\/\/revistaepocadigital.com.ar\/?p=29946","title":{"rendered":"EN EL HOSPITAL DE CAPILLA, M\u00c1S CAPACITADOS PARA LUCHAR CONTRA LA EPOC"},"content":{"rendered":"<div class=\"x1lliihq\">\n<div class=\"\">\n<div class=\"\">\n<div class=\"x1yztbdb x1n2onr6 xh8yej3 x1ja2u2z\">\n<div class=\"x1n2onr6 x1ja2u2z\">\n<div class=\"x1a2a7pz\" aria-posinset=\"1\" aria-describedby=\"_R_2laqtana6daammjabiqapapd5aqH1_ _R_2laqtana6daammjabiqapapd5aqH2_ _R_2laqtana6daammjabiqapapd5aqH3_ _R_2laqtana6daammjabiqapapd5aqH5_ _R_2laqtana6daammjabiqapapd5aqH4_\" aria-labelledby=\"_R_lalatana6daammjabiqapapd5aq_\" data-focus=\"feed_story\">\n<div class=\"x78zum5 xdt5ytf\" data-virtualized=\"false\">\n<div class=\"x9f619 x1n2onr6 x1ja2u2z\">\n<div class=\"html-div xdj266r x14z9mp xat24cr x1lziwak xexx8yu xyri2b x18d9i69 x1c1uobl x78zum5 x1n2onr6 xh8yej3\">\n<div class=\"x1n2onr6 x1ja2u2z x1jx94hy xw5cjc7 x1dmpuos x1vsv7so xau1kf4 x9f619 xh8yej3 x6ikm8r x10wlt62 xquyuld\">\n<div class=\"html-div xdj266r x14z9mp xat24cr x1lziwak xexx8yu xyri2b x18d9i69 x1c1uobl\">\n<div class=\"html-div xdj266r x14z9mp xat24cr x1lziwak xexx8yu xyri2b x18d9i69 x1c1uobl\">\n<div class=\"html-div xdj266r x14z9mp xat24cr x1lziwak xexx8yu xyri2b x18d9i69 x1c1uobl\">\n<div class=\"x15mokao x1ga7v0g xde0f50 x15x8krk x6ikm8r x10wlt62\" data-visualcompletion=\"ignore-dynamic\">\n<div class=\"html-div xdj266r x14z9mp xat24cr x1lziwak xexx8yu xyri2b x18d9i69 x1c1uobl\">\n<div class=\"html-div xdj266r x14z9mp xat24cr x1lziwak xexx8yu xyri2b x18d9i69 x1c1uobl\">\n<div class=\"html-div xdj266r x14z9mp xat24cr x1lziwak xexx8yu xyri2b x18d9i69 x1n2onr6 x70ekce\">\n<div class=\"x1n2onr6 x135b78x x1iorvi4 x78zum5 x1q0g3np x1a2a7pz\" tabindex=\"-1\" role=\"article\" aria-label=\"Respuesta de Carlos Alberto Bruno al comentario de Juan Carlos Lloret hace 3 horas\">\n<div class=\"x1r8uery x1iyjqo2 x6ikm8r x10wlt62 xv54qhq\">\n<div class=\"xv55zj0 x1vvkbs x1rg5ohu xxymvpz\">\n<div class=\"xmjcpbm xrgxkkn x1cwviid xhd2hih xv2q8z8 x9f619 xzsf02u x1rg5ohu xdj266r x14z9mp xat24cr x1lziwak x193iq5w x1mzt3pk x1n2onr6 xeaf4i8 x13faqbe\">\n<div class=\"xwib8y2 xpdmqnj x1g0dm76 x1y1aw1k\">\n<div class=\"x1lliihq xjkvuk6 x1iorvi4\">\n<div class=\"xdj266r x14z9mp xat24cr x1lziwak x1vvkbs\">\n<div dir=\"auto\"><\/div>\n<\/div>\n<\/div>\n<\/div>\n<\/div>\n<\/div>\n<\/div>\n<\/div>\n<\/div>\n<\/div>\n<\/div>\n<\/div>\n<\/div>\n<\/div>\n<\/div>\n<\/div>\n<\/div>\n<\/div>\n<\/div>\n<\/div>\n<\/div>\n<\/div>\n<\/div>\n<\/div>\n<\/div>\n<div class=\"x1lliihq\">\n<div class=\"\">\n<div class=\"\">\n<div class=\"x1yztbdb x1n2onr6 xh8yej3 x1ja2u2z\">\n<div class=\"x1n2onr6 x1ja2u2z\">\n<div class=\"x1a2a7pz\" aria-posinset=\"2\" aria-describedby=\"_r_f_ _r_g_ _r_h_ _r_j_ _r_i_\" aria-labelledby=\"_r_e_\" data-focus=\"feed_story\">\n<div class=\"x78zum5 xdt5ytf\" data-virtualized=\"false\">\n<div class=\"x9f619 x1n2onr6 x1ja2u2z\">\n<div class=\"html-div xdj266r x14z9mp xat24cr x1lziwak xexx8yu xyri2b x18d9i69 x1c1uobl x78zum5 x1n2onr6 xh8yej3\">\n<div class=\"x1n2onr6 x1ja2u2z x1jx94hy xw5cjc7 x1dmpuos x1vsv7so xau1kf4 x9f619 xh8yej3 x6ikm8r x10wlt62 xquyuld\">\n<div class=\"html-div xdj266r x14z9mp xat24cr x1lziwak xexx8yu xyri2b x18d9i69 x1c1uobl\">\n<div class=\"html-div xdj266r x14z9mp xat24cr x1lziwak xexx8yu xyri2b x18d9i69 x1c1uobl\">\n<div class=\"html-div xdj266r x14z9mp xat24cr x1lziwak xexx8yu xyri2b x18d9i69 x1c1uobl\">\n<div class=\"html-div xdj266r x14z9mp xat24cr x1lziwak xexx8yu xyri2b x18d9i69 x1c1uobl\">\n<div class=\"html-div xdj266r x14z9mp x1lziwak x18d9i69 x1cy8zhl x78zum5 x1q0g3np xod5an3 xz9dl7a x1g0dm76 xpdmqnj\">\n<div class=\"html-div xdj266r x14z9mp xat24cr x1lziwak xexx8yu xyri2b x18d9i69 x1c1uobl x1iyjqo2 xeuugli\">\n<div class=\"x78zum5 xdt5ytf xz62fqu x16ldp7u\">\n<div class=\"xu06os2 x1ok221b\">\n<div id=\"_r_f_\" class=\"html-div xdj266r x14z9mp xat24cr x1lziwak xexx8yu xyri2b x18d9i69 x1c1uobl x1q0g3np\"><strong>\u00a0CAPACITACI\u00d3N PARA EL PERSONAL.(EPOC)<!--more--><\/strong><\/div>\n<div><\/div>\n<div class=\"html-div xdj266r x14z9mp xat24cr x1lziwak xexx8yu xyri2b x18d9i69 x1c1uobl x1q0g3np\">En el Hospital Municipal San Jos\u00e9 se vivi\u00f3 una jornada muy importante en el marco de la Campa\u00f1a Nacional EPOC Cero, reafirmando su compromiso con la salud respiratoria y la concientizaci\u00f3n sobre la Enfermedad Pulmonar Obstructiva Cr\u00f3nica (EPOC).<\/div>\n<\/div>\n<\/div>\n<\/div>\n<\/div>\n<\/div>\n<div class=\"html-div xdj266r x14z9mp xat24cr x1lziwak xexx8yu xyri2b x18d9i69 x1c1uobl\">\n<div class=\"html-div xdj266r x14z9mp xat24cr x1lziwak xexx8yu xyri2b x18d9i69 x1c1uobl\" dir=\"auto\">\n<div class=\"html-div xdj266r x14z9mp xat24cr x1lziwak xexx8yu xyri2b x18d9i69 x1c1uobl\" data-ad-rendering-role=\"story_message\">\n<div id=\"_r_g_\" class=\"x1l90r2v x1iorvi4 x1g0dm76 xpdmqnj\" data-ad-comet-preview=\"message\" data-ad-preview=\"message\">\n<div class=\"x78zum5 xdt5ytf xz62fqu x16ldp7u\">\n<div class=\"xu06os2 x1ok221b\">\n<div class=\"html-div xdj266r x14z9mp xat24cr x1lziwak xexx8yu xyri2b x18d9i69 x1c1uobl\">\n<div class=\"x14z9mp xat24cr x1lziwak x1vvkbs xtlvy1s x126k92a\">\n<div dir=\"auto\"><\/div>\n<div dir=\"auto\">Fue excelente la participaci\u00f3n de profesionales de la salud del hospital, y la charla estuvo a cargo de la Dra. Eugenia Franchi, neumon\u00f3loga del Hospital Universitario Austral y coordinadora de Asma Severo y Biol\u00f3gicos. La m\u00e9dica ofreci\u00f3 una disertaci\u00f3n clara y profunda sobre la importancia del diagn\u00f3stico precoz, la relaci\u00f3n entre coraz\u00f3n y pulm\u00f3n, y los beneficios de un tratamiento oportuno.<\/div>\n<\/div>\n<div class=\"x14z9mp xat24cr x1lziwak x1vvkbs xtlvy1s x126k92a\">\n<div dir=\"auto\"><\/div>\n<div dir=\"auto\">La Enfermedad Pulmonar Obstructiva Cr\u00f3nica (EPOC), es un desaf\u00edo de salud global. Es la tercera causa de muerte en el mundo y la cuarta causa principal de mortalidad o discapacidad.<\/div>\n<div dir=\"auto\"><\/div>\n<div dir=\"auto\">Desde el Hospital, se agradeci\u00f3 en especial,\u00a0 todos los que formaron parte de esta actividad y a la Dra. Franchi por su valiosa exposici\u00f3n.<\/div>\n<\/div>\n<div class=\"x14z9mp xat24cr x1lziwak x1vvkbs xtlvy1s x126k92a\">\n<div dir=\"auto\">Estas capacitaciones tienen como objetivo fortalecer nuestro servicio de salud para mejorar la calidad de atenci\u00f3n de nuestros vecinos en cuanto a la prevenci\u00f3n, diagn\u00f3stico y tratamiento de las enfermedades respiratorias cr\u00f3nicas; as\u00ed como disminuir la EPOC.<\/div>\n<\/div>\n<div class=\"x14z9mp xat24cr x1lziwak x1vvkbs xtlvy1s x126k92a\">\n<div dir=\"auto\"><\/div>\n<div dir=\"auto\">Adem\u00e1s, invitamos a toda la comunidad a conocer m\u00e1s sobre la iniciativa EPOC ZERO, un programa pensado para acompa\u00f1ar a quienes viven con esta enfermedad, se\u00f1alaron desde el Hospital.<\/div>\n<\/div>\n<\/div>\n<\/div>\n<\/div>\n<\/div>\n<\/div>\n<\/div>\n<\/div>\n<\/div>\n<\/div>\n<\/div>\n<\/div>\n<\/div>\n<\/div>\n<\/div>\n<\/div>\n<\/div>\n<\/div>\n<\/div>\n<\/div>\n<\/div>\n","protected":false},"excerpt":{"rendered":"<p>\u00a0CAPACITACI\u00d3N PARA EL PERSONAL.(EPOC)<\/p>\n","protected":false},"author":3,"featured_media":29947,"comment_status":"open","ping_status":"open","sticky":false,"template":"","format":"standard","meta":{"footnotes":"","jetpack_publicize_message":"","jetpack_publicize_feature_enabled":true,"jetpack_social_post_already_shared":true,"jetpack_social_options":{"image_generator_settings":{"template":"highway","default_image_id":0,"font":"","enabled":false},"version":2}},"categories":[13],"tags":[849,3217],"class_list":["post-29946","post","type-post","status-publish","format-standard","has-post-thumbnail","hentry","category-interes-general","tag-capacitacion","tag-epoc"],"jetpack_publicize_connections":[],"jetpack_featured_media_url":"https:\/\/revistaepocadigital.com.ar\/wp-content\/uploads\/2025\/07\/hosp.jpg","jetpack_likes_enabled":true,"_links":{"self":[{"href":"https:\/\/revistaepocadigital.com.ar\/index.php?rest_route=\/wp\/v2\/posts\/29946","targetHints":{"allow":["GET"]}}],"collection":[{"href":"https:\/\/revistaepocadigital.com.ar\/index.php?rest_route=\/wp\/v2\/posts"}],"about":[{"href":"https:\/\/revistaepocadigital.com.ar\/index.php?rest_route=\/wp\/v2\/types\/post"}],"author":[{"embeddable":true,"href":"https:\/\/revistaepocadigital.com.ar\/index.php?rest_route=\/wp\/v2\/users\/3"}],"replies":[{"embeddable":true,"href":"https:\/\/revistaepocadigital.com.ar\/index.php?rest_route=%2Fwp%2Fv2%2Fcomments&post=29946"}],"version-history":[{"count":0,"href":"https:\/\/revistaepocadigital.com.ar\/index.php?rest_route=\/wp\/v2\/posts\/29946\/revisions"}],"wp:featuredmedia":[{"embeddable":true,"href":"https:\/\/revistaepocadigital.com.ar\/index.php?rest_route=\/wp\/v2\/media\/29947"}],"wp:attachment":[{"href":"https:\/\/revistaepocadigital.com.ar\/index.php?rest_route=%2Fwp%2Fv2%2Fmedia&parent=29946"}],"wp:term":[{"taxonomy":"category","embeddable":true,"href":"https:\/\/revistaepocadigital.com.ar\/index.php?rest_route=%2Fwp%2Fv2%2Fcategories&post=29946"},{"taxonomy":"post_tag","embeddable":true,"href":"https:\/\/revistaepocadigital.com.ar\/index.php?rest_route=%2Fwp%2Fv2%2Ftags&post=29946"}],"curies":[{"name":"wp","href":"https:\/\/api.w.org\/{rel}","templated":true}]}}